{"id":86562,"date":"2020-05-24T15:07:28","date_gmt":"2020-05-24T19:07:28","guid":{"rendered":"https:\/\/linitiative.ca\/International\/tunisie-le-parquet-de-sousse-enquete-sur-un-incendie-volontaire-de-la-grande-mosquee-dal-kalaa-kobra\/"},"modified":"2020-05-24T15:07:28","modified_gmt":"2020-05-24T19:07:28","slug":"tunisie-le-parquet-de-sousse-enquete-sur-un-incendie-volontaire-de-la-grande-mosquee-dal-kalaa-kobra","status":"publish","type":"post","link":"https:\/\/linitiative.ca\/International\/tunisie-le-parquet-de-sousse-enquete-sur-un-incendie-volontaire-de-la-grande-mosquee-dal-kalaa-kobra\/","title":{"rendered":"Tunisie \u2013 Le parquet de Sousse enqu\u00eate sur un incendie volontaire de la grande mosqu\u00e9e d\u2019Al Kala\u00e2 kobra"},"content":{"rendered":"<div class=\"post-cont-in left relative\">\n<p>La porte-parole du tribunal de premi\u00e8re instance de Sousse II a annonc\u00e9 l\u2019ouverture par le parquet d\u2019une enqu\u00eate pour \u00e9claircir les motivations qui ont pouss\u00e9 un individu souffrant de troubles psychologiques \u00e0 mettre le feu \u00e0 la grande mosqu\u00e9e d\u2019Al Kala\u00e2 kobra.<\/p>\n<div class=\"code-block code-block-1 c3\"><ins class=\"adsbygoogle c2\" data-ad-layout=\"in-article\" data-ad-format=\"fluid\" data-ad-client=\"ca-pub-2102118777505746\" data-ad-slot=\"7301775417\"\/> <\/div>\n<p>L\u2019homme en question a d\u00e9vers\u00e9, la nuit derni\u00e8re, de l\u2019essence au niveau de l\u2019entr\u00e9e de la mosqu\u00e9e et y a mis le feu.<\/p>\n<p>Le feu a \u00e9t\u00e9 circonscris avant de s\u2019\u00e9tendre plus \u00e0 l\u2019int\u00e9rieur du b\u00e2timent. Le suspect a \u00e9t\u00e9 pr\u00e9sent\u00e9 aux m\u00e9decins experts psychologiques pour d\u00e9terminer le degr\u00e9 de sa responsabilit\u00e9 p\u00e9nale.<\/p>\n<div class=\"swp_social_panel swp_horizontal_panel swp_flat_fresh swp_default_full_color swp_individual_full_color swp_other_full_color scale-100 scale-\" data-min-width=\"1100\" data-float-color=\"#ffffff\" data-float=\"bottom\" data-float-mobile=\"bottom\" data-transition=\"slide\">\n<div class=\"nc_tweetContainer swp_share_button total_shares total_sharesalt\"><span class=\"swp_count\">5 <span class=\"swp_label\">Partages<\/span><\/span><\/div>\n<\/div>\n<p><strong>Que se passe-t-il en Tunisie?<\/strong><br \/>Nous expliquons sur notre <a href=\"https:\/\/www.youtube.com\/channel\/UCRzypVq0B_yBad5eGrwBx0Q?sub_confirmation=1\" target=\"_blank\" rel=\"noopener noreferrer\">cha\u00eene YouTube<\/a> . <a href=\"https:\/\/www.youtube.com\/channel\/UCRzypVq0B_yBad5eGrwBx0Q?sub_confirmation=1\" target=\"_blank\" rel=\"noopener noreferrer\">Abonnez-vous!<\/a><\/p>\n<div class=\"mvp-org-wrap mvp-org-logo\" itemprop=\"publisher\" itemscope=\"\" itemtype=\"https:\/\/schema.org\/Organization\"><img decoding=\"async\" src=\"https:\/\/www.tunisienumerique.com\/wp-content\/uploads\/2017\/02\/logo_tunisie_numerique.png\"\/><\/div>\n<div class=\"mvp-related-posts left relative\">\n<h4 class=\"post-header\"><span class=\"post-header\">Lire aussi<\/span><\/h4>\n<\/div>\n<div id=\"article-ad\"><ins class=\"adsbygoogle c4\" data-ad-client=\"ca-pub-2102118777505746\" data-ad-slot=\"6513972734\" data-ad-format=\"auto\" data-full-width-responsive=\"true\"\/> <\/div>\n<\/div>\n<div id=\"post-sidebar-wrap\"><ins class=\"adsbygoogle c4\" data-ad-client=\"ca-pub-2102118777505746\" data-ad-slot=\"6168283410\" data-ad-format=\"auto\" data-full-width-responsive=\"true\"\/> <\/div>\n<p>Auteur: LM<br \/>\n<a href=\"https:\/\/www.tunisienumerique.com\/tunisie-le-parquet-de-sousse-enquete-sur-un-incendie-volontaire-de-la-grande-mosquee-dal-kalaa-kobra\/\">Cliquez ici pour lire l&rsquo;article depuis sa source.<\/a><\/p>\n","protected":false},"excerpt":{"rendered":"<p>La porte-parole du tribunal de premi\u00e8re instance de Sousse II a annonc\u00e9 l\u2019ouverture par le parquet d\u2019une enqu\u00eate pour \u00e9claircir les motivations qui ont pouss\u00e9 un individu souffrant de troubles psychologiques \u00e0 mettre le feu \u00e0 la grande mosqu\u00e9e d\u2019Al Kala\u00e2 kobra. L\u2019homme en question a d\u00e9vers\u00e9, la nuit derni\u00e8re, de l\u2019essence au niveau de [&hellip;]<\/p>\n","protected":false},"author":1789,"featured_media":86563,"comment_status":"closed","ping_status":"closed","sticky":false,"template":"","format":"standard","meta":{"fifu_image_url":"","fifu_image_alt":"","footnotes":""},"categories":[73,55],"tags":[],"class_list":["post-86562","post","type-post","status-publish","format-standard","has-post-thumbnail","hentry","category-actualite","category-tunisie"],"_links":{"self":[{"href":"https:\/\/linitiative.ca\/International\/wp-json\/wp\/v2\/posts\/86562","targetHints":{"allow":["GET"]}}],"collection":[{"href":"https:\/\/linitiative.ca\/International\/wp-json\/wp\/v2\/posts"}],"about":[{"href":"https:\/\/linitiative.ca\/International\/wp-json\/wp\/v2\/types\/post"}],"author":[{"embeddable":true,"href":"https:\/\/linitiative.ca\/International\/wp-json\/wp\/v2\/users\/1789"}],"replies":[{"embeddable":true,"href":"https:\/\/linitiative.ca\/International\/wp-json\/wp\/v2\/comments?post=86562"}],"version-history":[{"count":0,"href":"https:\/\/linitiative.ca\/International\/wp-json\/wp\/v2\/posts\/86562\/revisions"}],"wp:featuredmedia":[{"embeddable":true,"href":"https:\/\/linitiative.ca\/International\/wp-json\/"}],"wp:attachment":[{"href":"https:\/\/linitiative.ca\/International\/wp-json\/wp\/v2\/media?parent=86562"}],"wp:term":[{"taxonomy":"category","embeddable":true,"href":"https:\/\/linitiative.ca\/International\/wp-json\/wp\/v2\/categories?post=86562"},{"taxonomy":"post_tag","embeddable":true,"href":"https:\/\/linitiative.ca\/International\/wp-json\/wp\/v2\/tags?post=86562"}],"curies":[{"name":"wp","href":"https:\/\/api.w.org\/{rel}","templated":true}]}}