{"id":86564,"date":"2020-05-24T15:19:12","date_gmt":"2020-05-24T19:19:12","guid":{"rendered":"https:\/\/linitiative.ca\/International\/tunisie-mechichi-appelle-les-securitaires-a-faire-preuve-de-la-plus-haute-vigilance\/"},"modified":"2020-05-24T15:19:12","modified_gmt":"2020-05-24T19:19:12","slug":"tunisie-mechichi-appelle-les-securitaires-a-faire-preuve-de-la-plus-haute-vigilance","status":"publish","type":"post","link":"https:\/\/linitiative.ca\/International\/tunisie-mechichi-appelle-les-securitaires-a-faire-preuve-de-la-plus-haute-vigilance\/","title":{"rendered":"Tunisie \u2013 Mechichi appelle les s\u00e9curitaires \u00e0 faire preuve de la plus haute vigilance"},"content":{"rendered":"<div class=\"post-cont-in left relative\">\n<p>Le ministre de l\u2019Int\u00e9rieur, Hichem Mechichi a rendu visite, ce dimanche matin, \u00e0 plusieurs unit\u00e9s s\u00e9curitaires du grand Tunis et s\u2019est entretenu avec les cadres et agents de ces unit\u00e9s, en leur pr\u00e9sentant ses v\u0153ux pour l\u2019A\u00efd.<\/p>\n<div class=\"code-block code-block-1 c3\"><ins class=\"adsbygoogle c2\" data-ad-layout=\"in-article\" data-ad-format=\"fluid\" data-ad-client=\"ca-pub-2102118777505746\" data-ad-slot=\"7301775417\"\/> <\/div>\n<p>Le ministre a, par la suite, fait une tourn\u00e9e d\u2019inspection sur l\u2019avenue Habib Bourguiba, avant de se diriger vers la salle centrale des op\u00e9rations au sein du minist\u00e8re de l\u2019Int\u00e9rieur o\u00f9 il a inspect\u00e9 la situation s\u00e9curitaire g\u00e9n\u00e9rale dans les diff\u00e9rentes r\u00e9gions du pays.<\/p>\n<p>Mechichi a appel\u00e9 les agents, \u00e0 cette occasion \u00e0 faire preuve du plus haut degr\u00e9 de vigilance pour assurer la s\u00e9curit\u00e9 des personnes et des biens, \u00e0 l\u2019occasion des f\u00eates de l\u2019A\u00efd.<\/p>\n<div class=\"swp_social_panel swp_horizontal_panel swp_flat_fresh swp_default_full_color swp_individual_full_color swp_other_full_color scale-100 scale-\" data-min-width=\"1100\" data-float-color=\"#ffffff\" data-float=\"bottom\" data-float-mobile=\"bottom\" data-transition=\"slide\">\n<div class=\"nc_tweetContainer swp_share_button total_shares total_sharesalt\"><span class=\"swp_count\">4 <span class=\"swp_label\">Partages<\/span><\/span><\/div>\n<\/div>\n<p><strong>Que se passe-t-il en Tunisie?<\/strong><br \/>Nous expliquons sur notre <a href=\"https:\/\/www.youtube.com\/channel\/UCRzypVq0B_yBad5eGrwBx0Q?sub_confirmation=1\" target=\"_blank\" rel=\"noopener noreferrer\">cha\u00eene YouTube<\/a> . <a href=\"https:\/\/www.youtube.com\/channel\/UCRzypVq0B_yBad5eGrwBx0Q?sub_confirmation=1\" target=\"_blank\" rel=\"noopener noreferrer\">Abonnez-vous!<\/a><\/p>\n<div class=\"mvp-org-wrap mvp-org-logo\" itemprop=\"publisher\" itemscope=\"\" itemtype=\"https:\/\/schema.org\/Organization\"><img decoding=\"async\" src=\"https:\/\/www.tunisienumerique.com\/wp-content\/uploads\/2017\/02\/logo_tunisie_numerique.png\"\/><\/div>\n<div class=\"mvp-related-posts left relative\">\n<h4 class=\"post-header\"><span class=\"post-header\">Lire aussi<\/span><\/h4>\n<\/div>\n<div id=\"article-ad\"><ins class=\"adsbygoogle c4\" data-ad-client=\"ca-pub-2102118777505746\" data-ad-slot=\"6513972734\" data-ad-format=\"auto\" data-full-width-responsive=\"true\"\/> <\/div>\n<\/div>\n<div id=\"post-sidebar-wrap\"><ins class=\"adsbygoogle c4\" data-ad-client=\"ca-pub-2102118777505746\" data-ad-slot=\"6168283410\" data-ad-format=\"auto\" data-full-width-responsive=\"true\"\/> <\/div>\n<p>Auteur: LM<br \/>\n<a href=\"https:\/\/www.tunisienumerique.com\/tunisie-mechichi-appelle-les-securitaires-a-faire-preuve-de-la-plus-haute-vigilance\/\">Cliquez ici pour lire l&rsquo;article depuis sa source.<\/a><\/p>\n","protected":false},"excerpt":{"rendered":"<p>Le ministre de l\u2019Int\u00e9rieur, Hichem Mechichi a rendu visite, ce dimanche matin, \u00e0 plusieurs unit\u00e9s s\u00e9curitaires du grand Tunis et s\u2019est entretenu avec les cadres et agents de ces unit\u00e9s, en leur pr\u00e9sentant ses v\u0153ux pour l\u2019A\u00efd. Le ministre a, par la suite, fait une tourn\u00e9e d\u2019inspection sur l\u2019avenue Habib Bourguiba, avant de se diriger [&hellip;]<\/p>\n","protected":false},"author":1789,"featured_media":86565,"comment_status":"closed","ping_status":"closed","sticky":false,"template":"","format":"standard","meta":{"fifu_image_url":"","fifu_image_alt":"","footnotes":""},"categories":[73,55],"tags":[],"class_list":["post-86564","post","type-post","status-publish","format-standard","has-post-thumbnail","hentry","category-actualite","category-tunisie"],"_links":{"self":[{"href":"https:\/\/linitiative.ca\/International\/wp-json\/wp\/v2\/posts\/86564","targetHints":{"allow":["GET"]}}],"collection":[{"href":"https:\/\/linitiative.ca\/International\/wp-json\/wp\/v2\/posts"}],"about":[{"href":"https:\/\/linitiative.ca\/International\/wp-json\/wp\/v2\/types\/post"}],"author":[{"embeddable":true,"href":"https:\/\/linitiative.ca\/International\/wp-json\/wp\/v2\/users\/1789"}],"replies":[{"embeddable":true,"href":"https:\/\/linitiative.ca\/International\/wp-json\/wp\/v2\/comments?post=86564"}],"version-history":[{"count":0,"href":"https:\/\/linitiative.ca\/International\/wp-json\/wp\/v2\/posts\/86564\/revisions"}],"wp:featuredmedia":[{"embeddable":true,"href":"https:\/\/linitiative.ca\/International\/wp-json\/"}],"wp:attachment":[{"href":"https:\/\/linitiative.ca\/International\/wp-json\/wp\/v2\/media?parent=86564"}],"wp:term":[{"taxonomy":"category","embeddable":true,"href":"https:\/\/linitiative.ca\/International\/wp-json\/wp\/v2\/categories?post=86564"},{"taxonomy":"post_tag","embeddable":true,"href":"https:\/\/linitiative.ca\/International\/wp-json\/wp\/v2\/tags?post=86564"}],"curies":[{"name":"wp","href":"https:\/\/api.w.org\/{rel}","templated":true}]}}