{"id":86572,"date":"2020-05-24T06:52:53","date_gmt":"2020-05-24T10:52:53","guid":{"rendered":"https:\/\/linitiative.ca\/International\/journee-mondiale-de-lafrique-2020uba-burkina-sera-au-coeur-de-levenement-via-le-canal-digital\/"},"modified":"2020-05-24T06:52:53","modified_gmt":"2020-05-24T10:52:53","slug":"journee-mondiale-de-lafrique-2020uba-burkina-sera-au-coeur-de-levenement-via-le-canal-digital","status":"publish","type":"post","link":"https:\/\/linitiative.ca\/International\/journee-mondiale-de-lafrique-2020uba-burkina-sera-au-coeur-de-levenement-via-le-canal-digital\/","title":{"rendered":"JOURNEE MONDIALE DE L\u2019AFRIQUE 2020:UBA Burkina sera au c\u0153ur de l\u2019\u00e9v\u00e9nement via le canal digital."},"content":{"rendered":"<div class=\"stream-item stream-item-above-post-content\">\n<p><noscript><\/p>\n<p><a href=\"\/\/www3.smartadserver.com\/ac?jump=1&amp;nwid=2136&amp;siteid=240610&amp;pgname=rg&amp;fmtid=49046&amp;visit=m&amp;tmstp=[timestamp]&amp;out=nonrich\" target=\"_blank\" rel=\"noopener noreferrer\"><img decoding=\"async\" src=\"http:\/\/www3.smartadserver.com\/ac?out=nonrich&amp;nwid=2136&amp;siteid=240610&amp;pgname=rg&amp;fmtid=49046&amp;visit=m&amp;tmstp=[timestamp]\" border=\"0\" alt=\"\"\/><\/a><\/p>\n<p><\/noscript><\/div>\n<p dir=\"ltr\" class=\"c3\">Comme \u00e0 l\u2019accoutum\u00e9, chaque 25 mai est c\u00e9l\u00e9br\u00e9e la Journ\u00e9e Mondiale de l\u2019Afrique.\u00a0 La banque UBA Burkina sera au c\u0153ur de l\u2019\u00e9v\u00e9nement via le canal digital.<\/p>\n<p dir=\"ltr\" class=\"c3\">Cette ann\u00e9e, \u00e0 l\u2019instar des ann\u00e9es pr\u00e9c\u00e9dentes, UBA Burkina ainsi que toutes les autres filiales du groupe UBA, seront au c\u0153ur de l\u2019\u00e9v\u00e9nement. Ils ne sauront d\u00e9roger \u00e0 la r\u00e8gle. Toutefois, du fait de la pand\u00e9mie de la COVID19 qui s\u00e9vit \u00e0 travers le monde, UBA, la banque panafricaine r\u00e9solument tourn\u00e9e vers le digital, qui avait d\u00e9j\u00e0 tenu l\u2019\u00e9dition de mars de son rassemblement sportif trimestriel d\u00e9nomm\u00e9 \u00ab Jogging to bond \u00bb en ligne, envisage de c\u00e9l\u00e9brer cette journ\u00e9e mondiale consacr\u00e9e \u00e0 notre continent via le canal digital.<br \/>L\u2019av\u00e8nement de cette pand\u00e9mie qui est venue changer radicalement les habitudes quotidiennes, n\u2019a pas vraiment affect\u00e9 le fonctionnement de cette banque avant-gardiste.<\/p>\n<p dir=\"ltr\" class=\"c3\">En effet, UBA \u00e9voluait d\u00e9j\u00e0 dans la pr\u00e9vention parce que ses solutions digitales simples et efficaces, r\u00e9pondaient d\u00e9j\u00e0 \u00e0 la question de distanciation sociale qui fait partie des gestes barri\u00e8res pour stopper la propagation de cette pand\u00e9mie.<\/p>\n<p dir=\"ltr\" class=\"c3\">Dans le contexte actuel et pour marquer le coup lors de cette c\u00e9l\u00e9bration de 2020, la banque propose \u00e0 l\u2019attention de ses clients, de ses employ\u00e9s et des Africains dans leur ensemble, une grande conf\u00e9rence sur les politiques int\u00e9rieures, le d\u00e9veloppement r\u00e9gional et l\u2019agenda international dont le th\u00e8me sera : \u00ab Les Objectifs mondiaux pour le D\u00e9veloppement Durable et le d\u00e9veloppement africain \u00e0 la crois\u00e9e des chemins \u00bb.<\/p>\n<p dir=\"ltr\" class=\"c3\">Deux panels de haut niveau seront organis\u00e9s autour de ce th\u00e8me dont le premier sera anim\u00e9 entre autres par le Dr Nalishebo Meebelo (Coordinateur principal au Secr\u00e9tariat de la Nouvelle Alliance pour la s\u00e9curit\u00e9 alimentaire et la nutrition, Commission de l\u2019Union africaine), Roland Kwemain, Pr\u00e9sident, Go Ahead Africa Ltd), Tolu Ogunlesi , Conseiller sp\u00e9cial du Pr\u00e9sident nig\u00e9rian sur les nouveaux m\u00e9dias et les m\u00e9dias num\u00e9riques, Sobel Aziz Ngom, Fondateur et directeur ex\u00e9cutif Social Change Factory.<br \/>Le second panel qui, lui d\u00e9butera, \u00e0 15h15 et aura pour mod\u00e9rateur Tony Elumelu, PCA du groupe UBA et pour pan\u00e9listes M. Amir Ben Yahmed, Pr\u00e9sident et fondateur de l\u2019Africa CEO Forum, le Professeur Benedict Oramah, PCA de la Banque Africaine de l\u2019import-export AFREXIMBANK) et\u00a0 Son Excellence George Weah, Pr\u00e9sident de la R\u00e9publique du Liberia.<br \/>L\u2019\u00e9v\u00e9nement sera diffus\u00e9 en direct sur les flux YouTube et Facebook de la Banque et le public invit\u00e9 \u00e0 prendre part \u00e0 la discussion.<\/p>\n<p dir=\"ltr\"><img loading=\"lazy\" decoding=\"async\" class=\"aligncenter wp-image-69015 size-large\" src=\"http:\/\/lepays.bf\/wp-content\/uploads\/2020\/05\/IMG-20200523-WA0000-1024x929.jpg\" alt=\"\" width=\"1024\" height=\"929\" srcset=\"http:\/\/lepays.bf\/wp-content\/uploads\/2020\/05\/IMG-20200523-WA0000-1024x929.jpg 1024w, http:\/\/lepays.bf\/wp-content\/uploads\/2020\/05\/IMG-20200523-WA0000-300x272.jpg 300w, http:\/\/lepays.bf\/wp-content\/uploads\/2020\/05\/IMG-20200523-WA0000-768x697.jpg 768w, http:\/\/lepays.bf\/wp-content\/uploads\/2020\/05\/IMG-20200523-WA0000.jpg 1080w\" sizes=\"auto, (max-width: 1024px) 100vw, 1024px\"\/><\/p>\n<p dir=\"ltr\" class=\"c3\"><strong>L\u2019\u00e9v\u00e9nement sera diffus\u00e9 en direct sur les flux YouTube et Facebook de la Banque et le public est invit\u00e9 \u00e0 prendre part \u00e0 la discussion en s\u2019inscrivant sur<\/strong> <a href=\"https:\/\/www.google.com\/url?q=https%3A%2F%2Fbit.ly%2FUBAConversations&amp;sa=D&amp;sntz=1&amp;usg=AFQjCNHCIImc7-uX9TdjRu1IgN-X2M5WZw\" target=\"_blank\" rel=\"noopener noreferrer\" data-saferedirecturl=\"https:\/\/www.google.com\/url?hl=fr&amp;q=https:\/\/www.google.com\/url?q%3Dhttps%253A%252F%252Fbit.ly%252FUBAConversations%26sa%3DD%26sntz%3D1%26usg%3DAFQjCNHCIImc7-uX9TdjRu1IgN-X2M5WZw&amp;source=gmail&amp;ust=1590402307669000&amp;usg=AFQjCNHY5ippnKcHcWy479flFgyPNJDPLw\">https:\/\/bit.ly\/ UBAConversations<\/a><\/p>\n<p dir=\"ltr\" class=\"c3\">Afin de rendre cet \u00e9v\u00e8nement encore plus m\u00e9morable, les employ\u00e9s de la banque ont \u00e9t\u00e9 invit\u00e9s \u00e0 participer \u00e0 un concours interne \u00e0 l\u2019\u00e9chelle du Groupe, au cours duquel seront r\u00e9compens\u00e9s ceux qui auront fait une photo d\u2019eux v\u00eatus de leurs plus beaux v\u00eatements traditionnels assortis d\u2019un masque facial contre le Covid et qui obtiendront le plus de commentaires positifs du public ; avec \u00e0 la clef un prix de 1 000 $ pour la 1ere position.<\/p>\n<p dir=\"ltr\" class=\"c3\"><strong>A propos de United Bank For Africa<\/strong>.<\/p>\n<p dir=\"ltr\" class=\"c3\">United Bank for Africa est l\u2019une des principales banques africaines avec des op\u00e9rations dans 20 pays africains et une pr\u00e9sence dans les centres financiers mondiaux : New York, Londres et Paris. La vision du Groupe UBA est celle d\u2019\u00eatre l\u2019institution incontest\u00e9e de services financiers en Afrique, un mod\u00e8le pour les entreprises africaines en cr\u00e9ant une valeur sup\u00e9rieure pour toutes ses parties prenantes, en respectant les normes professionnelles et \u00e9thiques les plus \u00e9lev\u00e9es et en construisant une institution p\u00e9renne.<\/p>\n<p>Auteur: Le Pays<br \/>\n<a href=\"http:\/\/lepays.bf\/journee-mondiale-de-lafrique-2020uba-burkina-sera-au-coeur-de-levenement-via-le-canal-digital\/\">Cliquez ici pour lire l&rsquo;article depuis sa source.<\/a><\/p>\n","protected":false},"excerpt":{"rendered":"<p>Comme \u00e0 l\u2019accoutum\u00e9, chaque 25 mai est c\u00e9l\u00e9br\u00e9e la Journ\u00e9e Mondiale de l\u2019Afrique.\u00a0 La banque UBA Burkina sera au c\u0153ur de l\u2019\u00e9v\u00e9nement via le canal digital. Cette ann\u00e9e, \u00e0 l\u2019instar des ann\u00e9es pr\u00e9c\u00e9dentes, UBA Burkina ainsi que toutes les autres filiales du groupe UBA, seront au c\u0153ur de l\u2019\u00e9v\u00e9nement. Ils ne sauront d\u00e9roger \u00e0 la [&hellip;]<\/p>\n","protected":false},"author":1813,"featured_media":0,"comment_status":"closed","ping_status":"closed","sticky":false,"template":"","format":"standard","meta":{"fifu_image_url":"","fifu_image_alt":"","footnotes":""},"categories":[73,81],"tags":[],"class_list":["post-86572","post","type-post","status-publish","format-standard","hentry","category-actualite","category-burkina-faso"],"_links":{"self":[{"href":"https:\/\/linitiative.ca\/International\/wp-json\/wp\/v2\/posts\/86572","targetHints":{"allow":["GET"]}}],"collection":[{"href":"https:\/\/linitiative.ca\/International\/wp-json\/wp\/v2\/posts"}],"about":[{"href":"https:\/\/linitiative.ca\/International\/wp-json\/wp\/v2\/types\/post"}],"author":[{"embeddable":true,"href":"https:\/\/linitiative.ca\/International\/wp-json\/wp\/v2\/users\/1813"}],"replies":[{"embeddable":true,"href":"https:\/\/linitiative.ca\/International\/wp-json\/wp\/v2\/comments?post=86572"}],"version-history":[{"count":0,"href":"https:\/\/linitiative.ca\/International\/wp-json\/wp\/v2\/posts\/86572\/revisions"}],"wp:attachment":[{"href":"https:\/\/linitiative.ca\/International\/wp-json\/wp\/v2\/media?parent=86572"}],"wp:term":[{"taxonomy":"category","embeddable":true,"href":"https:\/\/linitiative.ca\/International\/wp-json\/wp\/v2\/categories?post=86572"},{"taxonomy":"post_tag","embeddable":true,"href":"https:\/\/linitiative.ca\/International\/wp-json\/wp\/v2\/tags?post=86572"}],"curies":[{"name":"wp","href":"https:\/\/api.w.org\/{rel}","templated":true}]}}