{"id":86573,"date":"2020-05-24T15:44:21","date_gmt":"2020-05-24T19:44:21","guid":{"rendered":"https:\/\/linitiative.ca\/International\/ramadan-2020\/"},"modified":"2020-05-24T15:44:21","modified_gmt":"2020-05-24T19:44:21","slug":"ramadan-2020","status":"publish","type":"post","link":"https:\/\/linitiative.ca\/International\/ramadan-2020\/","title":{"rendered":"RAMADAN 2020"},"content":{"rendered":"<div class=\"stream-item stream-item-above-post-content\">\n<p><noscript><\/p>\n<p><a href=\"\/\/www3.smartadserver.com\/ac?jump=1&amp;nwid=2136&amp;siteid=240610&amp;pgname=rg&amp;fmtid=49046&amp;visit=m&amp;tmstp=[timestamp]&amp;out=nonrich\" target=\"_blank\" rel=\"noopener noreferrer\"><img decoding=\"async\" src=\"http:\/\/www3.smartadserver.com\/ac?out=nonrich&amp;nwid=2136&amp;siteid=240610&amp;pgname=rg&amp;fmtid=49046&amp;visit=m&amp;tmstp=[timestamp]\" border=\"0\" alt=\"\"\/><\/a><\/p>\n<p><\/noscript><\/div>\n<p class=\"c3\"><em>Apr\u00e8s un mois de je\u00fbne et de privations, c\u2019est un Ramadan bien sp\u00e9cial que les fid\u00e8les musulmans du Burkina Faso, ont v\u00e9cu hier dimanche\u00a0 \u00e0 l\u2019occasion de la c\u00e9l\u00e9bration de l\u2019A\u00efd el Fitr en pleine pand\u00e9mie du coronavirus. En effet, s\u2019il s\u2019entend bien que la Covid-19 n\u2019a entam\u00e9 en rien la ferveur spirituelle des croyants, reste que le volet social qui compte aussi pour beaucoup dans la beaut\u00e9 et la r\u00e9ussite de cette f\u00eate du partage et de la convivialit\u00e9, en a pris un s\u00e9rieux coup voire a r\u00e9duit consid\u00e9rablement la saveur, \u00e0 cause des mesures de distanciation sociale toujours en vigueur, malgr\u00e9 leur grand all\u00e8gement. D\u00e9j\u00e0, la r\u00e9ouverture des lieux de culte est, pour beaucoup, un satisfecit qui a permis de perp\u00e9tuer la tradition de la c\u00e9l\u00e9bration communautaire de cette f\u00eate. De ce fait, beaucoup de fid\u00e8les musulmans n\u2019ont pas \u00a0manqu\u00e9 de faire le d\u00e9placement des lieux de pri\u00e8res, comme il est de coutume lors de telles c\u00e9l\u00e9brations religieuses. Mais, coronavirus oblige, les leaders religieux ont \u00e9dict\u00e9 des mesures pr\u00e9ventives qui vont du port du cache-nez, \u00e0 l\u2019utilisation de tapis individuels de pri\u00e8re en passant, entre autres, par le lavage des mains ou l\u2019utilisation de gel ou de solution hydro-alcoolique sur les lieux de pri\u00e8re, sans oublier la prise des ablutions \u00e0 domicile.<\/em><\/p>\n<p class=\"c3\"><em><strong>L\u2019ombre du virus mortel a plan\u00e9 sur les traditionnelles visites de familles apr\u00e8s la pri\u00e8re, le partage de repas en groupe et les r\u00e9jouissances populaires<\/strong><\/em><\/p>\n<p class=\"c3\"><em>Des mesures \u00e0 saluer et qui, il faut bien dire, ont \u00e9t\u00e9 plus ou moins respect\u00e9es par les fid\u00e8les musulmans. Car, malgr\u00e9 l\u2019infl\u00e9chissement des chiffres officiels de la maladie \u00e0 la baisse, le danger n\u2019est pas encore totalement \u00e9cart\u00e9. En rappel, \u00e0 la date du 21 mai, les derniers chiffres affichaient au total 812 cas d\u2019infections dont 669 gu\u00e9risons et 52 d\u00e9c\u00e8s, pour 91 cas actifs encore sous traitement. Et depuis quelques jours, les nouveaux cas de contamination int\u00e9rieure ont fortement baiss\u00e9. Ils tournent en moyenne autour de 5 par jour, descendant m\u00eame jusqu\u2019\u00e0 0, le 18 mai dernier. Par contre, on note une forte pr\u00e9\u00e9minence des cas import\u00e9s. C\u2019est dire si la c\u00e9l\u00e9bration de ce Ramadan 2020 dans un contexte d\u2019assouplissement des mesures contre la propagation du virus, est un d\u00e9fi pour l\u2019ensemble des Burkinab\u00e8, pour ne pas donner un second souffle \u00e0 la Covid-19. Car, si elle est loin d\u2019\u00eatre totalement contr\u00f4l\u00e9e ou ma\u00eetris\u00e9e, elle semble tout de m\u00eame assez bien contenue au point d\u2019avoir permis la reprise de bien des activit\u00e9s comme les transports, la r\u00e9ouverture des commerces, des d\u00e9bits de boisson, etc. Dans tous les cas, ce Ramadan 2020 aura \u00e9t\u00e9 un Ramadan pas comme les autres. Car, malgr\u00e9 les comportements de certaines populations, qui frisent l\u2019incr\u00e9dulit\u00e9, la psychose est toujours l\u00e0 et beaucoup de Burkinab\u00e8 restent encore tr\u00e8s m\u00e9fiants vis-\u00e0-vis de cette maladie qui continue de faire des ravages dans le monde. C\u2019est dire si en ce Ramadan 2020, l\u2019ombre du virus mortel a plan\u00e9 sur les traditionnelles visites de familles apr\u00e8s la pri\u00e8re, le partage de repas en groupe et les r\u00e9jouissances populaires qui accompagnent g\u00e9n\u00e9ralement les f\u00eates religieuses au pays des Hommes int\u00e8gres. Si l\u2019on ajoute \u00e0 cela le marasme \u00e9conomique cr\u00e9\u00e9 par cette crise sanitaire mondiale, l\u2019on est en droit de se demander si en dehors du volet spirituel, cette c\u00e9l\u00e9bration de l\u2019A\u00efd el Fitr n\u2019a pas \u00e9t\u00e9 une f\u00eate a minima.<\/em><\/p>\n<p class=\"c3\"><em><strong>Le Ramadan de cette ann\u00e9e, aura \u00e9t\u00e9 celui de la sobri\u00e9t\u00e9<\/strong><\/em><\/p>\n<p class=\"c3\"><em>D\u2019autant qu\u2019avec l\u2019assouplissement des mesures, l\u2019on assiste \u00e0 une reprise timide de l\u2019activit\u00e9 \u00e9conomique qui avait connu un coup d\u2019arr\u00eat avec la fermeture des march\u00e9s et la suspension de bien des activit\u00e9s. Et l\u2019on se demande, m\u00eame si la volont\u00e9 y \u00e9tait, si la bourse de bien des Burkinab\u00e8 leur a permis de f\u00eater comme il se devait. Autant dire qu\u2019avec la crise sanitaire du Covid-19 qui est venue en rajouter \u00e0 la gal\u00e8re des populations, le Ramadan de cette ann\u00e9e, aura \u00e9t\u00e9 celui de la sobri\u00e9t\u00e9 voire de l\u2019aust\u00e9rit\u00e9, loin de la bombance et des r\u00e9jouissances populaires habituelles o\u00f9 certains Burkinab\u00e8 ont pris l\u2019habitude de continuer la f\u00eate jusque tard dans la nuit. Mais dans cette grisaille, ceux qui auront eu plus ou moins le sourire aux l\u00e8vres, ce sont les fonctionnaires dont le viim koega* est d\u00e9j\u00e0 tomb\u00e9. Par ces temps de coronavirus et de d\u00e9confinement calcul\u00e9, cela peut valoir son pesant de tour au bistrot pour d\u00e9compresser. En tout \u00e9tat de cause, coronavirus ou pas, les musulmans et les chr\u00e9tiens du Burkina sont connus pour leur propension \u00e0 c\u00e9l\u00e9brer dans la convivialit\u00e9 et le partage, les f\u00eates religieuses sans distinction de foi. Cette ann\u00e9e encore et malgr\u00e9 le contexte sanitaire, l\u2019on peut dire que la tradition a \u00e9t\u00e9 \u00a0respect\u00e9e.<\/em><\/p>\n<p class=\"c3\"><em><strong>\u00a0Le Pays\u00a0\u00bb<\/strong><\/em><\/p>\n<p class=\"c3\"><em><strong>*Viim koega\u00a0: expression en moor\u00e9 pour faire allusion au salaire.<\/strong><\/em><\/p>\n<p>Auteur: Le Pays<br \/>\n<a href=\"http:\/\/lepays.bf\/ramadan-2020-2\/\">Cliquez ici pour lire l&rsquo;article depuis sa source.<\/a><\/p>\n","protected":false},"excerpt":{"rendered":"<p>Apr\u00e8s un mois de je\u00fbne et de privations, c\u2019est un Ramadan bien sp\u00e9cial que les fid\u00e8les musulmans du Burkina Faso, ont v\u00e9cu hier dimanche\u00a0 \u00e0 l\u2019occasion de la c\u00e9l\u00e9bration de l\u2019A\u00efd el Fitr en pleine pand\u00e9mie du coronavirus. En effet, s\u2019il s\u2019entend bien que la Covid-19 n\u2019a entam\u00e9 en rien la ferveur spirituelle des croyants, [&hellip;]<\/p>\n","protected":false},"author":1813,"featured_media":0,"comment_status":"closed","ping_status":"closed","sticky":false,"template":"","format":"standard","meta":{"fifu_image_url":"","fifu_image_alt":"","footnotes":""},"categories":[73,81],"tags":[],"class_list":["post-86573","post","type-post","status-publish","format-standard","hentry","category-actualite","category-burkina-faso"],"_links":{"self":[{"href":"https:\/\/linitiative.ca\/International\/wp-json\/wp\/v2\/posts\/86573","targetHints":{"allow":["GET"]}}],"collection":[{"href":"https:\/\/linitiative.ca\/International\/wp-json\/wp\/v2\/posts"}],"about":[{"href":"https:\/\/linitiative.ca\/International\/wp-json\/wp\/v2\/types\/post"}],"author":[{"embeddable":true,"href":"https:\/\/linitiative.ca\/International\/wp-json\/wp\/v2\/users\/1813"}],"replies":[{"embeddable":true,"href":"https:\/\/linitiative.ca\/International\/wp-json\/wp\/v2\/comments?post=86573"}],"version-history":[{"count":0,"href":"https:\/\/linitiative.ca\/International\/wp-json\/wp\/v2\/posts\/86573\/revisions"}],"wp:attachment":[{"href":"https:\/\/linitiative.ca\/International\/wp-json\/wp\/v2\/media?parent=86573"}],"wp:term":[{"taxonomy":"category","embeddable":true,"href":"https:\/\/linitiative.ca\/International\/wp-json\/wp\/v2\/categories?post=86573"},{"taxonomy":"post_tag","embeddable":true,"href":"https:\/\/linitiative.ca\/International\/wp-json\/wp\/v2\/tags?post=86573"}],"curies":[{"name":"wp","href":"https:\/\/api.w.org\/{rel}","templated":true}]}}