{"id":86576,"date":"2020-05-24T07:01:00","date_gmt":"2020-05-24T11:01:00","guid":{"rendered":"https:\/\/linitiative.ca\/International\/declaration-a-loccasion-du-sixieme-anniversaire-de-lassassinat-du-juge-constitutionnel-salifou-nebie-les-causes-oubliees-parce-que-orphelines\/"},"modified":"2020-05-24T07:01:00","modified_gmt":"2020-05-24T11:01:00","slug":"declaration-a-loccasion-du-sixieme-anniversaire-de-lassassinat-du-juge-constitutionnel-salifou-nebie-les-causes-oubliees-parce-que-orphelines","status":"publish","type":"post","link":"https:\/\/linitiative.ca\/International\/declaration-a-loccasion-du-sixieme-anniversaire-de-lassassinat-du-juge-constitutionnel-salifou-nebie-les-causes-oubliees-parce-que-orphelines\/","title":{"rendered":"D\u00e9claration \u00e0 l\u2019occasion du sixi\u00e8me anniversaire de l\u2019assassinat du juge constitutionnel Salifou N\u00e9bie:\u00a0\u00a0\u00a0Les causes oubli\u00e9es parce que orphelines"},"content":{"rendered":"<p>Ce 24 mai 2020 correspond au sixi\u00e8me anniversaire de la disparition brutale du juge constitutionnel Salifou N\u00e9bi\u00e9. Le Collectif cr\u00e9\u00e9 au lendemain de cet \u00e9v\u00e9nement douloureux et qui s\u2019investit pour que lumi\u00e8re se fasse sur cette affaire constate que six ans apr\u00e8s, le dossier stagne faute d\u2019\u00e9l\u00e9ments significatifs enregistr\u00e9s dans la proc\u00e9dure. Malgr\u00e9 les changements intervenus dans l\u2019institution judiciaire consacrant son ind\u00e9pendance et en d\u00e9pit des bouleversements politiques qu\u2019a connu notre pays depuis octobre 2014, les affaires de crime, en particulier les plus embl\u00e9matiques sont toujours en souffrance dans nos cours et palais de justice. La m\u00e9fiance et la crainte de t\u00e9moigner continuent de peser sur certains dossiers et en particulier sur celui du juge constitutionnel Salifou N\u00e9bi\u00e9. Six ans apr\u00e8s sa mort, la justice ne pipe mot de ses avanc\u00e9es ou de ses difficult\u00e9s. C\u2019est donc la chape de plomb sur le dossier. C\u2019est dire que rien de nouveau n\u2019est venu remettre en cause l\u2019infamant rapport d\u2019\u00ab expertise m\u00e9dicale \u00bb du docteur Chochois comme pi\u00e8ce essentielle dans le dossier judiciaire<\/p>\n<p>Le sixi\u00e8me anniversaire de la mort du juge Salifou N\u00e9bi\u00e9 intervient dans un contexte de crise multiple\u00a0: sanitaire, s\u00e9curitaire et sociale. La pand\u00e9mie \u00e0 coronavirus a plong\u00e9 le monde entier dans un \u00e9tat v\u00e9g\u00e9tatif. Au Burkina Faso, elle vient aggraver une situation d\u00e9j\u00e0 fort pr\u00e9occupante en particulier au plan s\u00e9curitaire. Elle entraine comme cons\u00e9quence la quasi paralysie de notre appareil judiciaire qui ne brillait d\u00e9j\u00e0 pas par ses performances. En effet sur le chapitre des dossiers de crime de sang, de nombreuses affaires sont en attente\u00a0: dossiers Thomas Sankara, Dabo Boukary,\u00a0 Salifou N\u00e9bi\u00e9, les affaires li\u00e9es au terrorisme telles Yirgou et plus r\u00e9cemment celle des 12 morts de la gendarmerie de Tanwalbougou dont la justice dit s\u2019en \u00eatre saisie. \u00a0Malheureusement toutes ces affaires p\u00e2tissent des maux de notre justice dont les acteurs ne semblent pas avoir pris conscience du moment historique particulier caract\u00e9ris\u00e9 par les fortes attentes des Burkinab\u00e9. Le juge Salifou N\u00e9bi\u00e9 dont nous comm\u00e9morons l\u2019anniversaire de la mort est doublement victime de la barbarie des \u00ab\u00a0m\u00e9chants\u00a0\u00bb et du \u00ab\u00a0silence des gens bien\u00bb. <strong>Il est l\u2019illustration parfaite des causes oubli\u00e9es parce que orphelines<\/strong>.<\/p>\n<p>En ce sixi\u00e8me anniversaire de l\u2019assassinat du juge N\u00e9bi\u00e9 Salifou, le Collectif salue une fois de plus la m\u00e9moire de ce patriote illustre sacrifi\u00e9 \u00e0 l\u2019autel de l\u2019intol\u00e9rance et de la barbarie. Il d\u00e9plore la lenteur voire l\u2019inaction qui caract\u00e9rise le traitement du dossier judiciaire et invite la Chancellerie \u00e0 prendre tout acte de nature \u00e0 perp\u00e9tuer la m\u00e9moire de ce haut magistrat<\/p>\n<div class=\"td-a-rec td-a-rec-id-content_inline tdi_30_156 td_block_template_1\"><img loading=\"lazy\" decoding=\"async\" class=\"aligncenter size-full wp-image-21314\" src=\"https:\/\/www.sidwaya.info\/wp-content\/uploads\/2020\/04\/Bandeau-Covid-19-Sidwaya-1.jpg\" alt=\"\" width=\"790\" height=\"98\"\/><\/div>\n<p>Le collectif saisit \u00e9galement l\u2019occasion pour saluer la m\u00e9moire de Issaka Luc Kourouma d\u00e9c\u00e9d\u00e9 le 26 mars 2020 des suites de maladie. Intr\u00e9pide artisan du Collectif Justice pour Salifou N\u00e9bi\u00e9, il a de son vivant \u0153uvr\u00e9 \u00e0 garder allum\u00e9 le flambeau de la lutte contre l\u2019impunit\u00e9 et l\u2019oubli. <strong>Paix \u00e0 son \u00e2me\u00a0!<\/strong><\/p>\n<p><strong>Pour le Collectif\u00a0Justice pour Salifou N\u00e9bi\u00e9<\/strong><\/p>\n<ul>\n<li>Germain Bitiou NAMA<\/li>\n<li>Boukar\u00e9 Conombo<\/li>\n<li>Issaka Nignan<\/li>\n<li>Djibril Didigui de Luglu<\/li>\n<\/ul>\n<div class=\"td-a-rec td-a-rec-id-content_bottom tdi_31_aa6 td_block_template_1\"><img loading=\"lazy\" decoding=\"async\" class=\"aligncenter size-full wp-image-22415\" src=\"https:\/\/www.sidwaya.info\/wp-content\/uploads\/2020\/05\/Bandeau-paiement-mobile-site.png\" alt=\"\" width=\"728\" height=\"90\"\/><\/div>\n<p>Auteur: Wamini SIDWAYA<br \/>\n<a href=\"https:\/\/www.sidwaya.info\/blog\/2020\/05\/24\/declaration-a-loccasion-du-sixieme-anniversaire-de-lassassinat-du-juge-constitutionnel-salifou-nebie-les-causes-oubliees-parce-que-orphelines\/\">Cliquez ici pour lire l&rsquo;article depuis sa source.<\/a><\/p>\n","protected":false},"excerpt":{"rendered":"<p>Ce 24 mai 2020 correspond au sixi\u00e8me anniversaire de la disparition brutale du juge constitutionnel Salifou N\u00e9bi\u00e9. Le Collectif cr\u00e9\u00e9 au lendemain de cet \u00e9v\u00e9nement douloureux et qui s\u2019investit pour que lumi\u00e8re se fasse sur cette affaire constate que six ans apr\u00e8s, le dossier stagne faute d\u2019\u00e9l\u00e9ments significatifs enregistr\u00e9s dans la proc\u00e9dure. Malgr\u00e9 les changements [&hellip;]<\/p>\n","protected":false},"author":1816,"featured_media":86577,"comment_status":"closed","ping_status":"closed","sticky":false,"template":"","format":"standard","meta":{"fifu_image_url":"","fifu_image_alt":"","footnotes":""},"categories":[73,81],"tags":[],"class_list":["post-86576","post","type-post","status-publish","format-standard","has-post-thumbnail","hentry","category-actualite","category-burkina-faso"],"_links":{"self":[{"href":"https:\/\/linitiative.ca\/International\/wp-json\/wp\/v2\/posts\/86576","targetHints":{"allow":["GET"]}}],"collection":[{"href":"https:\/\/linitiative.ca\/International\/wp-json\/wp\/v2\/posts"}],"about":[{"href":"https:\/\/linitiative.ca\/International\/wp-json\/wp\/v2\/types\/post"}],"author":[{"embeddable":true,"href":"https:\/\/linitiative.ca\/International\/wp-json\/wp\/v2\/users\/1816"}],"replies":[{"embeddable":true,"href":"https:\/\/linitiative.ca\/International\/wp-json\/wp\/v2\/comments?post=86576"}],"version-history":[{"count":0,"href":"https:\/\/linitiative.ca\/International\/wp-json\/wp\/v2\/posts\/86576\/revisions"}],"wp:featuredmedia":[{"embeddable":true,"href":"https:\/\/linitiative.ca\/International\/wp-json\/"}],"wp:attachment":[{"href":"https:\/\/linitiative.ca\/International\/wp-json\/wp\/v2\/media?parent=86576"}],"wp:term":[{"taxonomy":"category","embeddable":true,"href":"https:\/\/linitiative.ca\/International\/wp-json\/wp\/v2\/categories?post=86576"},{"taxonomy":"post_tag","embeddable":true,"href":"https:\/\/linitiative.ca\/International\/wp-json\/wp\/v2\/tags?post=86576"}],"curies":[{"name":"wp","href":"https:\/\/api.w.org\/{rel}","templated":true}]}}