{"id":86578,"date":"2020-05-24T07:20:38","date_gmt":"2020-05-24T11:20:38","guid":{"rendered":"https:\/\/linitiative.ca\/International\/covid-19-au-burkina-01-nouveau-cas-confirme-de-transmission-communautaire-a-ouagadougou\/"},"modified":"2020-05-24T07:20:38","modified_gmt":"2020-05-24T11:20:38","slug":"covid-19-au-burkina-01-nouveau-cas-confirme-de-transmission-communautaire-a-ouagadougou","status":"publish","type":"post","link":"https:\/\/linitiative.ca\/International\/covid-19-au-burkina-01-nouveau-cas-confirme-de-transmission-communautaire-a-ouagadougou\/","title":{"rendered":"Covid-19 au Burkina: 01 nouveau cas confirm\u00e9 de transmission communautaire a Ouagadougou."},"content":{"rendered":"<div class=\"td-post-sharing-top td-post-sharing td-ps-bg td-ps-padding td-ps-bar td-post-sharing-style6\">\n<div class=\"td-post-sharing-visible\"><a class=\"td-social-sharing-button td-social-sharing-button-js td-social-network td-social-facebook\" href=\"https:\/\/www.facebook.com\/sharer.php?u=https%3A%2F%2Fwww.sidwaya.info%2Fblog%2F2020%2F05%2F24%2Fcovid-19-au-burkina-01-nouveau-cas-confirme-de-transmission-communautaire-a-ouagadougou%2F\"\/><\/p>\n<p>Facebook<\/p>\n<p><a class=\"td-social-sharing-button td-social-sharing-button-js td-social-network td-social-twitter\" href=\"https:\/\/twitter.com\/intent\/tweet?text=Covid-19+au+Burkina%3A+01+nouveau+cas+confirm%C3%A9+de+transmission+communautaire+a+Ouagadougou.&amp;url=https%3A%2F%2Fwww.sidwaya.info%2Fblog%2F2020%2F05%2F24%2Fcovid-19-au-burkina-01-nouveau-cas-confirme-de-transmission-communautaire-a-ouagadougou%2F&amp;via=Quotidien+Sidwaya\"\/><\/p>\n<p>Twitter<\/p>\n<p><a class=\"td-social-sharing-button td-social-sharing-button-js td-social-network td-social-pinterest\" href=\"https:\/\/pinterest.com\/pin\/create\/button\/?url=https:\/\/www.sidwaya.info\/blog\/2020\/05\/24\/covid-19-au-burkina-01-nouveau-cas-confirme-de-transmission-communautaire-a-ouagadougou\/&amp;media=https:\/\/www.sidwaya.info\/wp-content\/uploads\/2020\/05\/covi.jpg&amp;description=Covid-19+au+Burkina%3A+01+nouveau+cas+confirm%C3%A9+de+transmission+communautaire+a+Ouagadougou.\"\/><\/p>\n<p>Pinterest<\/p>\n<p><a class=\"td-social-sharing-button td-social-sharing-button-js td-social-network td-social-whatsapp\" href=\"whatsapp:\/\/send?text=Covid-19+au+Burkina%3A+01+nouveau+cas+confirm%C3%A9+de+transmission+communautaire+a+Ouagadougou.%20%0A%0A%20https:\/\/www.sidwaya.info\/blog\/2020\/05\/24\/covid-19-au-burkina-01-nouveau-cas-confirme-de-transmission-communautaire-a-ouagadougou\/\"\/><\/p>\n<p>WhatsApp<\/p>\n<p><a class=\"td-social-sharing-button td-social-sharing-button-js td-social-network td-social-linkedin\" href=\"https:\/\/www.linkedin.com\/shareArticle?mini=true&amp;url=https:\/\/www.sidwaya.info\/blog\/2020\/05\/24\/covid-19-au-burkina-01-nouveau-cas-confirme-de-transmission-communautaire-a-ouagadougou\/&amp;title=Covid-19+au+Burkina%3A+01+nouveau+cas+confirm%C3%A9+de+transmission+communautaire+a+Ouagadougou.\"\/><\/p>\n<p>Linkedin<\/p>\n<p><a class=\"td-social-sharing-button td-social-sharing-button-js td-social-network td-social-mail\" href=\"mailto:?subject=Covid-19%20au%20Burkina:%2001%20nouveau%20cas%20confirm%C3%A9%20de%20transmission%20communautaire%20a%20Ouagadougou.&amp;body=https:\/\/www.sidwaya.info\/blog\/2020\/05\/24\/covid-19-au-burkina-01-nouveau-cas-confirme-de-transmission-communautaire-a-ouagadougou\/\"\/><\/p>\n<p>Email<\/p>\n<p><a class=\"td-social-sharing-button td-social-sharing-button-js td-social-network td-social-print\" href=\"#\"\/><\/p>\n<p>Print<\/p>\n<p><a class=\"td-social-sharing-button td-social-sharing-button-js td-social-network td-social-tumblr\" href=\"https:\/\/www.tumblr.com\/share\/link?url=https:\/\/www.sidwaya.info\/blog\/2020\/05\/24\/covid-19-au-burkina-01-nouveau-cas-confirme-de-transmission-communautaire-a-ouagadougou\/&amp;name=Covid-19%20au%20Burkina:%2001%20nouveau%20cas%20confirm%C3%A9%20de%20transmission%20communautaire%20a%20Ouagadougou.\"\/><\/p>\n<p>Tumblr<\/p>\n<p><a class=\"td-social-sharing-button td-social-sharing-button-js td-social-network td-social-telegram\" href=\"https:\/\/telegram.me\/share\/url?url=https:\/\/www.sidwaya.info\/blog\/2020\/05\/24\/covid-19-au-burkina-01-nouveau-cas-confirme-de-transmission-communautaire-a-ouagadougou\/&amp;text=Covid-19+au+Burkina%3A+01+nouveau+cas+confirm%C3%A9+de+transmission+communautaire+a+Ouagadougou.\"\/><\/p>\n<p>Telegram<\/p>\n<p><a class=\"td-social-sharing-button td-social-sharing-button-js td-social-network td-social-viber\" href=\"viber:\/\/forward?text=Covid-19+au+Burkina%3A+01+nouveau+cas+confirm%C3%A9+de+transmission+communautaire+a+Ouagadougou.%20https:\/\/www.sidwaya.info\/blog\/2020\/05\/24\/covid-19-au-burkina-01-nouveau-cas-confirme-de-transmission-communautaire-a-ouagadougou\/\"\/><\/p>\n<p>Viber<\/p>\n<p><a class=\"td-social-sharing-button td-social-sharing-button-js td-social-network td-social-naver\" href=\"https:\/\/share.naver.com\/web\/shareView.nhn?url=https:\/\/www.sidwaya.info\/blog\/2020\/05\/24\/covid-19-au-burkina-01-nouveau-cas-confirme-de-transmission-communautaire-a-ouagadougou\/&amp;title=Covid-19+au+Burkina%3A+01+nouveau+cas+confirm%C3%A9+de+transmission+communautaire+a+Ouagadougou.\"\/><\/p>\n<p>Naver<\/p>\n<\/div>\n<\/div>\n<div class=\"td-post-content tagdiv-type\" readability=\"40\">\n<div class=\"td-post-featured-image\"><a href=\"https:\/\/www.sidwaya.info\/wp-content\/uploads\/2020\/05\/covi.jpg\" data-caption=\"\"><img loading=\"lazy\" decoding=\"async\" width=\"300\" height=\"168\" class=\"entry-thumb td-modal-image\" src=\"https:\/\/www.sidwaya.info\/wp-content\/uploads\/2020\/05\/covi.jpg\" alt=\"\" title=\"covi\"\/><\/a><\/div>\n<p>Coronavirus (COVID-19) au Burkina Faso<br \/>A la date du 22 mai 2020, la situation de la maladie \u00e0 Coronavirus au Burkina Faso se pr\u00e9sente comme suit :<br \/>281 \u00e9chantillons analys\u00e9s, r\u00e9partis-en :<br \/>\u2013 116 tests de voyageurs ;<br \/>\u2013 108 tests de cas contacts ;<br \/>\u2013 22 tests de cas suspects ;<br \/>\u2013 20 tests d\u2019h\u00e9modialys\u00e9s ;<br \/>\u2013 15 tests de contr\u00f4les ;<br \/>Nombre de nouveaux cas confirm\u00e9s : 01 \u00e0 Ouagadougou (transmission communautaire) ;<br \/>Nombre de gu\u00e9risons : 04, portant \u00e0 683, le total des gu\u00e9risons ;<br \/>Nombre de d\u00e9c\u00e8s : 00, total des d\u00e9c\u00e8s 52 ;<br \/>Nombre de cas actifs : 97 ;<br \/>Nombre de cas confirm\u00e9s depuis le 09 mars 2020 : 832 dont 305 femmes et 527 hommes.<br \/>Le gouvernement remercie tous les acteurs pour leur engagement et leur d\u00e9termination dans la lutte contre la maladie \u00e0 Coronavirus.<br \/>Le gouvernement exhorte la population \u00e0 la discipline et \u00e0 la responsabilit\u00e9 pour rompre la cha\u00eene de transmission de la COVID-19.<\/p>\n<p>SIG<\/p>\n<p><img loading=\"lazy\" decoding=\"async\" class=\"alignnone size-medium wp-image-22430\" src=\"https:\/\/www.sidwaya.info\/wp-content\/uploads\/2020\/05\/covid-24-212x300.jpg\" alt=\"\" width=\"212\" height=\"300\" srcset=\"https:\/\/www.sidwaya.info\/wp-content\/uploads\/2020\/05\/covid-24-212x300.jpg 212w, https:\/\/www.sidwaya.info\/wp-content\/uploads\/2020\/05\/covid-24-297x420.jpg 297w, https:\/\/www.sidwaya.info\/wp-content\/uploads\/2020\/05\/covid-24.jpg 678w\" sizes=\"auto, (max-width: 212px) 100vw, 212px\"\/><\/p>\n<div class=\"td-a-rec td-a-rec-id-content_inline tdi_30_c5e td_block_template_1\"><img loading=\"lazy\" decoding=\"async\" class=\"aligncenter size-full wp-image-21314\" src=\"https:\/\/www.sidwaya.info\/wp-content\/uploads\/2020\/04\/Bandeau-Covid-19-Sidwaya-1.jpg\" alt=\"\" width=\"790\" height=\"98\"\/><\/div>\n<div class=\"td-a-rec td-a-rec-id-content_bottom tdi_31_ec0 td_block_template_1\"><img loading=\"lazy\" decoding=\"async\" class=\"aligncenter size-full wp-image-22415\" src=\"https:\/\/www.sidwaya.info\/wp-content\/uploads\/2020\/05\/Bandeau-paiement-mobile-site.png\" alt=\"\" width=\"728\" height=\"90\"\/><\/div>\n<\/div>\n<footer>\n<div class=\"td-post-sharing-bottom\">\n<p><iframe frameborder=\"0\" src=\"https:\/\/www.facebook.com\/plugins\/like.php?href=https:\/\/www.sidwaya.info\/blog\/2020\/05\/24\/covid-19-au-burkina-01-nouveau-cas-confirme-de-transmission-communautaire-a-ouagadougou\/&amp;layout=button_count&amp;show_faces=false&amp;width=105&amp;action=like&amp;colorscheme=light&amp;height=21\" class=\"c1\">[embedded content]<\/iframe><\/p>\n<div id=\"td_social_sharing_article_bottom\" class=\"td-post-sharing td-ps-bg td-ps-padding td-post-sharing-style7\">\n<div class=\"td-post-sharing-visible\"><a class=\"td-social-sharing-button td-social-sharing-button-js td-social-network td-social-facebook\" href=\"https:\/\/www.facebook.com\/sharer.php?u=https%3A%2F%2Fwww.sidwaya.info%2Fblog%2F2020%2F05%2F24%2Fcovid-19-au-burkina-01-nouveau-cas-confirme-de-transmission-communautaire-a-ouagadougou%2F\"\/><\/p>\n<p>Facebook<\/p>\n<p><a class=\"td-social-sharing-button td-social-sharing-button-js td-social-network td-social-twitter\" href=\"https:\/\/twitter.com\/intent\/tweet?text=Covid-19+au+Burkina%3A+01+nouveau+cas+confirm%C3%A9+de+transmission+communautaire+a+Ouagadougou.&amp;url=https%3A%2F%2Fwww.sidwaya.info%2Fblog%2F2020%2F05%2F24%2Fcovid-19-au-burkina-01-nouveau-cas-confirme-de-transmission-communautaire-a-ouagadougou%2F&amp;via=Quotidien+Sidwaya\"\/><\/p>\n<p>Twitter<\/p>\n<p><a class=\"td-social-sharing-button td-social-sharing-button-js td-social-network td-social-pinterest\" href=\"https:\/\/pinterest.com\/pin\/create\/button\/?url=https:\/\/www.sidwaya.info\/blog\/2020\/05\/24\/covid-19-au-burkina-01-nouveau-cas-confirme-de-transmission-communautaire-a-ouagadougou\/&amp;media=https:\/\/www.sidwaya.info\/wp-content\/uploads\/2020\/05\/covi.jpg&amp;description=Covid-19+au+Burkina%3A+01+nouveau+cas+confirm%C3%A9+de+transmission+communautaire+a+Ouagadougou.\"\/><\/p>\n<p>Pinterest<\/p>\n<p><a class=\"td-social-sharing-button td-social-sharing-button-js td-social-network td-social-whatsapp\" href=\"whatsapp:\/\/send?text=Covid-19+au+Burkina%3A+01+nouveau+cas+confirm%C3%A9+de+transmission+communautaire+a+Ouagadougou.%20%0A%0A%20https:\/\/www.sidwaya.info\/blog\/2020\/05\/24\/covid-19-au-burkina-01-nouveau-cas-confirme-de-transmission-communautaire-a-ouagadougou\/\"\/><\/p>\n<p>WhatsApp<\/p>\n<p><a class=\"td-social-sharing-button td-social-sharing-button-js td-social-network td-social-linkedin\" href=\"https:\/\/www.linkedin.com\/shareArticle?mini=true&amp;url=https:\/\/www.sidwaya.info\/blog\/2020\/05\/24\/covid-19-au-burkina-01-nouveau-cas-confirme-de-transmission-communautaire-a-ouagadougou\/&amp;title=Covid-19+au+Burkina%3A+01+nouveau+cas+confirm%C3%A9+de+transmission+communautaire+a+Ouagadougou.\"\/><\/p>\n<p>Linkedin<\/p>\n<p><a class=\"td-social-sharing-button td-social-sharing-button-js td-social-network td-social-mail\" href=\"mailto:?subject=Covid-19%20au%20Burkina:%2001%20nouveau%20cas%20confirm%C3%A9%20de%20transmission%20communautaire%20a%20Ouagadougou.&amp;body=https:\/\/www.sidwaya.info\/blog\/2020\/05\/24\/covid-19-au-burkina-01-nouveau-cas-confirme-de-transmission-communautaire-a-ouagadougou\/\"\/><\/p>\n<p>Email<\/p>\n<p><a class=\"td-social-sharing-button td-social-sharing-button-js td-social-network td-social-print\" href=\"#\"\/><\/p>\n<p>Print<\/p>\n<p><a class=\"td-social-sharing-button td-social-sharing-button-js td-social-network td-social-tumblr\" href=\"https:\/\/www.tumblr.com\/share\/link?url=https:\/\/www.sidwaya.info\/blog\/2020\/05\/24\/covid-19-au-burkina-01-nouveau-cas-confirme-de-transmission-communautaire-a-ouagadougou\/&amp;name=Covid-19%20au%20Burkina:%2001%20nouveau%20cas%20confirm%C3%A9%20de%20transmission%20communautaire%20a%20Ouagadougou.\"\/><\/p>\n<p>Tumblr<\/p>\n<p><a class=\"td-social-sharing-button td-social-sharing-button-js td-social-network td-social-telegram\" href=\"https:\/\/telegram.me\/share\/url?url=https:\/\/www.sidwaya.info\/blog\/2020\/05\/24\/covid-19-au-burkina-01-nouveau-cas-confirme-de-transmission-communautaire-a-ouagadougou\/&amp;text=Covid-19+au+Burkina%3A+01+nouveau+cas+confirm%C3%A9+de+transmission+communautaire+a+Ouagadougou.\"\/><\/p>\n<p>Telegram<\/p>\n<p><a class=\"td-social-sharing-button td-social-sharing-button-js td-social-network td-social-viber\" href=\"viber:\/\/forward?text=Covid-19+au+Burkina%3A+01+nouveau+cas+confirm%C3%A9+de+transmission+communautaire+a+Ouagadougou.%20https:\/\/www.sidwaya.info\/blog\/2020\/05\/24\/covid-19-au-burkina-01-nouveau-cas-confirme-de-transmission-communautaire-a-ouagadougou\/\"\/><\/p>\n<p>Viber<\/p>\n<p><a class=\"td-social-sharing-button td-social-sharing-button-js td-social-network td-social-naver\" href=\"https:\/\/share.naver.com\/web\/shareView.nhn?url=https:\/\/www.sidwaya.info\/blog\/2020\/05\/24\/covid-19-au-burkina-01-nouveau-cas-confirme-de-transmission-communautaire-a-ouagadougou\/&amp;title=Covid-19+au+Burkina%3A+01+nouveau+cas+confirm%C3%A9+de+transmission+communautaire+a+Ouagadougou.\"\/><\/p>\n<p>Naver<\/p>\n<\/div>\n<\/div>\n<\/div>\n<div class=\"td-block-row td-post-next-prev\">\n<div class=\"td-block-span6 td-post-prev-post td-post-next-prev-content\"><span>Article pr\u00e9c\u00e9dent<\/span><a href=\"https:\/\/www.sidwaya.info\/blog\/2020\/05\/24\/declaration-a-loccasion-du-sixieme-anniversaire-de-lassassinat-du-juge-constitutionnel-salifou-nebie-les-causes-oubliees-parce-que-orphelines\/\">D\u00e9claration \u00e0 l\u2019occasion du sixi\u00e8me anniversaire de l\u2019assassinat du juge constitutionnel Salifou N\u00e9bie:\u00a0\u00a0\u00a0Les causes oubli\u00e9es parce que orphelines<\/a><\/div>\n<\/div>\n<\/footer>\n<p>Auteur: Wamini SIDWAYA<br \/>\n<a href=\"https:\/\/www.sidwaya.info\/blog\/2020\/05\/24\/covid-19-au-burkina-01-nouveau-cas-confirme-de-transmission-communautaire-a-ouagadougou\/\">Cliquez ici pour lire l&rsquo;article depuis sa source.<\/a><\/p>\n","protected":false},"excerpt":{"rendered":"<p>Facebook Twitter Pinterest WhatsApp Linkedin Email Print Tumblr Telegram Viber Naver Coronavirus (COVID-19) au Burkina FasoA la date du 22 mai 2020, la situation de la maladie \u00e0 Coronavirus au Burkina Faso se pr\u00e9sente comme suit :281 \u00e9chantillons analys\u00e9s, r\u00e9partis-en :\u2013 116 tests de voyageurs ;\u2013 108 tests de cas contacts ;\u2013 22 tests de [&hellip;]<\/p>\n","protected":false},"author":1816,"featured_media":86579,"comment_status":"closed","ping_status":"closed","sticky":false,"template":"","format":"standard","meta":{"fifu_image_url":"","fifu_image_alt":"","footnotes":""},"categories":[73,81],"tags":[],"class_list":["post-86578","post","type-post","status-publish","format-standard","has-post-thumbnail","hentry","category-actualite","category-burkina-faso"],"_links":{"self":[{"href":"https:\/\/linitiative.ca\/International\/wp-json\/wp\/v2\/posts\/86578","targetHints":{"allow":["GET"]}}],"collection":[{"href":"https:\/\/linitiative.ca\/International\/wp-json\/wp\/v2\/posts"}],"about":[{"href":"https:\/\/linitiative.ca\/International\/wp-json\/wp\/v2\/types\/post"}],"author":[{"embeddable":true,"href":"https:\/\/linitiative.ca\/International\/wp-json\/wp\/v2\/users\/1816"}],"replies":[{"embeddable":true,"href":"https:\/\/linitiative.ca\/International\/wp-json\/wp\/v2\/comments?post=86578"}],"version-history":[{"count":0,"href":"https:\/\/linitiative.ca\/International\/wp-json\/wp\/v2\/posts\/86578\/revisions"}],"wp:featuredmedia":[{"embeddable":true,"href":"https:\/\/linitiative.ca\/International\/wp-json\/"}],"wp:attachment":[{"href":"https:\/\/linitiative.ca\/International\/wp-json\/wp\/v2\/media?parent=86578"}],"wp:term":[{"taxonomy":"category","embeddable":true,"href":"https:\/\/linitiative.ca\/International\/wp-json\/wp\/v2\/categories?post=86578"},{"taxonomy":"post_tag","embeddable":true,"href":"https:\/\/linitiative.ca\/International\/wp-json\/wp\/v2\/tags?post=86578"}],"curies":[{"name":"wp","href":"https:\/\/api.w.org\/{rel}","templated":true}]}}