{"id":86580,"date":"2020-05-23T18:18:03","date_gmt":"2020-05-23T22:18:03","guid":{"rendered":"https:\/\/linitiative.ca\/International\/maroc-laid-el-fitr-celebre-dimanche\/"},"modified":"2020-05-23T18:18:03","modified_gmt":"2020-05-23T22:18:03","slug":"maroc-laid-el-fitr-celebre-dimanche","status":"publish","type":"post","link":"https:\/\/linitiative.ca\/International\/maroc-laid-el-fitr-celebre-dimanche\/","title":{"rendered":"Maroc : L\u2019Aid El-Fitr c\u00e9l\u00e9br\u00e9 dimanche"},"content":{"rendered":"<div readability=\"32\">\n<p>Publi\u00e9 le 23.05.2020 \u00e0 23h18 par APA News<\/p>\n<\/div>\n<div readability=\"54\">\n<p>Le Maroc c\u00e9l\u00e9brera dimanche, l\u2019Aid el-Fitr marquant la fin du mois sacr\u00e9 de Ramadan, a annonc\u00e9 samedi le minist\u00e8re des Habous et des affaires islamiques.Ainsi, le croissant lunaire annon\u00e7ant le d\u00e9but du mois de Chaoual 1441 a \u00e9t\u00e9 observ\u00e9 ce samedi dans la soir\u00e9e, indique un communiqu\u00e9 du minist\u00e8re.<\/p>\n<p>Cette ann\u00e9e, le Maroc et tout le monde musulman c\u00e9l\u00e9brera cette f\u00eate religieuse dans un contexte particulier, marqu\u00e9 par la pand\u00e9mie du coronavirus (COVID-19).<\/p>\n<p>Le Conseil sup\u00e9rieur des oul\u00e9mas au Maroc a soulign\u00e9 que la pri\u00e8re de l\u2019Aid Al Fitr de cette ann\u00e9e doit \u00eatre accomplie au domicile pour pr\u00e9server la sant\u00e9 et la s\u00e9curit\u00e9 des citoyens face \u00e0 la propagation de la pand\u00e9mie du coronavirus.<\/p>\n<p>Pour rappel, le Maroc a pris une s\u00e9rie de mesures drastiques pour enrayer la propagation du virus. Ainsi, un \u00e9tat d\u2019urgence sanitaire a \u00e9t\u00e9 d\u00e9cr\u00e9t\u00e9 depuis le 20 mars et prorog\u00e9 jusqu\u2019au 10 juin prochain.<\/p>\n<\/div>\n<p>Auteur: APA News<br \/>\n<a href=\"https:\/\/www.journalducameroun.com\/maroc-laid-el-fitr-celebre-dimanche\/\">Cliquez ici pour lire l&rsquo;article depuis sa source.<\/a><\/p>\n","protected":false},"excerpt":{"rendered":"<p>Publi\u00e9 le 23.05.2020 \u00e0 23h18 par APA News Le Maroc c\u00e9l\u00e9brera dimanche, l\u2019Aid el-Fitr marquant la fin du mois sacr\u00e9 de Ramadan, a annonc\u00e9 samedi le minist\u00e8re des Habous et des affaires islamiques.Ainsi, le croissant lunaire annon\u00e7ant le d\u00e9but du mois de Chaoual 1441 a \u00e9t\u00e9 observ\u00e9 ce samedi dans la soir\u00e9e, indique un communiqu\u00e9 [&hellip;]<\/p>\n","protected":false},"author":1965,"featured_media":0,"comment_status":"closed","ping_status":"closed","sticky":false,"template":"","format":"standard","meta":{"fifu_image_url":"","fifu_image_alt":"","footnotes":""},"categories":[73,82],"tags":[],"class_list":["post-86580","post","type-post","status-publish","format-standard","hentry","category-actualite","category-cameroun"],"_links":{"self":[{"href":"https:\/\/linitiative.ca\/International\/wp-json\/wp\/v2\/posts\/86580","targetHints":{"allow":["GET"]}}],"collection":[{"href":"https:\/\/linitiative.ca\/International\/wp-json\/wp\/v2\/posts"}],"about":[{"href":"https:\/\/linitiative.ca\/International\/wp-json\/wp\/v2\/types\/post"}],"author":[{"embeddable":true,"href":"https:\/\/linitiative.ca\/International\/wp-json\/wp\/v2\/users\/1965"}],"replies":[{"embeddable":true,"href":"https:\/\/linitiative.ca\/International\/wp-json\/wp\/v2\/comments?post=86580"}],"version-history":[{"count":0,"href":"https:\/\/linitiative.ca\/International\/wp-json\/wp\/v2\/posts\/86580\/revisions"}],"wp:attachment":[{"href":"https:\/\/linitiative.ca\/International\/wp-json\/wp\/v2\/media?parent=86580"}],"wp:term":[{"taxonomy":"category","embeddable":true,"href":"https:\/\/linitiative.ca\/International\/wp-json\/wp\/v2\/categories?post=86580"},{"taxonomy":"post_tag","embeddable":true,"href":"https:\/\/linitiative.ca\/International\/wp-json\/wp\/v2\/tags?post=86580"}],"curies":[{"name":"wp","href":"https:\/\/api.w.org\/{rel}","templated":true}]}}