{"id":86581,"date":"2020-05-24T04:18:04","date_gmt":"2020-05-24T08:18:04","guid":{"rendered":"https:\/\/linitiative.ca\/International\/senegal-vers-un-dispositif-de-suivi-de-limpact-du-coronavirus\/"},"modified":"2020-05-24T04:18:04","modified_gmt":"2020-05-24T08:18:04","slug":"senegal-vers-un-dispositif-de-suivi-de-limpact-du-coronavirus","status":"publish","type":"post","link":"https:\/\/linitiative.ca\/International\/senegal-vers-un-dispositif-de-suivi-de-limpact-du-coronavirus\/","title":{"rendered":"S\u00e9n\u00e9gal: vers un dispositif de suivi de l\u2019impact du coronavirus"},"content":{"rendered":"<div readability=\"32\">\n<p>Publi\u00e9 le 24.05.2020 \u00e0 09h18 par APA News<\/p>\n<\/div>\n<div readability=\"53\">\n<p>L\u2019Agence nationale de la Statistique et de la D\u00e9mographie (ANSD) du S\u00e9n\u00e9gal Lance, le 27 mai 2020, une enqu\u00eate dans le cadre de la lutte contre la pand\u00e9mie de la Covid-19, pour recueillir des donn\u00e9es concernant l\u2019impact socio-\u00e9conomique de la maladie sur les m\u00e9nages, selon les dirigeants de cette structure bas\u00e9e \u00e0 Dakar.\u00ab L\u2019enqu\u00eate, men\u00e9e en partenariat avec la Banque mondiale, vise \u00e0 produire des donn\u00e9es \u00e0 haute fr\u00e9quence afin de mettre \u00e0 la disposition des d\u00e9cideurs et du public des informations fiables et \u00e0 jour pour \u00e9clairer les prises de d\u00e9cision et assurer une gestion optimale de la pand\u00e9mie \u00bb, ajoutent-ils.<\/p>\n<p>A cet effet, l\u2019ANSD a mis en place un syst\u00e8me de collecte de donn\u00e9es par t\u00e9l\u00e9phone mobile via son centre d\u2019appels et selon une fr\u00e9quence mensuelle.<\/p>\n<p>Ce dispositif a pour but d\u2019aider les d\u00e9cideurs \u00e0 surveiller les canaux par lesquels la pand\u00e9mie affecte les m\u00e9nages et \u00e0 \u00e9valuer son impact sur les conditions de vie des populations notamment celles plus vuln\u00e9rables.<\/p>\n<p>L\u2019ANSD va ainsi cibler pr\u00e8s de 2500 m\u00e9nages sur l\u2019\u00e9tendue du territoire s\u00e9n\u00e9galais pour faire partie du panel.<\/p>\n<\/div>\n<p>Auteur: APA News<br \/>\n<a href=\"https:\/\/www.journalducameroun.com\/senegal-vers-un-dispositif-de-suivi-de-limpact-du-coronavirus\/\">Cliquez ici pour lire l&rsquo;article depuis sa source.<\/a><\/p>\n","protected":false},"excerpt":{"rendered":"<p>Publi\u00e9 le 24.05.2020 \u00e0 09h18 par APA News L\u2019Agence nationale de la Statistique et de la D\u00e9mographie (ANSD) du S\u00e9n\u00e9gal Lance, le 27 mai 2020, une enqu\u00eate dans le cadre de la lutte contre la pand\u00e9mie de la Covid-19, pour recueillir des donn\u00e9es concernant l\u2019impact socio-\u00e9conomique de la maladie sur les m\u00e9nages, selon les dirigeants [&hellip;]<\/p>\n","protected":false},"author":1965,"featured_media":0,"comment_status":"closed","ping_status":"closed","sticky":false,"template":"","format":"standard","meta":{"fifu_image_url":"","fifu_image_alt":"","footnotes":""},"categories":[73,82],"tags":[],"class_list":["post-86581","post","type-post","status-publish","format-standard","hentry","category-actualite","category-cameroun"],"_links":{"self":[{"href":"https:\/\/linitiative.ca\/International\/wp-json\/wp\/v2\/posts\/86581","targetHints":{"allow":["GET"]}}],"collection":[{"href":"https:\/\/linitiative.ca\/International\/wp-json\/wp\/v2\/posts"}],"about":[{"href":"https:\/\/linitiative.ca\/International\/wp-json\/wp\/v2\/types\/post"}],"author":[{"embeddable":true,"href":"https:\/\/linitiative.ca\/International\/wp-json\/wp\/v2\/users\/1965"}],"replies":[{"embeddable":true,"href":"https:\/\/linitiative.ca\/International\/wp-json\/wp\/v2\/comments?post=86581"}],"version-history":[{"count":0,"href":"https:\/\/linitiative.ca\/International\/wp-json\/wp\/v2\/posts\/86581\/revisions"}],"wp:attachment":[{"href":"https:\/\/linitiative.ca\/International\/wp-json\/wp\/v2\/media?parent=86581"}],"wp:term":[{"taxonomy":"category","embeddable":true,"href":"https:\/\/linitiative.ca\/International\/wp-json\/wp\/v2\/categories?post=86581"},{"taxonomy":"post_tag","embeddable":true,"href":"https:\/\/linitiative.ca\/International\/wp-json\/wp\/v2\/tags?post=86581"}],"curies":[{"name":"wp","href":"https:\/\/api.w.org\/{rel}","templated":true}]}}