{"id":86582,"date":"2020-05-24T04:18:06","date_gmt":"2020-05-24T08:18:06","guid":{"rendered":"https:\/\/linitiative.ca\/International\/afrique-pour-des-economies-plus-resilientes-a-travers-lintegration\/"},"modified":"2020-05-24T04:18:06","modified_gmt":"2020-05-24T08:18:06","slug":"afrique-pour-des-economies-plus-resilientes-a-travers-lintegration","status":"publish","type":"post","link":"https:\/\/linitiative.ca\/International\/afrique-pour-des-economies-plus-resilientes-a-travers-lintegration\/","title":{"rendered":"Afrique: pour des \u00e9conomies plus r\u00e9silientes \u00e0 travers l\u2019int\u00e9gration"},"content":{"rendered":"<div readability=\"32\">\n<p>Publi\u00e9 le 24.05.2020 \u00e0 09h18 par APA News<\/p>\n<\/div>\n<div readability=\"74\">\n<p>La Commission \u00e9conomique pour l\u2019Afrique (CEA), la Banque africaine de d\u00e9veloppement (BAD) et la Commission de l\u2019Union africaine (CUA) invitent les pays africains \u00e0 approfondir leur int\u00e9gration \u00e9conomique afin d\u2019\u00eatre plus r\u00e9sistants aux chocs comme la pand\u00e9mie actuelle de Covid-19.Cet appel lanc\u00e9 \u00e0 l\u2019occasion de la publication de la deuxi\u00e8me \u00e9dition de l\u2019Indice d\u2019int\u00e9gration r\u00e9gionale en Afrique (ARII 2019, sigle anglais) \u00e0 Addis-Abeba (Ethiopie) se justifie par le fait que dans l\u2019ensemble, l\u2019Indice montre que les niveaux d\u2019int\u00e9gration sur le continent sont relativement faibles avec un score moyen de 0,327 sur 1, souligne la CEA.<\/p>\n<p>L\u2019ARII \u00ab est \u00e0 la fois un exercice de mesure et un appel \u00e0 l\u2019action pour construire des \u00e9conomies r\u00e9silientes gr\u00e2ce \u00e0 l\u2019int\u00e9gration. Il identifiera les solutions n\u00e9cessaires visant r\u00e9ellement \u00e0 construire une Afrique int\u00e9gr\u00e9e \u00bb, a d\u00e9clar\u00e9, \u00e0 cette occasion, le Directeur de la Division de l\u2019int\u00e9gration r\u00e9gionale de la CEA, Stephen Karingi.<\/p>\n<p>L\u2019Indice classe l\u2019int\u00e9gration des pays africains au sein de leurs communaut\u00e9s \u00e9conomiques r\u00e9gionales respectives et \u00e9galement avec le reste du continent. Il compare cinq dimensions cl\u00e9s, \u00e0 savoir le commerce, la capacit\u00e9 de production, la politique macro\u00e9conomique, les infrastructures et la libre circulation des personnes.<\/p>\n<p>Et pour que l\u2019Afrique concr\u00e9tise ses efforts de longue date d\u2019une int\u00e9gration \u00e9conomique plus \u00e9troite, l\u2019ARII 2019 recommande l\u2019am\u00e9lioration des r\u00e9seaux r\u00e9gionaux de production et de commerce en renfor\u00e7ant les capacit\u00e9s de production, de distribution et de commercialisation des pays; le d\u00e9veloppement des cadres de cha\u00eenes de valeur r\u00e9gionaux innovants dans diff\u00e9rents secteurs en utilisant une technologie am\u00e9lior\u00e9e, des intrants de meilleure qualit\u00e9 et des techniques de commercialisation actualis\u00e9es.<\/p>\n<p>Il demande \u00e9galement aux Etats de mettre pleinement en \u0153uvre la ZLECAF pour supprimer les barri\u00e8res non tarifaires, ce qui reste un d\u00e9fi majeur pour l\u2019int\u00e9gration r\u00e9gionale; d\u2019am\u00e9liorer les comp\u00e9tences des travailleurs africains pour les adapter \u00e0 la technologie et aux capacit\u00e9s de production d\u2019aujourd\u2019hui et de demain pour garantir la prosp\u00e9rit\u00e9 dans l\u2019\u00e9conomie mondiale; d\u2019am\u00e9liorer les infrastructures en renfor\u00e7ant les Partenariats public-priv\u00e9, en puisant dans les ressources nationales et en utilisant les fonds de d\u00e9veloppement des infrastructures r\u00e9gionales et mondiales et d\u2019autres outils de financement innovants, accompagn\u00e9s par une concurrence rigoureuse et la transparence dans les processus d\u2019approvisionnement et de construction.<\/p>\n<\/div>\n<p>Auteur: APA News<br \/>\n<a href=\"https:\/\/www.journalducameroun.com\/afrique-pour-des-economies-plus-resilientes-a-travers-lintegration\/\">Cliquez ici pour lire l&rsquo;article depuis sa source.<\/a><\/p>\n","protected":false},"excerpt":{"rendered":"<p>Publi\u00e9 le 24.05.2020 \u00e0 09h18 par APA News La Commission \u00e9conomique pour l\u2019Afrique (CEA), la Banque africaine de d\u00e9veloppement (BAD) et la Commission de l\u2019Union africaine (CUA) invitent les pays africains \u00e0 approfondir leur int\u00e9gration \u00e9conomique afin d\u2019\u00eatre plus r\u00e9sistants aux chocs comme la pand\u00e9mie actuelle de Covid-19.Cet appel lanc\u00e9 \u00e0 l\u2019occasion de la publication [&hellip;]<\/p>\n","protected":false},"author":1965,"featured_media":0,"comment_status":"closed","ping_status":"closed","sticky":false,"template":"","format":"standard","meta":{"fifu_image_url":"","fifu_image_alt":"","footnotes":""},"categories":[73,82],"tags":[],"class_list":["post-86582","post","type-post","status-publish","format-standard","hentry","category-actualite","category-cameroun"],"_links":{"self":[{"href":"https:\/\/linitiative.ca\/International\/wp-json\/wp\/v2\/posts\/86582","targetHints":{"allow":["GET"]}}],"collection":[{"href":"https:\/\/linitiative.ca\/International\/wp-json\/wp\/v2\/posts"}],"about":[{"href":"https:\/\/linitiative.ca\/International\/wp-json\/wp\/v2\/types\/post"}],"author":[{"embeddable":true,"href":"https:\/\/linitiative.ca\/International\/wp-json\/wp\/v2\/users\/1965"}],"replies":[{"embeddable":true,"href":"https:\/\/linitiative.ca\/International\/wp-json\/wp\/v2\/comments?post=86582"}],"version-history":[{"count":0,"href":"https:\/\/linitiative.ca\/International\/wp-json\/wp\/v2\/posts\/86582\/revisions"}],"wp:attachment":[{"href":"https:\/\/linitiative.ca\/International\/wp-json\/wp\/v2\/media?parent=86582"}],"wp:term":[{"taxonomy":"category","embeddable":true,"href":"https:\/\/linitiative.ca\/International\/wp-json\/wp\/v2\/categories?post=86582"},{"taxonomy":"post_tag","embeddable":true,"href":"https:\/\/linitiative.ca\/International\/wp-json\/wp\/v2\/tags?post=86582"}],"curies":[{"name":"wp","href":"https:\/\/api.w.org\/{rel}","templated":true}]}}