{"id":86583,"date":"2020-05-24T04:18:08","date_gmt":"2020-05-24T08:18:08","guid":{"rendered":"https:\/\/linitiative.ca\/International\/journee-de-lafrique-odd-et-developpement-au-menu-dun-panel\/"},"modified":"2020-05-24T04:18:08","modified_gmt":"2020-05-24T08:18:08","slug":"journee-de-lafrique-odd-et-developpement-au-menu-dun-panel","status":"publish","type":"post","link":"https:\/\/linitiative.ca\/International\/journee-de-lafrique-odd-et-developpement-au-menu-dun-panel\/","title":{"rendered":"Journ\u00e9e de l\u2019Afrique: ODD et d\u00e9veloppement au menu d\u2019un panel"},"content":{"rendered":"<div readability=\"32\">\n<p>Publi\u00e9 le 24.05.2020 \u00e0 09h18 par APA News<\/p>\n<\/div>\n<div readability=\"64\">\n<p>Pour c\u00e9l\u00e9brer la Journ\u00e9e Mondiale de l\u2019Afrique le 25 mai, le Groupe UBA organise un panel sur le th\u00e8me : \u00ab Les Objectifs mondiaux pour le D\u00e9veloppement Durable et le d\u00e9veloppement africain \u00e0 la crois\u00e9e des chemins \u00bb, annonce un communiqu\u00e9 re\u00e7u \u00e0 APA.\u00ab Le 25 Mai de chaque ann\u00e9e, la Journ\u00e9e Mondiale de l\u2019Afrique est c\u00e9l\u00e9br\u00e9e \u00e0 travers le continent. Pour le Groupe UBA ainsi que ses filiales, cette date est l\u2019occasion de c\u00e9l\u00e9brer l\u2019h\u00e9ritage panafricain de la banque. Ainsi, UBA tiendra une grande conf\u00e9rence d\u00e9bat virtuelle sur les politiques int\u00e9rieures, le d\u00e9veloppement r\u00e9gional et l\u2019agenda international dont le th\u00e8me retenu est +Les Objectifs mondiaux pour le D\u00e9veloppement Durable et le d\u00e9veloppement africain \u00e0 la crois\u00e9e des chemins+ \u00bb, explique le communiqu\u00e9.<\/p>\n<p>Un 1er panel d\u2019intervenants sera compos\u00e9, entre autres, du Dr Nalishebo Meebelo (Coordonnateur Principal au Secr\u00e9tariat de la Nouvelle Alliance pour la s\u00e9curit\u00e9 alimentaire et la nutrition de la Commission de l\u2019Union africaine), Roland Kwemain (Pr\u00e9sident, Go Ahead Africa Ltd), Tolu Ogunlesi (Conseiller Sp\u00e9cial du Pr\u00e9sident nig\u00e9rian sur les nouveaux m\u00e9dias et les m\u00e9dias num\u00e9riques), Sobel Aziz Ngom (Fondateur et Directeur Ex\u00e9cutif, Social Change Factory).<\/p>\n<p>Le 2eme panel verra la participation de Tony O. Elumelu, Fondateur de la Fondation Tony Elumelu et PCA du Groupe UBA. L\u2019\u00e9conomiste, investisseur et philanthrope nig\u00e9rian sera accompagn\u00e9 d\u2019invit\u00e9s de renom notamment le Pr\u00e9sident de la R\u00e9publique du Lib\u00e9ria, George Weah ; Amir Ben Yahmed (Pr\u00e9sident et fondateur, Africa CEO Forum) et le Professeur Benedict Okey Oramah (Pr\u00e9sident CA, AFREXIMBANK).<\/p>\n<\/div>\n<p>Auteur: APA News<br \/>\n<a href=\"https:\/\/www.journalducameroun.com\/journee-de-lafrique-odd-et-developpement-au-menu-dun-panel\/\">Cliquez ici pour lire l&rsquo;article depuis sa source.<\/a><\/p>\n","protected":false},"excerpt":{"rendered":"<p>Publi\u00e9 le 24.05.2020 \u00e0 09h18 par APA News Pour c\u00e9l\u00e9brer la Journ\u00e9e Mondiale de l\u2019Afrique le 25 mai, le Groupe UBA organise un panel sur le th\u00e8me : \u00ab Les Objectifs mondiaux pour le D\u00e9veloppement Durable et le d\u00e9veloppement africain \u00e0 la crois\u00e9e des chemins \u00bb, annonce un communiqu\u00e9 re\u00e7u \u00e0 APA.\u00ab Le 25 Mai [&hellip;]<\/p>\n","protected":false},"author":1965,"featured_media":0,"comment_status":"closed","ping_status":"closed","sticky":false,"template":"","format":"standard","meta":{"fifu_image_url":"","fifu_image_alt":"","footnotes":""},"categories":[73,82],"tags":[],"class_list":["post-86583","post","type-post","status-publish","format-standard","hentry","category-actualite","category-cameroun"],"_links":{"self":[{"href":"https:\/\/linitiative.ca\/International\/wp-json\/wp\/v2\/posts\/86583","targetHints":{"allow":["GET"]}}],"collection":[{"href":"https:\/\/linitiative.ca\/International\/wp-json\/wp\/v2\/posts"}],"about":[{"href":"https:\/\/linitiative.ca\/International\/wp-json\/wp\/v2\/types\/post"}],"author":[{"embeddable":true,"href":"https:\/\/linitiative.ca\/International\/wp-json\/wp\/v2\/users\/1965"}],"replies":[{"embeddable":true,"href":"https:\/\/linitiative.ca\/International\/wp-json\/wp\/v2\/comments?post=86583"}],"version-history":[{"count":0,"href":"https:\/\/linitiative.ca\/International\/wp-json\/wp\/v2\/posts\/86583\/revisions"}],"wp:attachment":[{"href":"https:\/\/linitiative.ca\/International\/wp-json\/wp\/v2\/media?parent=86583"}],"wp:term":[{"taxonomy":"category","embeddable":true,"href":"https:\/\/linitiative.ca\/International\/wp-json\/wp\/v2\/categories?post=86583"},{"taxonomy":"post_tag","embeddable":true,"href":"https:\/\/linitiative.ca\/International\/wp-json\/wp\/v2\/tags?post=86583"}],"curies":[{"name":"wp","href":"https:\/\/api.w.org\/{rel}","templated":true}]}}