{"id":86584,"date":"2020-05-24T05:18:02","date_gmt":"2020-05-24T09:18:02","guid":{"rendered":"https:\/\/linitiative.ca\/International\/senegal-laid-el-fitr-celebree-ce-dimanche\/"},"modified":"2020-05-24T05:18:02","modified_gmt":"2020-05-24T09:18:02","slug":"senegal-laid-el-fitr-celebree-ce-dimanche","status":"publish","type":"post","link":"https:\/\/linitiative.ca\/International\/senegal-laid-el-fitr-celebree-ce-dimanche\/","title":{"rendered":"S\u00e9n\u00e9gal: l\u2019A\u00efd el-Fitr c\u00e9l\u00e9br\u00e9e ce dimanche"},"content":{"rendered":"<div readability=\"32\">\n<p>Publi\u00e9 le 24.05.2020 \u00e0 10h18 par APA News<\/p>\n<\/div>\n<div readability=\"55\">\n<p>La majorit\u00e9 des musulmans s\u00e9n\u00e9galais c\u00e9l\u00e8brent, ce dimanche, la f\u00eate de l\u2019A\u00efd el-Fitr, \u00e0 l\u2019appel de la Commission nationale de concertation sur le croissant lunaire (CONACOC, officielle).A cause de la Covid-19, le Khalife g\u00e9n\u00e9ral des Tidianes, Serigne Mbaye Sy Mansour, a annul\u00e9 les pri\u00e8res collectives pour la Korit\u00e9 \u00e0 Tivaouane, capitale de la tijaniya au S\u00e9n\u00e9gal.<\/p>\n<p>A Touba, fief du mouridisme, le Khalife g\u00e9n\u00e9ral, Serigne Mountakha Mback\u00e9 a appel\u00e9 au respect des mesures barri\u00e8res et demand\u00e9 aux femmes et aux enfants de rester \u00e0 la maison. La pri\u00e8re se d\u00e9roulera \u00e0 l\u2019int\u00e9rieur de la grande mosqu\u00e9e de Touba, contrairement aux ann\u00e9es pr\u00e9c\u00e9dentes o\u00f9 elle \u00e9tait tenue sur un site r\u00e9serv\u00e9 devant la mosqu\u00e9e.<\/p>\n<p>Hier samedi, la Coordination des musulmans du S\u00e9n\u00e9gal (CMS) a c\u00e9l\u00e9br\u00e9 l\u2019A\u00efd el-Fitr.<\/p>\n<\/div>\n<p>Auteur: APA News<br \/>\n<a href=\"https:\/\/www.journalducameroun.com\/senegal-laid-el-fitr-celebree-ce-dimanche\/\">Cliquez ici pour lire l&rsquo;article depuis sa source.<\/a><\/p>\n","protected":false},"excerpt":{"rendered":"<p>Publi\u00e9 le 24.05.2020 \u00e0 10h18 par APA News La majorit\u00e9 des musulmans s\u00e9n\u00e9galais c\u00e9l\u00e8brent, ce dimanche, la f\u00eate de l\u2019A\u00efd el-Fitr, \u00e0 l\u2019appel de la Commission nationale de concertation sur le croissant lunaire (CONACOC, officielle).A cause de la Covid-19, le Khalife g\u00e9n\u00e9ral des Tidianes, Serigne Mbaye Sy Mansour, a annul\u00e9 les pri\u00e8res collectives pour la [&hellip;]<\/p>\n","protected":false},"author":1965,"featured_media":0,"comment_status":"closed","ping_status":"closed","sticky":false,"template":"","format":"standard","meta":{"fifu_image_url":"","fifu_image_alt":"","footnotes":""},"categories":[73,82],"tags":[],"class_list":["post-86584","post","type-post","status-publish","format-standard","hentry","category-actualite","category-cameroun"],"_links":{"self":[{"href":"https:\/\/linitiative.ca\/International\/wp-json\/wp\/v2\/posts\/86584","targetHints":{"allow":["GET"]}}],"collection":[{"href":"https:\/\/linitiative.ca\/International\/wp-json\/wp\/v2\/posts"}],"about":[{"href":"https:\/\/linitiative.ca\/International\/wp-json\/wp\/v2\/types\/post"}],"author":[{"embeddable":true,"href":"https:\/\/linitiative.ca\/International\/wp-json\/wp\/v2\/users\/1965"}],"replies":[{"embeddable":true,"href":"https:\/\/linitiative.ca\/International\/wp-json\/wp\/v2\/comments?post=86584"}],"version-history":[{"count":0,"href":"https:\/\/linitiative.ca\/International\/wp-json\/wp\/v2\/posts\/86584\/revisions"}],"wp:attachment":[{"href":"https:\/\/linitiative.ca\/International\/wp-json\/wp\/v2\/media?parent=86584"}],"wp:term":[{"taxonomy":"category","embeddable":true,"href":"https:\/\/linitiative.ca\/International\/wp-json\/wp\/v2\/categories?post=86584"},{"taxonomy":"post_tag","embeddable":true,"href":"https:\/\/linitiative.ca\/International\/wp-json\/wp\/v2\/tags?post=86584"}],"curies":[{"name":"wp","href":"https:\/\/api.w.org\/{rel}","templated":true}]}}