{"id":86591,"date":"2020-05-25T06:11:50","date_gmt":"2020-05-25T10:11:50","guid":{"rendered":"https:\/\/linitiative.ca\/International\/covid-19-maroc-depuis-hier-16hr-62-nouveaux-cas-34-nouvelles-guerisons-1-deces\/"},"modified":"2020-05-25T06:11:50","modified_gmt":"2020-05-25T10:11:50","slug":"covid-19-maroc-depuis-hier-16hr-62-nouveaux-cas-34-nouvelles-guerisons-1-deces","status":"publish","type":"post","link":"https:\/\/linitiative.ca\/International\/covid-19-maroc-depuis-hier-16hr-62-nouveaux-cas-34-nouvelles-guerisons-1-deces\/","title":{"rendered":"Covid-19 \/ Maroc : Depuis hier 16hr 62 nouveaux cas 34 nouvelles gu\u00e9risons 1 D\u00c9C\u00c8S"},"content":{"rendered":"<div>\n<p>Depuis hier 16hr 62 nouveaux cas 34 nouvelles gu&eacute;risons 1 D&Eacute;C&Egrave;S<\/p>\n<p><a href=\"https:\/\/aujourdhui.ma\/wp-content\/uploads\/2020\/05\/bilan-coronavirus-Maroc-25052020-10h00.jpg\"><img loading=\"lazy\" decoding=\"async\" class=\"alignnone size-full wp-image-345802\" src=\"https:\/\/aujourdhui.ma\/wp-content\/uploads\/2020\/05\/bilan-coronavirus-Maroc-25052020-10h00.jpg\" alt=\"\" width=\"806\" height=\"734\" srcset=\"\/\/aujourdhui.ma\/wp-content\/uploads\/2020\/05\/bilan-coronavirus-Maroc-25052020-10h00.jpg 806w, \/\/aujourdhui.ma\/wp-content\/uploads\/2020\/05\/bilan-coronavirus-Maroc-25052020-10h00-300x273.jpg 300w, \/\/aujourdhui.ma\/wp-content\/uploads\/2020\/05\/bilan-coronavirus-Maroc-25052020-10h00-768x699.jpg 768w\" sizes=\"auto, (max-width: 806px) 100vw, 806px\"><\/a> <a href=\"https:\/\/aujourdhui.ma\/wp-content\/uploads\/2020\/05\/bilan-coronavirus-Maroc-25052020-10h00-regions.jpg\"><img loading=\"lazy\" decoding=\"async\" class=\"alignnone size-full wp-image-345801\" src=\"https:\/\/aujourdhui.ma\/wp-content\/uploads\/2020\/05\/bilan-coronavirus-Maroc-25052020-10h00-regions.jpg\" alt=\"\" width=\"1128\" height=\"681\" srcset=\"\/\/aujourdhui.ma\/wp-content\/uploads\/2020\/05\/bilan-coronavirus-Maroc-25052020-10h00-regions.jpg 1128w, \/\/aujourdhui.ma\/wp-content\/uploads\/2020\/05\/bilan-coronavirus-Maroc-25052020-10h00-regions-300x181.jpg 300w, \/\/aujourdhui.ma\/wp-content\/uploads\/2020\/05\/bilan-coronavirus-Maroc-25052020-10h00-regions-1024x618.jpg 1024w, \/\/aujourdhui.ma\/wp-content\/uploads\/2020\/05\/bilan-coronavirus-Maroc-25052020-10h00-regions-768x464.jpg 768w\" sizes=\"auto, (max-width: 1128px) 100vw, 1128px\"><\/a><\/p>\n<\/div>\n<p>Auteur: ALM<br \/>\n<a href=\"https:\/\/aujourdhui.ma\/actualite\/covid-19-maroc-depuis-hier-16hr-62-nouveaux-cas-34-nouvelles-guerisons-1-deces\">Cliquez ici pour lire l&rsquo;article depuis sa source.<\/a><\/p>\n","protected":false},"excerpt":{"rendered":"<p>Depuis hier 16hr 62 nouveaux cas 34 nouvelles gu&eacute;risons 1 D&Eacute;C&Egrave;S Auteur: ALM Cliquez ici pour lire l&rsquo;article depuis sa source.<\/p>\n","protected":false},"author":1759,"featured_media":86592,"comment_status":"closed","ping_status":"closed","sticky":false,"template":"","format":"standard","meta":{"fifu_image_url":"","fifu_image_alt":"","footnotes":""},"categories":[73,54],"tags":[],"class_list":["post-86591","post","type-post","status-publish","format-standard","has-post-thumbnail","hentry","category-actualite","category-maroc"],"_links":{"self":[{"href":"https:\/\/linitiative.ca\/International\/wp-json\/wp\/v2\/posts\/86591","targetHints":{"allow":["GET"]}}],"collection":[{"href":"https:\/\/linitiative.ca\/International\/wp-json\/wp\/v2\/posts"}],"about":[{"href":"https:\/\/linitiative.ca\/International\/wp-json\/wp\/v2\/types\/post"}],"author":[{"embeddable":true,"href":"https:\/\/linitiative.ca\/International\/wp-json\/wp\/v2\/users\/1759"}],"replies":[{"embeddable":true,"href":"https:\/\/linitiative.ca\/International\/wp-json\/wp\/v2\/comments?post=86591"}],"version-history":[{"count":0,"href":"https:\/\/linitiative.ca\/International\/wp-json\/wp\/v2\/posts\/86591\/revisions"}],"wp:featuredmedia":[{"embeddable":true,"href":"https:\/\/linitiative.ca\/International\/wp-json\/"}],"wp:attachment":[{"href":"https:\/\/linitiative.ca\/International\/wp-json\/wp\/v2\/media?parent=86591"}],"wp:term":[{"taxonomy":"category","embeddable":true,"href":"https:\/\/linitiative.ca\/International\/wp-json\/wp\/v2\/categories?post=86591"},{"taxonomy":"post_tag","embeddable":true,"href":"https:\/\/linitiative.ca\/International\/wp-json\/wp\/v2\/tags?post=86591"}],"curies":[{"name":"wp","href":"https:\/\/api.w.org\/{rel}","templated":true}]}}