{"id":86595,"date":"2020-05-25T06:47:24","date_gmt":"2020-05-25T10:47:24","guid":{"rendered":"https:\/\/linitiative.ca\/International\/le-digital-interne-en-entreprise-faites-enfin-entrer-vos-collaborateurs-dans-lere-numerique-de-christophe-coupez\/"},"modified":"2020-05-25T06:47:24","modified_gmt":"2020-05-25T10:47:24","slug":"le-digital-interne-en-entreprise-faites-enfin-entrer-vos-collaborateurs-dans-lere-numerique-de-christophe-coupez","status":"publish","type":"post","link":"https:\/\/linitiative.ca\/International\/le-digital-interne-en-entreprise-faites-enfin-entrer-vos-collaborateurs-dans-lere-numerique-de-christophe-coupez\/","title":{"rendered":"Le digital interne en entreprise : Faites (enfin) entrer vos collaborateurs dans l\u2019\u00e8re num\u00e9rique, de Christophe Coupez"},"content":{"rendered":"<header>\n<\/header>\n<div class=\"entry-content clearfix\" readability=\"49\"><img decoding=\"async\" class=\"post_layout_5_img\" src=\"http:\/\/aujourdhui.ma\/wp-content\/uploads\/2020\/05\/Le-digital-interne-en-entreprise.jpg\" alt=\"Le digital interne en entreprise : Faites (enfin) entrer vos collaborateurs dans l&#x2019;&#xE8;re num&#xE9;rique, de Christophe Coupez\"\/><\/p>\n<p><span class=\"c8\"><span class=\"c7\"><strong>L\u2019auteur rappelle les premi\u00e8res r\u00e9volutions dans la mani\u00e8re de communiquer qu\u2019a connues le monde en citant la messagerie \u00e9lectronique et les serveurs de fichiers.<\/strong><\/span><span id=\"more-345720\"\/><\/span><\/p>\n<p>Apr\u00e8s 30 ans, le contexte a compl\u00e8tement chang\u00e9 et de nouvelles contraintes induisent un besoin de r\u00e9activit\u00e9 face \u00e0 une concurrence exacerb\u00e9e\u2026 Nombreuses sont les soci\u00e9t\u00e9s qui ont continu\u00e9 \u00e0 travailler comme nagu\u00e8re. D\u2019autres par contre, plus visionnaires, ont compris les opportunit\u00e9s des nouvelles solutions. En investissant sur celles-ci, les entreprises se d\u00e9marqueront.<\/p>\n<p>L\u2019auteur invite le manager \u00e0 le faire. En citant des exemples, il livre les cl\u00e9s du succ\u00e8s pour r\u00e9ussir la mutation vers un mode de collaboration et de partage digne de notre \u00e9poque. \u00abComment le num\u00e9rique va-t-il optimiser vos proc\u00e9dures et dynamiser votre organisation interne en la rendant plus agile? Quels sont les outils adapt\u00e9s \u00e0 vos enjeux strat\u00e9giques et \u00e0 la taille de votre entreprise? Comment convaincre vos collaborateurs de vous suivre dans ce d\u00e9fi?\u00bb sont autant de questions auxquelles Christophe Coupez a bien voulu r\u00e9pondre dans cet ouvrage. Ancien responsable du digital interne chez Bouygues Telecom, il accompagne au quotidien et depuis 2007 les entreprises sur le chemin de leur transformation digitale.<\/p>\n<p><strong>Ed. Mardaga (27\/06\/2019)<\/strong><\/p>\n<\/div>\n<p>Auteur: ALM<br \/>\n<a href=\"https:\/\/aujourdhui.ma\/emploi\/le-digital-interne-en-entreprise-faites-enfin-entrer-vos-collaborateurs-dans-lere-numerique-de-christophe-coupez\">Cliquez ici pour lire l&rsquo;article depuis sa source.<\/a><\/p>\n","protected":false},"excerpt":{"rendered":"<p>L\u2019auteur rappelle les premi\u00e8res r\u00e9volutions dans la mani\u00e8re de communiquer qu\u2019a connues le monde en citant la messagerie \u00e9lectronique et les serveurs de fichiers. Apr\u00e8s 30 ans, le contexte a compl\u00e8tement chang\u00e9 et de nouvelles contraintes induisent un besoin de r\u00e9activit\u00e9 face \u00e0 une concurrence exacerb\u00e9e\u2026 Nombreuses sont les soci\u00e9t\u00e9s qui ont continu\u00e9 \u00e0 travailler [&hellip;]<\/p>\n","protected":false},"author":1759,"featured_media":86596,"comment_status":"closed","ping_status":"closed","sticky":false,"template":"","format":"standard","meta":{"fifu_image_url":"","fifu_image_alt":"","footnotes":""},"categories":[73,54],"tags":[],"class_list":["post-86595","post","type-post","status-publish","format-standard","has-post-thumbnail","hentry","category-actualite","category-maroc"],"_links":{"self":[{"href":"https:\/\/linitiative.ca\/International\/wp-json\/wp\/v2\/posts\/86595","targetHints":{"allow":["GET"]}}],"collection":[{"href":"https:\/\/linitiative.ca\/International\/wp-json\/wp\/v2\/posts"}],"about":[{"href":"https:\/\/linitiative.ca\/International\/wp-json\/wp\/v2\/types\/post"}],"author":[{"embeddable":true,"href":"https:\/\/linitiative.ca\/International\/wp-json\/wp\/v2\/users\/1759"}],"replies":[{"embeddable":true,"href":"https:\/\/linitiative.ca\/International\/wp-json\/wp\/v2\/comments?post=86595"}],"version-history":[{"count":0,"href":"https:\/\/linitiative.ca\/International\/wp-json\/wp\/v2\/posts\/86595\/revisions"}],"wp:featuredmedia":[{"embeddable":true,"href":"https:\/\/linitiative.ca\/International\/wp-json\/"}],"wp:attachment":[{"href":"https:\/\/linitiative.ca\/International\/wp-json\/wp\/v2\/media?parent=86595"}],"wp:term":[{"taxonomy":"category","embeddable":true,"href":"https:\/\/linitiative.ca\/International\/wp-json\/wp\/v2\/categories?post=86595"},{"taxonomy":"post_tag","embeddable":true,"href":"https:\/\/linitiative.ca\/International\/wp-json\/wp\/v2\/tags?post=86595"}],"curies":[{"name":"wp","href":"https:\/\/api.w.org\/{rel}","templated":true}]}}