{"id":86601,"date":"2020-05-24T19:33:11","date_gmt":"2020-05-24T23:33:11","guid":{"rendered":"https:\/\/linitiative.ca\/International\/vers-la-creation-par-luca-dun-observatoire-des-epidemies\/"},"modified":"2020-05-24T19:33:11","modified_gmt":"2020-05-24T23:33:11","slug":"vers-la-creation-par-luca-dun-observatoire-des-epidemies","status":"publish","type":"post","link":"https:\/\/linitiative.ca\/International\/vers-la-creation-par-luca-dun-observatoire-des-epidemies\/","title":{"rendered":"Vers la cr\u00e9ation par l\u2019UCA d\u2019un Observatoire des \u00e9pid\u00e9mies"},"content":{"rendered":"<div readability=\"38\">\n<p>Marrakech \u2013 L\u2019Universit\u00e9 Cadi Ayyad (UCA) de Marrakech compte cr\u00e9er un Observatoire des \u00e9pid\u00e9mies, sorte de structure scientifique qui aura pour missions la connaissance pr\u00e9coce de l\u2019arriv\u00e9e de l\u2019\u00e9pid\u00e9mie, le suivi et l\u2019\u00e9tude de l\u2019\u00e9volution des virus et bact\u00e9ries, la d\u00e9tection pr\u00e9coce de la circulation des virus et la d\u00e9termination de l\u2019\u00e9volution r\u00e9gionale et nationale des \u00e9pid\u00e9mies.<\/p>\n<\/div>\n<div readability=\"99\">\n<p>Cette d\u00e9cision a \u00e9t\u00e9 annonc\u00e9e par le pr\u00e9sident de cet \u00e9tablissement d\u2019enseignement sup\u00e9rieur, Moulay Lhassan Hbid lors d\u2019une visioconf\u00e9rence organis\u00e9e r\u00e9cemment, sous le th\u00e8me \u00ab\u00a0Enseignement inclusif et responsabilit\u00e9 sociale \u00e0 l\u2019Universit\u00e9 Cadi Ayyad (UCA) dans le contexte de la pand\u00e9mie Covid-19\u00a0\u00bb.<\/p>\n<p>Cette structure scientifique vient soutenir la dynamique de la recherche scientifique induite par la pand\u00e9mie du coronavirus, a indiqu\u00e9 M. Hbid dans une d\u00e9claration \u00e0 la MAP, relevant que ce projet scientifique, le premier du genre au Maroc, n\u00e9cessitera quelque 5 millions de DH sur 3 ans.<\/p>\n<p>Et de pr\u00e9ciser que cette structure scientifique sera r\u00e9alis\u00e9e en collaboration avec le minist\u00e8re de la sant\u00e9, l\u2019Institut Pasteur, la Direction de l\u2019\u00e9pid\u00e9miologie et de la Lutte contre les Maladies, le d\u00e9partement de l\u2019Enseignement sup\u00e9rieur et de la Recherche scientifique, le Centre Anti-Poison et de Pharmacovigilance du Maroc (CAPM) et avec le soutien de certaines organisations, telles que l\u2019Organisation Islamique pour l\u2019Education, les Sciences et la Culture (ISESCO).<\/p>\n<p>L\u2019UCA travaillera aussi avec le Conseil R\u00e9gional de Marrakech-Safi pour concr\u00e9tiser ce projet scientifique ambitieux \u00e0 caract\u00e8re r\u00e9gional et national, a-t-il insist\u00e9.<\/p>\n<p>L\u2019\u00e9quipe de scientifiques de cet observatoire sera pluridisciplinaire et compos\u00e9e notamment, de sp\u00e9cialistes de la statistique (qui \u00e9tudieront les \u00e9pid\u00e9mies \u00e0 travers la collecte de donn\u00e9es, leur traitement, leur analyse et l\u2019interpr\u00e9tation des r\u00e9sultats), d\u2019informaticiens, de m\u00e9decins, d\u2019\u00e9pid\u00e9miologistes en plus de sociologues et de psychologues, a-t-il expliqu\u00e9.<\/p>\n<p>En ces circonstances exceptionnelles, l\u2019UCA de Marrakech a orient\u00e9 la recherche scientifique vers la pand\u00e9mie du nouveau coronavirus (Covid-19) et ses r\u00e9percussions sur les diff\u00e9rents aspects de la vie sociale et \u00e9conomique, rappelle-t-on.<\/p>\n<p>Cette universit\u00e9 se penche sur l\u2019\u00e9laboration d\u2019une strat\u00e9gie pour orienter la recherche scientifique vers un ensemble de sujets inh\u00e9rents au coronavirus et \u00e0 la p\u00e9riode post pand\u00e9mie, aussi bien sur le plan \u00e9conomique que social.<\/p>\n<p>L\u2019UCA a consacr\u00e9 un budget important \u00e0 cet effet et entam\u00e9 la formation d\u2019\u00e9quipes de chercheurs, compos\u00e9es de professeurs dans les diff\u00e9rentes fili\u00e8res universitaires, afin de trouver des solutions, de contribuer \u00e0 la gestion des crises \u00e9pid\u00e9miologiques et de r\u00e9aliser des projets de recherche se rapportant aux domaines li\u00e9s au virus.<\/p>\n<p>Ces \u00e9quipes \u0153uvreront en vue d\u2019apporter des \u00e9l\u00e9ments de r\u00e9ponse aux questions relatives \u00e0 l\u2019analyse de la propagation du nouveau coronavirus et \u00e0 la saisie de ses diff\u00e9rentes dimensions au Maroc, d\u2019\u00e9laborer des recommandations appropri\u00e9es pour mieux g\u00e9rer les p\u00e9riodes de transition et post pand\u00e9mie, et permettre un retour \u00e0 la normale dans le Royaume, outre les enseignements tir\u00e9s de cette pand\u00e9mie et les mesures pr\u00e9ventives \u00e0 prendre \u00e0 l\u2019avenir.<\/p>\n<\/div>\n<p>Auteur: Meriem IGASS<br \/>\n<a href=\"http:\/\/www.mapmarrakech.ma\/fr\/vers-la-creation-par-luca-dun-observatoire-des-epidemies\/\">Cliquez ici pour lire l&rsquo;article depuis sa source.<\/a><\/p>\n","protected":false},"excerpt":{"rendered":"<p>Marrakech \u2013 L\u2019Universit\u00e9 Cadi Ayyad (UCA) de Marrakech compte cr\u00e9er un Observatoire des \u00e9pid\u00e9mies, sorte de structure scientifique qui aura pour missions la connaissance pr\u00e9coce de l\u2019arriv\u00e9e de l\u2019\u00e9pid\u00e9mie, le suivi et l\u2019\u00e9tude de l\u2019\u00e9volution des virus et bact\u00e9ries, la d\u00e9tection pr\u00e9coce de la circulation des virus et la d\u00e9termination de l\u2019\u00e9volution r\u00e9gionale et nationale [&hellip;]<\/p>\n","protected":false},"author":1788,"featured_media":0,"comment_status":"closed","ping_status":"closed","sticky":false,"template":"","format":"standard","meta":{"fifu_image_url":"","fifu_image_alt":"","footnotes":""},"categories":[54,76],"tags":[],"class_list":["post-86601","post","type-post","status-publish","format-standard","hentry","category-maroc","category-regions"],"_links":{"self":[{"href":"https:\/\/linitiative.ca\/International\/wp-json\/wp\/v2\/posts\/86601","targetHints":{"allow":["GET"]}}],"collection":[{"href":"https:\/\/linitiative.ca\/International\/wp-json\/wp\/v2\/posts"}],"about":[{"href":"https:\/\/linitiative.ca\/International\/wp-json\/wp\/v2\/types\/post"}],"author":[{"embeddable":true,"href":"https:\/\/linitiative.ca\/International\/wp-json\/wp\/v2\/users\/1788"}],"replies":[{"embeddable":true,"href":"https:\/\/linitiative.ca\/International\/wp-json\/wp\/v2\/comments?post=86601"}],"version-history":[{"count":0,"href":"https:\/\/linitiative.ca\/International\/wp-json\/wp\/v2\/posts\/86601\/revisions"}],"wp:attachment":[{"href":"https:\/\/linitiative.ca\/International\/wp-json\/wp\/v2\/media?parent=86601"}],"wp:term":[{"taxonomy":"category","embeddable":true,"href":"https:\/\/linitiative.ca\/International\/wp-json\/wp\/v2\/categories?post=86601"},{"taxonomy":"post_tag","embeddable":true,"href":"https:\/\/linitiative.ca\/International\/wp-json\/wp\/v2\/tags?post=86601"}],"curies":[{"name":"wp","href":"https:\/\/api.w.org\/{rel}","templated":true}]}}