{"id":86606,"date":"2020-05-25T09:25:33","date_gmt":"2020-05-25T13:25:33","guid":{"rendered":"https:\/\/linitiative.ca\/International\/10-nouveaux-cas-exclus-apres-des-tests-negatifs-1-160-au-total-dps\/"},"modified":"2020-05-25T09:25:33","modified_gmt":"2020-05-25T13:25:33","slug":"10-nouveaux-cas-exclus-apres-des-tests-negatifs-1-160-au-total-dps","status":"publish","type":"post","link":"https:\/\/linitiative.ca\/International\/10-nouveaux-cas-exclus-apres-des-tests-negatifs-1-160-au-total-dps\/","title":{"rendered":"10 nouveaux cas exclus apr\u00e8s des tests n\u00e9gatifs, 1.160 au total (DPS)"},"content":{"rendered":"<div class=\"single-featured\"><img alt=\"\" data-src=\"http:\/\/www.mapmarrakech.ma\/map\/uploads\/2020\/05\/bilan-Essaouira-copier-8.jpg\"\/><\/div>\n<div class=\"single-post-excerpt post-excerpt-bc\" readability=\"36\">\n<p>Essaouira \u2013 Dix nouveaux cas ont \u00e9t\u00e9 exclus apr\u00e8s des r\u00e9sultats n\u00e9gatifs des analyses effectu\u00e9es au laboratoire pour d\u00e9tecter une \u00e9ventuelle contamination au nouveau coronavirus (Covid-19) au niveau de la province d\u2019Essaouira, portant \u00e0 1.160 le nombre total des cas n\u00e9gatifs enregistr\u00e9s dans la province.<\/p>\n<\/div>\n<div class=\"entry-content clearfix single-post-content\" readability=\"45\">\n<p>Un nouveau bilan \u00e9tabli, dimanche \u00e0 minuit, par la Direction Provinciale de la Sant\u00e9 (DPS) fait \u00e9galement savoir que 02 autres cas sont en attente des r\u00e9sultats des analyses au laboratoire.<\/p>\n<p>Par ailleurs, la m\u00eame source pr\u00e9cise que le nombre total des contaminations depuis le d\u00e9clenchement de la pand\u00e9mie s\u2019\u00e9tablit \u00e0 05 cas, dont quatre r\u00e9missions et un d\u00e9c\u00e8s.<\/p>\n<p>Gr\u00e2ce \u00e0 ces cas de gu\u00e9rison, la province d\u2019Essaouira demeure indemne de tout cas confirm\u00e9 du Covid-19, affirme la DPS.<\/p>\n<\/div>\n<p>Auteur: Meriem IGASS<br \/>\n<a href=\"http:\/\/www.mapmarrakech.ma\/fr\/10-nouveaux-cas-exclus-apres-des-tests-negatifs-1-160-au-total-dps\/\">Cliquez ici pour lire l&rsquo;article depuis sa source.<\/a><\/p>\n","protected":false},"excerpt":{"rendered":"<p>Essaouira \u2013 Dix nouveaux cas ont \u00e9t\u00e9 exclus apr\u00e8s des r\u00e9sultats n\u00e9gatifs des analyses effectu\u00e9es au laboratoire pour d\u00e9tecter une \u00e9ventuelle contamination au nouveau coronavirus (Covid-19) au niveau de la province d\u2019Essaouira, portant \u00e0 1.160 le nombre total des cas n\u00e9gatifs enregistr\u00e9s dans la province. Un nouveau bilan \u00e9tabli, dimanche \u00e0 minuit, par la Direction [&hellip;]<\/p>\n","protected":false},"author":1788,"featured_media":86607,"comment_status":"closed","ping_status":"closed","sticky":false,"template":"","format":"standard","meta":{"fifu_image_url":"","fifu_image_alt":"","footnotes":""},"categories":[54,76],"tags":[],"class_list":["post-86606","post","type-post","status-publish","format-standard","has-post-thumbnail","hentry","category-maroc","category-regions"],"_links":{"self":[{"href":"https:\/\/linitiative.ca\/International\/wp-json\/wp\/v2\/posts\/86606","targetHints":{"allow":["GET"]}}],"collection":[{"href":"https:\/\/linitiative.ca\/International\/wp-json\/wp\/v2\/posts"}],"about":[{"href":"https:\/\/linitiative.ca\/International\/wp-json\/wp\/v2\/types\/post"}],"author":[{"embeddable":true,"href":"https:\/\/linitiative.ca\/International\/wp-json\/wp\/v2\/users\/1788"}],"replies":[{"embeddable":true,"href":"https:\/\/linitiative.ca\/International\/wp-json\/wp\/v2\/comments?post=86606"}],"version-history":[{"count":0,"href":"https:\/\/linitiative.ca\/International\/wp-json\/wp\/v2\/posts\/86606\/revisions"}],"wp:featuredmedia":[{"embeddable":true,"href":"https:\/\/linitiative.ca\/International\/wp-json\/"}],"wp:attachment":[{"href":"https:\/\/linitiative.ca\/International\/wp-json\/wp\/v2\/media?parent=86606"}],"wp:term":[{"taxonomy":"category","embeddable":true,"href":"https:\/\/linitiative.ca\/International\/wp-json\/wp\/v2\/categories?post=86606"},{"taxonomy":"post_tag","embeddable":true,"href":"https:\/\/linitiative.ca\/International\/wp-json\/wp\/v2\/tags?post=86606"}],"curies":[{"name":"wp","href":"https:\/\/api.w.org\/{rel}","templated":true}]}}