{"id":86609,"date":"2020-05-25T09:15:26","date_gmt":"2020-05-25T13:15:26","guid":{"rendered":"https:\/\/linitiative.ca\/International\/tizi-ouzou-laid-celebre-a-lombre-des-mesures-de-confinement\/"},"modified":"2020-05-25T09:15:26","modified_gmt":"2020-05-25T13:15:26","slug":"tizi-ouzou-laid-celebre-a-lombre-des-mesures-de-confinement","status":"publish","type":"post","link":"https:\/\/linitiative.ca\/International\/tizi-ouzou-laid-celebre-a-lombre-des-mesures-de-confinement\/","title":{"rendered":"Tizi-Ouzou: l&rsquo;A\u00efd c\u00e9l\u00e9br\u00e9 \u00e0 l&rsquo;ombre des mesures de confinement"},"content":{"rendered":"<div readability=\"34\">\n<p><strong>TIZI-OUZOU- La c\u00e9l\u00e9bration de la f\u00eate de l&rsquo;A\u00efd El Fitr \u00e0 Tizi-Ouzou s&rsquo;est d\u00e9roul\u00e9e dans une atmosph\u00e8re particuli\u00e8re du fait des mesures de confinement pr\u00e9ventif de la propagation du coronavirus d\u00e9cid\u00e9es par les pouvoirs publics \u00e0 travers le territoire national.<\/strong><\/p>\n<\/div>\n<div readability=\"94.5\">\n<p>F\u00eate familiale par excellence marquant la fin du mois de Ramadhan, elle a \u00e9t\u00e9 c\u00e9l\u00e9br\u00e9e cette ann\u00e9e, notamment dans les centres urbains, \u00e0 travers les r\u00e9seaux sociaux, ironise Sa\u00efd, qui regrette ce contexte qui a \u00ab\u00a0vid\u00e9 cette f\u00eate de sa substance\u00a0\u00bb.<\/p>\n<blockquote readability=\"10\">\n<p><em><strong>\u00ab\u00a0Les gens sont habitu\u00e9s aux rituels des visites, de convivialit\u00e9, de joie et de partage qui r\u00e8gne durant l&rsquo;A\u00efd et on ne peut ne pas ressentir ce manque induit par cette pand\u00e9mie et les mesures de confinement pr\u00e9ventif qui vont avec, m\u00eame si ces mesures sont n\u00e9cessaires\u00a0\u00bb souligne-t-il.<\/strong><\/em><\/p>\n<\/blockquote>\n<p>C&rsquo;est surtout, poursuit-il, \u00ab\u00a0le durcissement des mesures de confinement avec l&rsquo;interdiction de la circulation automobile qui a accentu\u00e9 la morosit\u00e9 de l&rsquo;ambiance du fait que les gens ne peuvent sortir en famille ni se d\u00e9placer loin de chez eux pour rendre visite aux familles et amis\u00a0\u00bb.<\/p>\n<p>Autre fait marquant de cette f\u00eate, la pri\u00e8re de l&rsquo;A\u00efd, qui d&rsquo;habitude constitue un moment de communion, et qui cette ann\u00e9e s&rsquo;est d\u00e9roul\u00e9e \u00ab\u00a0\u00e0 domicile\u00a0\u00bb. \u00ab\u00a0Beaucoup ont accompli leur pri\u00e8re en suivant le rituel \u00e0 la t\u00e9l\u00e9vision\u00a0\u00bb t\u00e9moigne Ali, qui affirme l&rsquo;avoir fait lui-m\u00eame.<\/p>\n<p>Au chef-lieu de wilaya, quelques spectacles ont \u00e9t\u00e9 organis\u00e9s durant ces deux jours par des groupes de Scouts, \u00e0 travers les quartiers de la ville, pour \u00e9gayer un peu le quotidien des enfants priv\u00e9s de sortie et de joie durant cette f\u00eate qui est aussi la leur.<\/p>\n<blockquote readability=\"13\">\n<p><em><strong>Dans les villages, le confinement semble \u00ab\u00a0moins ressenti m\u00eame s&rsquo;il est respect\u00e9 dans une certaine mesure\u00a0\u00bb, t\u00e9moigne Achour du village Taghzout \u00e0 Illilten. \u00ab\u00a0Ce n&rsquo;est pas la joie des grands jours, mais, les gens sortent quand m\u00eame, pour rendre visite \u00e0 la famille ou aux voisins au village m\u00eame ou pour aller dans les champs\u00a0\u00bb explique-t-il.<\/strong><\/em><\/p>\n<\/blockquote>\n<p>Ici et l\u00e0, quelques initiatives sont, \u00e9galement, prises par des associations ou collectifs pour marquer cette f\u00eate, comme au village Cheurfa, dans la commune de Azazga, \u00e0 l&rsquo;Est de Tizi-Ouzou, o\u00f9 les jeunes ont entrepris de planter mille arbres durant ces deux jours.<\/p>\n<p>\u00a0Sur un autre chapitre, la Direction locale du commerce a r\u00e9quisitionn\u00e9 plus de 1.300 commer\u00e7ants, toutes activit\u00e9s confondues, pour assurer la permanence durant cette f\u00eate et permettre la disponibilit\u00e9 des produits de premi\u00e8re n\u00e9cessit\u00e9.<\/p>\n<p>\u00ab\u00a0Il s&rsquo;agit, pour la plupart de commerces activant dans le secteur de l&rsquo;agroalimentaire et des commerces de proximit\u00e9s en alimentation g\u00e9n\u00e9rale, des grandes surfaces et des boulangeries\u00a0\u00bb a indiqu\u00e9 \u00e0 l&rsquo;APS, le premier responsable de cette Direction, Kadda Adjabi.<\/p>\n<\/div>\n<p>Auteur:<br \/>\n<a href=\"http:\/\/www.aps.dz\/regions\/105405-tizi-ouzou-l-aid-celebre-a-l-ombre-des-mesures-de-confinement\">Cliquez ici pour lire l&rsquo;article depuis sa source.<\/a><\/p>\n","protected":false},"excerpt":{"rendered":"<p>TIZI-OUZOU- La c\u00e9l\u00e9bration de la f\u00eate de l&rsquo;A\u00efd El Fitr \u00e0 Tizi-Ouzou s&rsquo;est d\u00e9roul\u00e9e dans une atmosph\u00e8re particuli\u00e8re du fait des mesures de confinement pr\u00e9ventif de la propagation du coronavirus d\u00e9cid\u00e9es par les pouvoirs publics \u00e0 travers le territoire national. F\u00eate familiale par excellence marquant la fin du mois de Ramadhan, elle a \u00e9t\u00e9 c\u00e9l\u00e9br\u00e9e [&hellip;]<\/p>\n","protected":false},"author":1790,"featured_media":0,"comment_status":"closed","ping_status":"closed","sticky":false,"template":"","format":"standard","meta":{"fifu_image_url":"","fifu_image_alt":"","footnotes":""},"categories":[53,76],"tags":[],"class_list":["post-86609","post","type-post","status-publish","format-standard","hentry","category-algerie","category-regions"],"_links":{"self":[{"href":"https:\/\/linitiative.ca\/International\/wp-json\/wp\/v2\/posts\/86609","targetHints":{"allow":["GET"]}}],"collection":[{"href":"https:\/\/linitiative.ca\/International\/wp-json\/wp\/v2\/posts"}],"about":[{"href":"https:\/\/linitiative.ca\/International\/wp-json\/wp\/v2\/types\/post"}],"author":[{"embeddable":true,"href":"https:\/\/linitiative.ca\/International\/wp-json\/wp\/v2\/users\/1790"}],"replies":[{"embeddable":true,"href":"https:\/\/linitiative.ca\/International\/wp-json\/wp\/v2\/comments?post=86609"}],"version-history":[{"count":0,"href":"https:\/\/linitiative.ca\/International\/wp-json\/wp\/v2\/posts\/86609\/revisions"}],"wp:attachment":[{"href":"https:\/\/linitiative.ca\/International\/wp-json\/wp\/v2\/media?parent=86609"}],"wp:term":[{"taxonomy":"category","embeddable":true,"href":"https:\/\/linitiative.ca\/International\/wp-json\/wp\/v2\/categories?post=86609"},{"taxonomy":"post_tag","embeddable":true,"href":"https:\/\/linitiative.ca\/International\/wp-json\/wp\/v2\/tags?post=86609"}],"curies":[{"name":"wp","href":"https:\/\/api.w.org\/{rel}","templated":true}]}}