{"id":86612,"date":"2020-05-25T11:44:04","date_gmt":"2020-05-25T15:44:04","guid":{"rendered":"https:\/\/linitiative.ca\/International\/justice-lagenda-de-lapres-confinement\/"},"modified":"2020-05-25T11:44:04","modified_gmt":"2020-05-25T15:44:04","slug":"justice-lagenda-de-lapres-confinement","status":"publish","type":"post","link":"https:\/\/linitiative.ca\/International\/justice-lagenda-de-lapres-confinement\/","title":{"rendered":"Justice: L\u2019agenda de l\u2019apr\u00e8s- confinement"},"content":{"rendered":"<div class=\"body\">\n<div class=\"field field-name-body field-type-text-with-summary field-label-hidden\">\n<div class=\"field-items\" readability=\"11.5\">\n<div class=\"field-item even\" property=\"content:encoded\" readability=\"18\">\n<p class=\"rtejustify\">Les 290 juridictions du Royaume se pr\u00e9parent \u00e0 une reprise normale du service apr\u00e8s la fin du confinement pr\u00e9vue le 10 juin. Le Conseil sup\u00e9rieur du pouvoir judiciaire, la pr\u00e9sidence du minist\u00e8re public, le minist\u00e8re de la Justice et l\u2019Association des barreaux du Maroc ont convenu le 21 mai d\u2019une feuille de route en trois \u00e9tapes. La premi\u00e8re va du 11 au 30 juin, la seconde, du 1er juillet au 30 ao\u00fbt et la derni\u00e8re fix\u00e9e pour le 1er septembre 2020. Durant la premi\u00e8re phase, les proc\u00e8s \u00e0 distance et la comparution imm\u00e9diate des mis en cause vont se poursuivre en mati\u00e8re p\u00e9nale. Les proc\u00e9dures \u00e9crites, appliqu\u00e9es en droit commercial, civil et administratif, vont reprendre. La reprise est d\u00e9cid\u00e9e aussi pour les affaires familiales.<br \/><em>F.F.<\/em><\/p>\n<\/div>\n<\/div>\n<\/div>\n<\/div>\n<div class=\"eco-conseil\">\n<div class=\"view view-eco-conseil-16 view-id-eco_conseil_16 view-display-id-cookies view-dom-id-39e87684b1f56bc4c26905862542538c\">\n<div class=\"view-content\">\n<div id=\"views-bootstrap-grid-1\" class=\"views-bootstrap-grid-plugin-style\">\n<div class=\"row\">\n<div class=\" col-xs-12 col-lg-4\">\n<div class=\"row\">\n<div class=\"col col-xs-12 col-lg-12\">\n<div class=\"field-content\"><a href=\"\/article\/1062390-sbm-la-biere-decline-le-vin-cartonne\"><img loading=\"lazy\" decoding=\"async\" class=\"img-responsive\" typeof=\"foaf:Image\" src=\"https:\/\/www.leconomiste.com\/sites\/default\/files\/eco7\/public\/styles\/800x400\/public\/default_images\/default_une.jpg?itok=4jZlgnIZ\" width=\"660\" height=\"330\" alt=\"\"\/><\/a><\/div>\n<\/div>\n<div class=\" title_suite_2 col col-xs-12 col-lg-12\"> <a href=\"\/article\/1062390-sbm-la-biere-decline-le-vin-cartonne\"\/><span class=\"field-content\">Article 1062390<\/span><\/div>\n<\/div>\n<\/div>\n<div class=\" col-xs-12 col-lg-4\">\n<div class=\"row\">\n<div class=\"col col-xs-12 col-lg-12\">\n<div class=\"field-content\"><a href=\"\/article\/1062389-boa-fidaroc-grant-thornton-succede-ey\"><img loading=\"lazy\" decoding=\"async\" class=\"img-responsive\" typeof=\"foaf:Image\" src=\"https:\/\/www.leconomiste.com\/sites\/default\/files\/eco7\/public\/styles\/800x400\/public\/default_images\/default_une.jpg?itok=4jZlgnIZ\" width=\"660\" height=\"330\" alt=\"\"\/><\/a><\/div>\n<\/div>\n<div class=\" title_suite_2 col col-xs-12 col-lg-12\"> <a href=\"\/article\/1062389-boa-fidaroc-grant-thornton-succede-ey\"\/><span class=\"field-content\">BOA: Fidaroc Grant Thornton succ\u00e8de \u00e0 E&amp;Y<\/span><\/div>\n<\/div>\n<\/div>\n<div class=\" col-xs-12 col-lg-4\">\n<div class=\"row\">\n<div class=\"col col-xs-12 col-lg-12\">\n<div class=\"field-content\"><a href=\"\/article\/1062388-boa-un-dividende-de-5-dh-par-action\"><img loading=\"lazy\" decoding=\"async\" class=\"img-responsive\" typeof=\"foaf:Image\" src=\"https:\/\/www.leconomiste.com\/sites\/default\/files\/eco7\/public\/styles\/800x400\/public\/default_images\/default_une.jpg?itok=4jZlgnIZ\" width=\"660\" height=\"330\" alt=\"\"\/><\/a><\/div>\n<\/div>\n<div class=\" title_suite_2 col col-xs-12 col-lg-12\"> <a href=\"\/article\/1062388-boa-un-dividende-de-5-dh-par-action\"\/><span class=\"field-content\">BOA: Un dividende de 5 DH par action<\/span><\/div>\n<\/div>\n<\/div>\n<\/div>\n<\/div>\n<\/div>\n<\/div>\n<\/div>\n<p>Auteur: hlafriqi<br \/>\n<a href=\"https:\/\/www.leconomiste.com\/article\/1062386-justice-l-agenda-de-l-apres-confinement\">Cliquez ici pour lire l&rsquo;article depuis sa source.<\/a><\/p>\n","protected":false},"excerpt":{"rendered":"<p>Les 290 juridictions du Royaume se pr\u00e9parent \u00e0 une reprise normale du service apr\u00e8s la fin du confinement pr\u00e9vue le 10 juin. Le Conseil sup\u00e9rieur du pouvoir judiciaire, la pr\u00e9sidence du minist\u00e8re public, le minist\u00e8re de la Justice et l\u2019Association des barreaux du Maroc ont convenu le 21 mai d\u2019une feuille de route en trois [&hellip;]<\/p>\n","protected":false},"author":1763,"featured_media":0,"comment_status":"closed","ping_status":"closed","sticky":false,"template":"","format":"standard","meta":{"fifu_image_url":"","fifu_image_alt":"","footnotes":""},"categories":[78,54],"tags":[],"class_list":["post-86612","post","type-post","status-publish","format-standard","hentry","category-economie","category-maroc"],"_links":{"self":[{"href":"https:\/\/linitiative.ca\/International\/wp-json\/wp\/v2\/posts\/86612","targetHints":{"allow":["GET"]}}],"collection":[{"href":"https:\/\/linitiative.ca\/International\/wp-json\/wp\/v2\/posts"}],"about":[{"href":"https:\/\/linitiative.ca\/International\/wp-json\/wp\/v2\/types\/post"}],"author":[{"embeddable":true,"href":"https:\/\/linitiative.ca\/International\/wp-json\/wp\/v2\/users\/1763"}],"replies":[{"embeddable":true,"href":"https:\/\/linitiative.ca\/International\/wp-json\/wp\/v2\/comments?post=86612"}],"version-history":[{"count":0,"href":"https:\/\/linitiative.ca\/International\/wp-json\/wp\/v2\/posts\/86612\/revisions"}],"wp:attachment":[{"href":"https:\/\/linitiative.ca\/International\/wp-json\/wp\/v2\/media?parent=86612"}],"wp:term":[{"taxonomy":"category","embeddable":true,"href":"https:\/\/linitiative.ca\/International\/wp-json\/wp\/v2\/categories?post=86612"},{"taxonomy":"post_tag","embeddable":true,"href":"https:\/\/linitiative.ca\/International\/wp-json\/wp\/v2\/tags?post=86612"}],"curies":[{"name":"wp","href":"https:\/\/api.w.org\/{rel}","templated":true}]}}