{"id":86632,"date":"2020-05-25T10:02:51","date_gmt":"2020-05-25T14:02:51","guid":{"rendered":"https:\/\/linitiative.ca\/International\/105411-federation-algerienne-de-golf-une-ag-ordinaire-avant-la-fin-de-l-annee\/"},"modified":"2020-05-25T10:02:51","modified_gmt":"2020-05-25T14:02:51","slug":"105411-federation-algerienne-de-golf-une-ag-ordinaire-avant-la-fin-de-l-annee","status":"publish","type":"post","link":"https:\/\/linitiative.ca\/International\/105411-federation-algerienne-de-golf-une-ag-ordinaire-avant-la-fin-de-l-annee\/","title":{"rendered":"F\u00e9d\u00e9ration alg\u00e9rienne de Golf :  \u00ab\u00a0Une AG Ordinaire avant la fin de l&rsquo;ann\u00e9e\u00a0\u00bb"},"content":{"rendered":"<div readability=\"35\">\n<p><strong>ALGER- Une Assembl\u00e9e G\u00e9n\u00e9rale ordinaire de la F\u00e9d\u00e9ration alg\u00e9rienne de golf (FAG) sera tenue avant la fin de l\u2019ann\u00e9e 2020, a appris l&rsquo;APS aupr\u00e8s du pr\u00e9sident du comit\u00e9 de directoire de l&rsquo;instance f\u00e9d\u00e9rale.<\/strong><\/p>\n<\/div>\n<div readability=\"108\">\n<p>\u00ab\u00a0On est tenu de pr\u00e9parer et d&rsquo;organiser une assembl\u00e9e g\u00e9n\u00e9rale avant la fin de l&rsquo;ann\u00e9e, pour l&rsquo;adoption des bilans moral et financier (2019-2020) et ensuite, en application des textes en vigueur, installer les commissions de candidature et de recours, en vue des \u00e9lections du prochain bureau ex\u00e9cutif de la f\u00e9d\u00e9ration alg\u00e9rienne de golf\u00a0\u00bb, a d\u00e9clar\u00e9 \u00e0 l&rsquo;APS, le pr\u00e9sident du directoire, Yahia Rezigu.<\/p>\n<p>Le minist\u00e8re de la Jeunesse et des Sports (MJS) avait install\u00e9 il y a une semaine, un comit\u00e9 de directoire \u00e0 la FAG, apr\u00e8s la suspension de l&rsquo;ancien bureau ex\u00e9cutif, sous la direction de son pr\u00e9sident Fouad Guedra pour \u00a0\u00bb mauvaise gestionnaire\u00a0\u00bb.<\/p>\n<blockquote readability=\"12\">\n<p><em><strong>\u00a0\u00bb Le ministre nous a confi\u00e9 la mission de g\u00e9rer les affaires courantes de la f\u00e9d\u00e9ration alg\u00e9rienne de golf (FAG), assurer la continuit\u00e9 des activit\u00e9s de l&rsquo;instance pour la dur\u00e9e restante du mandat (fin d\u00e9cembre), et pr\u00e9parer les assembl\u00e9es (ordinaire et \u00e9lective), en applications de la r\u00e9glementation en vigueur \u00ab\u00a0, a t-il expliqu\u00e9.<\/strong><\/em><\/p>\n<\/blockquote>\n<p>Le directoire est compos\u00e9 de trois membres, Rezig Yahia (pr\u00e9sident), Omar Bouchakour et Mohamed Ouatou (directeur de d\u00e9veloppement et formation).<\/p>\n<p>Il est \u00e0 rappeler que la derni\u00e8re AG ordinaire en date du 16 mars 2019 pour l&rsquo;adoption des diff\u00e9rents bilans, avait \u00e9t\u00e9 invalid\u00e9e par la tutelle qui avait par la suite, ouvert une enqu\u00eate sur la gestion de la FAG, men\u00e9e par les services de l&rsquo;inspection g\u00e9n\u00e9rale du MJS et qui avait abouti \u00e0 la suspension de l&rsquo;actuel bureau f\u00e9d\u00e9ral et d\u00e9signer un directoire.<\/p>\n<blockquote readability=\"17\">\n<p><strong><em>\u00ab\u00a0La prise en main de la direction de la f\u00e9d\u00e9ration n&rsquo;a pas \u00e9t\u00e9 facile, mais d\u00e8s notre installation, on a effectu\u00e9 des op\u00e9rations urgente, telles que le blocage du compte actuel de l&rsquo;instance, le changement des diff\u00e9rentes cirures, en attendant les autres \u00e9tapes (mat\u00e9riels sp\u00e9cifiques, biens de la FAG, entre autres)\u00a0\u00bb, a expliqu\u00e9 Rezig, sans oublier la passation de consignes qui doit se faire avec le pr\u00e9sident suspendu.<\/em><\/strong><\/p>\n<\/blockquote>\n<p>La nouvelle \u00e9quipe charg\u00e9e de g\u00e9rer les affaires de la f\u00e9d\u00e9ration devra tenir, mercredi, une r\u00e9union de travail avec les services concern\u00e9s du MJS, afin de tracer les voies l\u00e9gales \u00e0 suivre dans le travail du directoire.<\/p>\n<p>Parmi les pr\u00e9rogatives du directoire, l\u2019\u00e9laboration d\u2019un plan d\u2019action pour les six mois \u00e0 venir (d&rsquo;ici le 31 d\u00e9cembre) qui comprendra : la formation des moniteurs et arbitres, assurer l&rsquo;animation, et \u0153uvrer \u00e0 rassembler les clubs et \u00e9coles de golf, mis en veilleuse durant 8 ans.<\/p>\n<blockquote readability=\"16\">\n<p><strong><em>D&rsquo;ailleurs, il compte, avec la pr\u00e9sentation du plan d\u2019action, demander une subvention pour l&rsquo;ann\u00e9e en cours.\u00a0\u00bbLe Golf a perdu huit pr\u00e9cieuses ann\u00e9es. Avant cela, il y avait un bon travail de fond, de formation de jeunes golfeurs et de d\u00e9veloppement qui avait \u00e9t\u00e9 mis en marche, avec les \u00e9coles qui avaient la t\u00e2che de former des jeunes golfeurs, mais tous cela a compl\u00e8tement disparu et a port\u00e9 pr\u00e9judice \u00e0 une discipline olympique par excellence \u00ab\u00a0, a regrett\u00e9 Rezigu.<\/em><\/strong><\/p>\n<\/blockquote>\n<p>A partir de ce constat et dans le but de rattraper le temps perdu, le directoire compte, avec l\u2019aide de la tutelle, faire appel \u00e0 toutes les comp\u00e9tences, surtout celles marginalis\u00e9es, pour contribuer \u00e0 la refonte d&rsquo;une discipline qui \u00a0\u00bb doit revenir sur la sc\u00e8ne sportive nationale et internationale \u00ab\u00a0, a estim\u00e9 le pr\u00e9sident du directoire, ancien commissaire de jeu et formateur, et actuellement pr\u00e9sident de la section golf de l\u2019Union Sportive el biairoise.<\/p>\n<\/div>\n<p>Auteur:<br \/>\n<a href=\"http:\/\/www.aps.dz\/sport\/105411-federation-algerienne-de-golf-une-ag-ordinaire-avant-la-fin-de-l-annee?utm_source=feedburner&#038;utm_medium=feed&#038;utm_campaign=Feed%3A+aps-sport+%28APS+-+SPORT%29\">Cliquez ici pour lire l&rsquo;article depuis sa source.<\/a><\/p>\n","protected":false},"excerpt":{"rendered":"<p>ALGER- Une Assembl\u00e9e G\u00e9n\u00e9rale ordinaire de la F\u00e9d\u00e9ration alg\u00e9rienne de golf (FAG) sera tenue avant la fin de l\u2019ann\u00e9e 2020, a appris l&rsquo;APS aupr\u00e8s du pr\u00e9sident du comit\u00e9 de directoire de l&rsquo;instance f\u00e9d\u00e9rale. \u00ab\u00a0On est tenu de pr\u00e9parer et d&rsquo;organiser une assembl\u00e9e g\u00e9n\u00e9rale avant la fin de l&rsquo;ann\u00e9e, pour l&rsquo;adoption des bilans moral et financier [&hellip;]<\/p>\n","protected":false},"author":1790,"featured_media":0,"comment_status":"closed","ping_status":"closed","sticky":false,"template":"","format":"standard","meta":{"fifu_image_url":"","fifu_image_alt":"","footnotes":""},"categories":[53,75],"tags":[],"class_list":["post-86632","post","type-post","status-publish","format-standard","hentry","category-algerie","category-sport"],"_links":{"self":[{"href":"https:\/\/linitiative.ca\/International\/wp-json\/wp\/v2\/posts\/86632","targetHints":{"allow":["GET"]}}],"collection":[{"href":"https:\/\/linitiative.ca\/International\/wp-json\/wp\/v2\/posts"}],"about":[{"href":"https:\/\/linitiative.ca\/International\/wp-json\/wp\/v2\/types\/post"}],"author":[{"embeddable":true,"href":"https:\/\/linitiative.ca\/International\/wp-json\/wp\/v2\/users\/1790"}],"replies":[{"embeddable":true,"href":"https:\/\/linitiative.ca\/International\/wp-json\/wp\/v2\/comments?post=86632"}],"version-history":[{"count":0,"href":"https:\/\/linitiative.ca\/International\/wp-json\/wp\/v2\/posts\/86632\/revisions"}],"wp:attachment":[{"href":"https:\/\/linitiative.ca\/International\/wp-json\/wp\/v2\/media?parent=86632"}],"wp:term":[{"taxonomy":"category","embeddable":true,"href":"https:\/\/linitiative.ca\/International\/wp-json\/wp\/v2\/categories?post=86632"},{"taxonomy":"post_tag","embeddable":true,"href":"https:\/\/linitiative.ca\/International\/wp-json\/wp\/v2\/tags?post=86632"}],"curies":[{"name":"wp","href":"https:\/\/api.w.org\/{rel}","templated":true}]}}