{"id":86634,"date":"2020-05-25T13:09:00","date_gmt":"2020-05-25T17:09:00","guid":{"rendered":"https:\/\/linitiative.ca\/International\/des-cadres-de-lhydraulique-suspendus-a-boumerdes\/"},"modified":"2020-05-25T13:09:00","modified_gmt":"2020-05-25T17:09:00","slug":"des-cadres-de-lhydraulique-suspendus-a-boumerdes","status":"publish","type":"post","link":"https:\/\/linitiative.ca\/International\/des-cadres-de-lhydraulique-suspendus-a-boumerdes\/","title":{"rendered":"Des cadres de l\u2019hydraulique  suspendus \u00e0 Boumerdes"},"content":{"rendered":"<p><br id=\"sep_para_1\" class=\"sep_para access\"\/><\/p>\n<div id=\"para_1\" class=\"para_37135888 resize\">\n<div class=\"texte access firstletter\">Le wali de Boumerdes a d\u00e9cid\u00e9 de suspendre des cadres de la direction de wilaya, en charge des ressources en eau, rapporte une source m\u00e9diatique. Cette premi\u00e8re mesure intervient une semaine apr\u00e8s l\u2019expos\u00e9 pr\u00e9sent\u00e9 au ministre des ressources en eau sur la situation du secteur de l\u2019hydraulique\u00a0 par les responsables du secteur, qui\u00a0 n\u2019a pas \u00e9t\u00e9 du go\u00fbt\u00a0 de Arezki\u00a0 Berraki et l\u2019a fait r\u00e9agir.\u00a0 \u00bbCertains indicateurs sont au vert mais la majorit\u00e9 est au rouge \u00bb, a-t-il remarqu\u00e9, relevant que\u00a0 \u00bbl\u2019\u00c9tat a investi dans le secteur de l\u2019hydraulique plus de\u00a0\u00a0 3.300 milliards de centimes dans le seul programme centralis\u00e9, qui concerne 87 projets dans les secteurs de l\u2019AEP, l\u2019assainissement et l\u2019hydraulique agricole \u00bb. \u00ab Mais le plus gros est all\u00e9 \u00e0 l\u2019AEP. Malheureusement, il y a 40 projets qui n\u2019ont pas bien \u00e9volu\u00e9\u2019,\u2019 faisant le constat de d\u00e9faillances qu\u2019il qualifie d\u2019ailleurs de mauvaise gestion de deniers publics. Arezki Berraki a d\u00e9cid\u00e9 de d\u00e9p\u00eacher des cadres de son d\u00e9partement pour proc\u00e9der \u00e0 un audit au niveau de cette direction et revoir tous les aspects d\u2019organisation, de gestion et de distribution de projets pour une\u00a0 wilaya, dot\u00e9s de 3 syst\u00e8mes d\u2019AEP, plus de 170 puits, de 9 petits barrages et 14 retenues collinaires.<\/div>\n<\/div>\n<p>Auteur: R\u00e9flexion<br \/>\n<a href=\"https:\/\/www.reflexiondz.net\/Des-cadres-de-l-hydraulique-suspendus-a-Boumerdes_a62919.html\">Cliquez ici pour lire l&rsquo;article depuis sa source.<\/a><\/p>\n","protected":false},"excerpt":{"rendered":"<p>Le wali de Boumerdes a d\u00e9cid\u00e9 de suspendre des cadres de la direction de wilaya, en charge des ressources en eau, rapporte une source m\u00e9diatique. Cette premi\u00e8re mesure intervient une semaine apr\u00e8s l\u2019expos\u00e9 pr\u00e9sent\u00e9 au ministre des ressources en eau sur la situation du secteur de l\u2019hydraulique\u00a0 par les responsables du secteur, qui\u00a0 n\u2019a pas [&hellip;]<\/p>\n","protected":false},"author":1740,"featured_media":0,"comment_status":"closed","ping_status":"closed","sticky":false,"template":"","format":"standard","meta":{"fifu_image_url":"","fifu_image_alt":"","footnotes":""},"categories":[53,76],"tags":[],"class_list":["post-86634","post","type-post","status-publish","format-standard","hentry","category-algerie","category-regions"],"_links":{"self":[{"href":"https:\/\/linitiative.ca\/International\/wp-json\/wp\/v2\/posts\/86634","targetHints":{"allow":["GET"]}}],"collection":[{"href":"https:\/\/linitiative.ca\/International\/wp-json\/wp\/v2\/posts"}],"about":[{"href":"https:\/\/linitiative.ca\/International\/wp-json\/wp\/v2\/types\/post"}],"author":[{"embeddable":true,"href":"https:\/\/linitiative.ca\/International\/wp-json\/wp\/v2\/users\/1740"}],"replies":[{"embeddable":true,"href":"https:\/\/linitiative.ca\/International\/wp-json\/wp\/v2\/comments?post=86634"}],"version-history":[{"count":0,"href":"https:\/\/linitiative.ca\/International\/wp-json\/wp\/v2\/posts\/86634\/revisions"}],"wp:attachment":[{"href":"https:\/\/linitiative.ca\/International\/wp-json\/wp\/v2\/media?parent=86634"}],"wp:term":[{"taxonomy":"category","embeddable":true,"href":"https:\/\/linitiative.ca\/International\/wp-json\/wp\/v2\/categories?post=86634"},{"taxonomy":"post_tag","embeddable":true,"href":"https:\/\/linitiative.ca\/International\/wp-json\/wp\/v2\/tags?post=86634"}],"curies":[{"name":"wp","href":"https:\/\/api.w.org\/{rel}","templated":true}]}}