{"id":86635,"date":"2020-05-25T13:09:00","date_gmt":"2020-05-25T17:09:00","guid":{"rendered":"https:\/\/linitiative.ca\/International\/lartiste-hakim-dekkar-infecte-par-coronavirus\/"},"modified":"2020-05-25T13:09:00","modified_gmt":"2020-05-25T17:09:00","slug":"lartiste-hakim-dekkar-infecte-par-coronavirus","status":"publish","type":"post","link":"https:\/\/linitiative.ca\/International\/lartiste-hakim-dekkar-infecte-par-coronavirus\/","title":{"rendered":"L\u2019artiste Hakim Dekkar infect\u00e9 par Coronavirus"},"content":{"rendered":"<p><br id=\"sep_para_1\" class=\"sep_para access\"\/><\/p>\n<div id=\"para_1\" class=\"para_37135879 resize\">\n<div class=\"texte access firstletter\">La figure incontournable du th\u00e9\u00e2tre et de la t\u00e9l\u00e9vision Alg\u00e9rienne Hakim Dekkar, connu sous le nom artistique \u00ab Djeha \u00bb est infect\u00e9 par Coronavirus. Le c\u00e9l\u00e8bre com\u00e9dien est actuellement hospitalis\u00e9 \u00e0 l\u2019h\u00f4pital de Constantine.Il est \u00e0 noter que l\u2019artiste Hakim Dakar, P\/APC de Constantine et l\u2019h\u00e9ros de la s\u00e9rie Djeha et du monologue \u00ab Khabat Karaou \u00bb, avait particip\u00e9 \u00e0 une campagne de sensibilisation et de pr\u00e9vention contre la propagation du Covid-19 en Alg\u00e9rie.<\/div>\n<\/div>\n<p>Auteur: R\u00e9flexion<br \/>\n<a href=\"https:\/\/www.reflexiondz.net\/L-artiste-Hakim-Dekkar-infecte-par-Coronavirus_a62918.html\">Cliquez ici pour lire l&rsquo;article depuis sa source.<\/a><\/p>\n","protected":false},"excerpt":{"rendered":"<p>La figure incontournable du th\u00e9\u00e2tre et de la t\u00e9l\u00e9vision Alg\u00e9rienne Hakim Dekkar, connu sous le nom artistique \u00ab Djeha \u00bb est infect\u00e9 par Coronavirus. Le c\u00e9l\u00e8bre com\u00e9dien est actuellement hospitalis\u00e9 \u00e0 l\u2019h\u00f4pital de Constantine.Il est \u00e0 noter que l\u2019artiste Hakim Dakar, P\/APC de Constantine et l\u2019h\u00e9ros de la s\u00e9rie Djeha et du monologue \u00ab Khabat [&hellip;]<\/p>\n","protected":false},"author":1740,"featured_media":0,"comment_status":"closed","ping_status":"closed","sticky":false,"template":"","format":"standard","meta":{"fifu_image_url":"","fifu_image_alt":"","footnotes":""},"categories":[53,76],"tags":[],"class_list":["post-86635","post","type-post","status-publish","format-standard","hentry","category-algerie","category-regions"],"_links":{"self":[{"href":"https:\/\/linitiative.ca\/International\/wp-json\/wp\/v2\/posts\/86635","targetHints":{"allow":["GET"]}}],"collection":[{"href":"https:\/\/linitiative.ca\/International\/wp-json\/wp\/v2\/posts"}],"about":[{"href":"https:\/\/linitiative.ca\/International\/wp-json\/wp\/v2\/types\/post"}],"author":[{"embeddable":true,"href":"https:\/\/linitiative.ca\/International\/wp-json\/wp\/v2\/users\/1740"}],"replies":[{"embeddable":true,"href":"https:\/\/linitiative.ca\/International\/wp-json\/wp\/v2\/comments?post=86635"}],"version-history":[{"count":0,"href":"https:\/\/linitiative.ca\/International\/wp-json\/wp\/v2\/posts\/86635\/revisions"}],"wp:attachment":[{"href":"https:\/\/linitiative.ca\/International\/wp-json\/wp\/v2\/media?parent=86635"}],"wp:term":[{"taxonomy":"category","embeddable":true,"href":"https:\/\/linitiative.ca\/International\/wp-json\/wp\/v2\/categories?post=86635"},{"taxonomy":"post_tag","embeddable":true,"href":"https:\/\/linitiative.ca\/International\/wp-json\/wp\/v2\/tags?post=86635"}],"curies":[{"name":"wp","href":"https:\/\/api.w.org\/{rel}","templated":true}]}}