{"id":86644,"date":"2020-05-24T22:31:00","date_gmt":"2020-05-25T02:31:00","guid":{"rendered":"https:\/\/linitiative.ca\/International\/les-voeux-de-laid-en-flechettes-de-kais-saied-de-fermes-mises-en-garde-a-bon-entendeur\/"},"modified":"2020-05-24T22:31:00","modified_gmt":"2020-05-25T02:31:00","slug":"les-voeux-de-laid-en-flechettes-de-kais-saied-de-fermes-mises-en-garde-a-bon-entendeur","status":"publish","type":"post","link":"https:\/\/linitiative.ca\/International\/les-voeux-de-laid-en-flechettes-de-kais-saied-de-fermes-mises-en-garde-a-bon-entendeur\/","title":{"rendered":"Les v\u0153ux de l\u2019A\u00efd en fl\u00e9chettes de Kais Sa\u00efed : De fermes mises en garde, \u00e0 bon entendeur\u2026"},"content":{"rendered":"<p class=\"c3\"><strong>Le br\u00e9viaire du pr\u00e9sident Kais Sa\u00efed s\u2019enrichit \u00e0 chaque nouveau discours de mises en garde, et de pr\u00e9annonces, pr\u00e9cisant de plus en plus sa pens\u00e9e, balisant le chemin qu\u2019il compte tracer pour son mandat. Ses v\u0153ux \u00e0 la nation (<\/strong><a href=\"\/uploads\/FCK_files\/Discours-du-Pre%CC%81sident-lAi%CC%88d-el-Fitr.pdf\"><strong>texte int\u00e9gral<\/strong><\/a><strong>), \u00e0 l\u2019occasion de l\u2019A\u00efd Al Fitr, pr\u00e9sent\u00e9es dans un cadre solennel du haut de la Galerie des Beys au palais de Carthage, ont livr\u00e9 des messages de plus en plus clairs, qui feront perdre le sommeil \u00e0 plus d\u2019un. Montant les marches et avan\u00e7ant d&rsquo;un pas martial vers le pupitre, Kais Saied voulait visiblement acter une <a href=\"https:\/\/www.facebook.com\/Presidence.tn\/videos\/2525697171027092\/\" target=\"_blank\" rel=\"noopener noreferrer\">allocution<\/a> de plus d&rsquo;un quart d&rsquo;heure (16&rsquo;50\u00a0\u00bb) qu&rsquo;il a r\u00e9dig\u00e9e lui-m\u00eame. Plus que des voeux traditionnels, les premiers de son quinquennat \u00e0 l&rsquo;occasion de la fin du ramadan, marqu\u00e9 cette ann\u00e9e par le confinement g\u00e9n\u00e9ral pour cibl\u00e9, il tenait \u00e0 faire passer des messages tr\u00e8s politiques.\u00a0A<\/strong><strong>lternant r\u00e9f\u00e9rences coraniques, pr\u00eache, et po\u00e9sie arabe, le verbe ch\u00e2ti\u00e9, tremp\u00e9 dans la pi\u00e9t\u00e9, et le discours tr\u00e8s politis\u00e9 sur un ton conqu\u00e9rant, le pr\u00e9sident de la R\u00e9publique s\u2019applique \u00e0 \u00a0\u00bbtraiter\u00a0\u00bb son auditoire, et d\u00e9noncer directement <span class=\"c2\">ceux \u00ab ayant la maladie au c\u0153ur<\/span> \u00bb.\u00a0 <span class=\"c2\">En guerre \u00ab\u00a0contre toutes les maladies, r\u00e9elles ou factices\u00a0\u00bb<\/span>, Sa\u00efed ne pr\u00e9vient pas comme Robespierre que \u00ab\u00a0des t\u00eates vont tomber\u00a0\u00bb, mais annonce que des projets de loi seront bient\u00f4t pr\u00e9sent\u00e9s au parlement. \u00ab\u00a0<span class=\"c2\">L&rsquo;argent du peuple qui a \u00e9t\u00e9 pill\u00e9 doit revenir au peuple\u00a0<\/span>\u00bb, se limitera-t-il \u00e0 souligner. Nous en avons ainsi un premier intitul\u00e9\u2026<\/strong><\/p>\n<p><span class=\"c2\"><strong>D\u2019abord, le pr\u00e9sident Sa\u00efed entend confirmer pleinement le p\u00e9rim\u00e8tre sans partage de son magist\u00e8re<\/strong> <span class=\"c4\">\u00e0 la t\u00eate de la R\u00e9publique, revendiquant l\u2019exclusivit\u00e9 d\u2019exprimer la voix officielle de l\u2019\u00c9tat<\/span><strong>.<\/strong><\/span> <span class=\"c2\"><strong>Lui, seul, ni Ghannouchi ni quiconque d\u2019autre<\/strong><\/span>, fixant les lignes rouges.<\/p>\n<p>Toujours dans l\u2019exercice de ses attributions constitutionnelles, il annonce sa d\u00e9termination \u00e0 partager l\u2019initiative des lois et de soumettre au parlement \u00ab\u00a0<span class=\"c2\"><strong>des projets de loi, dont certains sont fin pr\u00eat pour \u00eatre pr\u00e9sent\u00e9s et d&rsquo;autres en cours d\u2019\u00e9laboration.<\/strong><\/span>\u00a0\u00bb Deuxi\u00e8me mise en garde\u00a0: <span class=\"c2\"><strong>\u00ab\u00a0Chacun assumera ses responsabilit\u00e9s\u00a0\u00bb<\/strong><\/span>, tonnera Sa\u00efed. S\u2019il n\u2019en r\u00e9v\u00e8le pas l\u2019objet pr\u00e9cis de chacun de ses textes, il en annonce la couleur : \u00ab\u00a0L&rsquo;argent du peuple qui a \u00e9t\u00e9 pill\u00e9 doit revenir au peuple. Un projet a \u00e9t\u00e9 pr\u00e9par\u00e9 dans ce sens, il y a des ann\u00e9es en vue de garantir le droit des pauvres.\u00a0\u00bb\u00a0Un coup de pied dans la fourmili\u00e8re de la malversation\u2026<\/p>\n<h2>Qui conque planifie le feu, sera le premier \u00e0 \u00eatre br\u00fbl\u00e9 par ses flammes<\/h2>\n<p>En premi\u00e8re sommation \u00e0 ses d\u00e9tracteurs qu\u2019ils se garde de nommer, Kais Sa\u00efed sort le lance-flamme. \u00ab\u00a0Certains sont nostalgiques du pass\u00e9, d\u00e9sireux de revenir en arri\u00e8re, se r\u00e9jouissent d\u2019atteindre leurs objectifs, tandis que d&rsquo;autres, malheureusement, s&rsquo;adonnent \u00e0 l&rsquo;hypocrisie, au mensonge et \u00e0 la calomnie\u00a0\u00bb, mart\u00e8lera-t-il. Ceux qui sont d\u00e9sign\u00e9s par le Tout-Puissant comme \u00ab ayant la maladie au c\u0153ur\u00a0\u00bb. Le couperet tombe rapidement\u00a0: \u00ab\u00a0Mais quiconque planifie le chaos et d\u00e9truit par le feu les biens de ce peuple, sera s\u00fbrement le premier \u00e0 \u00eatre br\u00fbl\u00e9 par les flammes.\u00a0\u00bb<\/p>\n<h2>Une torpille en direct<\/h2>\n<p>Sur le syst\u00e8me politique qu\u2019il appelle de ses v\u0153ux, l\u2019ancien professeur de droit constitutionnel port\u00e9 \u00e0 la t\u00eate de l\u2019\u00c9tat, persiste et signe. \u00ab Lorsque nous avions \u00e9voqu\u00e9 la n\u00e9cessit\u00e9 que l\u00e9galit\u00e9 et l\u00e9gitimit\u00e9 se rejoignent, certains avaient pr\u00e9tendu que c&rsquo;est une tentative d&rsquo;enfreindre la loi, commencera-t-il par mentionner\u00a0\u00bb. Et de lancer sa torpille\u00a0: \u00ab\u00a0Peut-\u00eatre, y en a-t-il qui ne peuvent faire la distinction entre les deux concepts. <strong><span class=\"c2\">Ceux qui veulent vivre dans le chaos.<\/span><\/strong> Un chaos g\u00e9n\u00e9ralis\u00e9, dans la rue, dans les concepts. Mais l&rsquo;\u00c9tat a ses institutions et ses lois, et les citoyens doivent jouir de leurs droits. Ce n\u2019est pas un march\u00e9. Il n\u2019y a pas lieu de tergiverser ni de lancer des transactions et conclure des accords matin et soir.\u00a0\u00bb \u00ab\u00a0Pour Sa\u00efed, c\u2019est du non-n\u00e9gociable\u00a0! Ses d\u00e9tracteurs en re\u00e7oivent pour leur grade et s\u2019en trouvent pr\u00e9venus\u00a0\u00bb, commente pour Leaders l\u2019un de ses ex\u00e9g\u00e8tes.<\/p>\n<p><span class=\"c2\"><strong>En chef supr\u00eame et unique de la diplomatie, et de sa mise en \u0153uvre<\/strong><\/span><\/p>\n<p>Sur la m\u00eame lanc\u00e9e souveraine, le pr\u00e9sident de la R\u00e9publique n\u2019h\u00e9site pas \u00e0 pointer du doigt les interf\u00e9rences dans la diplomatie tunisienne, qu\u2019il consid\u00e8re sans l\u2019affirmer publiquement, comme un domaine r\u00e9serv\u00e9, ne pouvant \u00eatre ni partag\u00e9, ni concert\u00e9. R\u00e9affirmant que \u00ab\u00a0<span class=\"c2\"><strong>l&rsquo;\u00c9tat tunisien est un et indivisible, et qu&rsquo;il y a un seul et m\u00eame pr\u00e9sident \u00e0 l\u2019int\u00e9rieur et \u00e0 l&rsquo;\u00e9tranger\u00a0<\/strong><\/span>\u00bb, il d\u00e9nie \u00e0 tout autre, dans une allusion directe au pr\u00e9sident de l\u2019ARP, Rached Ghannouchi, chef du mouvement Ennahdha, tout droit d\u2019exprimer un point de vue officiel au nom de la Tunisie.<\/p>\n<p>Le pr\u00e9sident Sa\u00efed s\u2019appuie en la mati\u00e8re sur l\u2019article 77 de la Constitution disposant que \u00ab\u00a0<span class=\"c2\"><strong>Le Pr\u00e9sident de la R\u00e9publique repr\u00e9sente l\u2019\u00c9tat. Il lui appartient de d\u00e9terminer les politiques g\u00e9n\u00e9rales dans les domaines de la d\u00e9fense, des relations \u00e9trang\u00e8res et de la s\u00e9curit\u00e9 nationale<\/strong><\/span> relative \u00e0 la protection de l\u2019\u00c9tat et du territoire national des menaces int\u00e9rieures et ext\u00e9rieures, et ce, apr\u00e8s consultation du Chef du Gouvernement.\u00a0\u00bb Sa lecture est exhaustive\u00a0: d\u00e9terminer les politiques g\u00e9n\u00e9rales, apr\u00e8s consultation du chef du gouvernement est pour Kais Sa\u00efed g\u00e9rer en direct (pour l\u2019arm\u00e9e, il en est bien en droit, en tant que chef supr\u00eame des arm\u00e9es) et veiller \u00e0 la mise en \u0153uvre (alors que pour la diplomatie, c\u2019est au ministre des Affaires \u00e9trang\u00e8res d\u2019appliquer la politique d\u00e9cid\u00e9e). <span class=\"c2\"><strong>Mais, pour Carthage, aucune nuance ne peut subsister\u00a0: cel\u00e0 rel\u00e8ve du domaine r\u00e9serv\u00e9,<\/strong><\/span> comme institu\u00e9 par De Gaulle, dans la V\u00e8me R\u00e9publique fran\u00e7aise.<\/p>\n<h2>Carton rouge \u00e0 Ghannouchi<\/h2>\n<p>Kais Sa\u00efed a saisi la premi\u00e8re occasion pour l\u2019affirmer fermement. Ce \u00ab\u00a0recadrage\u00a0s\u00e9v\u00e8re \u00bb vient \u00e0 la suite des f\u00e9licitations pr\u00e9sent\u00e9es par Ghannouchi lors d\u2019une conversation t\u00e9l\u00e9phonique au pr\u00e9sident du gouvernement d\u2019union nationale libyenne, Fayez al-Sarraj \u00e0 l\u2019occasion de la \u00ab\u00a0lib\u00e9ration\u00a0\u00bb de la base militaire de Loutiya, reprise aux forces du mar\u00e9chal Khalifa Haftar. Si, ni le bureau de presse de l\u2019ARP, ni celui d\u2019Ennahdha, d\u2019habitude prolixes, n\u2019ont relay\u00e9 cet entretien, les communicants d\u2019al-Sarraj, s\u2019empresseront d\u2019en r\u00e9v\u00e9ler le contenu, actant avec enthousiasme ce qu\u2019ils consid\u00e8rent comme un ralliement en faveur de Tripoli contre Tobrouk et Benghazi.<\/p>\n<p><span class=\"c2\"><strong>Ce positionnement per\u00e7u comme un parti-pris de la Tunisie dans le conflit inter-libyen<\/strong><\/span> alors qu\u2019elle entend se tenir \u00e0 \u00e9gale distance des deux grandes factions en pr\u00e9sence a allum\u00e9 la m\u00e8che d\u2019une poudri\u00e8re politique. De vives r\u00e9actions n\u2019ont pas manqu\u00e9 de fuser dans le camp des d\u00e9mocrates, ce qui a incit\u00e9 de nombreux d\u00e9put\u00e9s \u00e0 exiger l\u2019audition de Ghannouchi \u00e0 ce propos en s\u00e9ance pl\u00e9ni\u00e8re. \u00ab\u00a0Carthage, en sortant le carton rouge contre les \u00ab\u00a0f\u00e9licitations\u00a0\u00bb \u00e0 Fayez al-Sarraj, fortement soutenu militairement par l\u2019arm\u00e9e turque et des milices syriennes, se d\u00e9douane de ce parti-pris et, pour \u00e9viter d\u2019autres d\u00e9rapages diplomatiques, remet les pendules \u00e0 l\u2019heure\u00a0\u00bb, explique \u00e0 <span class=\"c5\"><strong>Leaders<\/strong><\/span>, un proche du palais.<\/p>\n<p>Ce carton rouge brandi par Carthage vaut-il \u00e9galement \u00e0 un proche conseiller du chef du gouvernement, avec rang de ministre, <strong>Jawhar Ben Mbarek, qui accuse publiquement sur Hannibal TV, deux chefs de parti (Mohsen Marzouk et Abir Moussi) de s\u2019appyer sur des puissances arabes (l\u2019axe \u00e9mirati-saudo-\u00e9gyptien) pour faire avorter le processus d\u00e9mocratique en Tunisie?<\/strong> <span class=\"c2\"><strong>Nos relations avec les trois pays mis \u00e0 l\u2019index par un officiel tunisien ne risquent-elles pas d\u2019en p\u00e2tir\u00a0?<\/strong><\/span> Mais, aussi, cette \u00ab\u00a0intelligence\u00a0\u00bb, si av\u00e9r\u00e9e, ne tombe-t-elle pas sous le coup de la loi\u00a0?<\/p>\n<h2>En guerre contre toutes les maladies, r\u00e9elles ou factices<\/h2>\n<p>Encore plus d\u00e9termin\u00e9 \u00e0 aller de l\u2019avant pour affronter ses d\u00e9tracteurs et r\u00e9duire leurs ardeurs, le pr\u00e9sident Kais Sa\u00efed ne s\u2019est pas priv\u00e9 de leur lancer une mise en garde ferme. \u00ab\u00a0Les maladies les plus dangereuses sont celles qui affectent les esprits avant d\u2019affecter le reste du corps. Les masques peuvent \u00eatre port\u00e9s par crainte de la contagion, mais les d\u00e9guisements les plus redoutables sont ceux qui enferment la raison et l\u2019esprit. Nous lancerons apr\u00e8s la d\u00e9crue de cette pand\u00e9mie des initiatives pour contrer toutes les autres maladies, r\u00e9elles ou factices.\u00a0\u00bb<\/p>\n<p><a href=\"\/uploads\/FCK_files\/Discours-du-Pre%CC%81sident-lAi%CC%88d-el-Fitr(1).pdf\"><strong><span class=\"c2\">Lire le texte int\u00e9gral<\/span><\/strong><\/a><\/p>\n<p>Auteur:<br \/>\n<a href=\"https:\/\/www.leaders.com.tn\/article\/29988-les-voeux-de-l-aid-en-flechettes-de-kais-saied-a-bon-entendeur\">Cliquez ici pour lire l&rsquo;article depuis sa source.<\/a><\/p>\n","protected":false},"excerpt":{"rendered":"<p>Le br\u00e9viaire du pr\u00e9sident Kais Sa\u00efed s\u2019enrichit \u00e0 chaque nouveau discours de mises en garde, et de pr\u00e9annonces, pr\u00e9cisant de plus en plus sa pens\u00e9e, balisant le chemin qu\u2019il compte tracer pour son mandat. Ses v\u0153ux \u00e0 la nation (texte int\u00e9gral), \u00e0 l\u2019occasion de l\u2019A\u00efd Al Fitr, pr\u00e9sent\u00e9es dans un cadre solennel du haut de [&hellip;]<\/p>\n","protected":false},"author":1772,"featured_media":0,"comment_status":"closed","ping_status":"closed","sticky":false,"template":"","format":"standard","meta":{"fifu_image_url":"","fifu_image_alt":"","footnotes":""},"categories":[73,55],"tags":[],"class_list":["post-86644","post","type-post","status-publish","format-standard","hentry","category-actualite","category-tunisie"],"_links":{"self":[{"href":"https:\/\/linitiative.ca\/International\/wp-json\/wp\/v2\/posts\/86644","targetHints":{"allow":["GET"]}}],"collection":[{"href":"https:\/\/linitiative.ca\/International\/wp-json\/wp\/v2\/posts"}],"about":[{"href":"https:\/\/linitiative.ca\/International\/wp-json\/wp\/v2\/types\/post"}],"author":[{"embeddable":true,"href":"https:\/\/linitiative.ca\/International\/wp-json\/wp\/v2\/users\/1772"}],"replies":[{"embeddable":true,"href":"https:\/\/linitiative.ca\/International\/wp-json\/wp\/v2\/comments?post=86644"}],"version-history":[{"count":0,"href":"https:\/\/linitiative.ca\/International\/wp-json\/wp\/v2\/posts\/86644\/revisions"}],"wp:attachment":[{"href":"https:\/\/linitiative.ca\/International\/wp-json\/wp\/v2\/media?parent=86644"}],"wp:term":[{"taxonomy":"category","embeddable":true,"href":"https:\/\/linitiative.ca\/International\/wp-json\/wp\/v2\/categories?post=86644"},{"taxonomy":"post_tag","embeddable":true,"href":"https:\/\/linitiative.ca\/International\/wp-json\/wp\/v2\/tags?post=86644"}],"curies":[{"name":"wp","href":"https:\/\/api.w.org\/{rel}","templated":true}]}}