{"id":86649,"date":"2020-05-25T14:25:57","date_gmt":"2020-05-25T18:25:57","guid":{"rendered":"https:\/\/linitiative.ca\/International\/coronavirus-99-nouveaux-cas-lundi-a-16-heures-7532-cas-cumules\/"},"modified":"2020-05-25T14:25:57","modified_gmt":"2020-05-25T18:25:57","slug":"coronavirus-99-nouveaux-cas-lundi-a-16-heures-7532-cas-cumules","status":"publish","type":"post","link":"https:\/\/linitiative.ca\/International\/coronavirus-99-nouveaux-cas-lundi-a-16-heures-7532-cas-cumules\/","title":{"rendered":"Coronavirus : 99 nouveaux cas lundi \u00e0 16 heures, 7532 cas cumul\u00e9s"},"content":{"rendered":"<p><strong>Voici le nouveau bilan du minist\u00e8re de la Sant\u00e9, lundi \u00e0 16 heures.<\/strong><\/p>\n<div class=\"c10\"\/>\n<p>Le Maroc a enregistr\u00e9 99 nouveaux cas positifs au coronavirus ces derni\u00e8res 24 heures, portant le total des cas positifs \u00e0 7532. Le nombre de d\u00e9c\u00e8s atteint d\u00e9sormais 200, contre 4774 pour le nombre de gu\u00e9rison.<\/p>\n<div class=\"c17\">\n<fieldset class=\"c16\">\n<legend><strong><span class=\"c11\">Challenge<\/span><span class=\"c12\">news<\/span><\/strong><\/legend>\n<div class=\"c15\">Le meilleur de Challenge s\u00e9lectionn\u00e9 par la r\u00e9daction :<\/p>\n<\/div>\n<\/fieldset>\n<\/div>\n<p>Auteur: challenge<br \/>\n<a href=\"https:\/\/www.challenge.ma\/coronavirus-99-nouveaux-cas-lundi-a-16-heures-7532-cas-cumules-141518\/\">Cliquez ici pour lire l&rsquo;article depuis sa source.<\/a><\/p>\n","protected":false},"excerpt":{"rendered":"<p>Voici le nouveau bilan du minist\u00e8re de la Sant\u00e9, lundi \u00e0 16 heures. Le Maroc a enregistr\u00e9 99 nouveaux cas positifs au coronavirus ces derni\u00e8res 24 heures, portant le total des cas positifs \u00e0 7532. Le nombre de d\u00e9c\u00e8s atteint d\u00e9sormais 200, contre 4774 pour le nombre de gu\u00e9rison. Challengenews Le meilleur de Challenge s\u00e9lectionn\u00e9 [&hellip;]<\/p>\n","protected":false},"author":1787,"featured_media":0,"comment_status":"closed","ping_status":"closed","sticky":false,"template":"","format":"standard","meta":{"fifu_image_url":"","fifu_image_alt":"","footnotes":""},"categories":[78,54],"tags":[],"class_list":["post-86649","post","type-post","status-publish","format-standard","hentry","category-economie","category-maroc"],"_links":{"self":[{"href":"https:\/\/linitiative.ca\/International\/wp-json\/wp\/v2\/posts\/86649","targetHints":{"allow":["GET"]}}],"collection":[{"href":"https:\/\/linitiative.ca\/International\/wp-json\/wp\/v2\/posts"}],"about":[{"href":"https:\/\/linitiative.ca\/International\/wp-json\/wp\/v2\/types\/post"}],"author":[{"embeddable":true,"href":"https:\/\/linitiative.ca\/International\/wp-json\/wp\/v2\/users\/1787"}],"replies":[{"embeddable":true,"href":"https:\/\/linitiative.ca\/International\/wp-json\/wp\/v2\/comments?post=86649"}],"version-history":[{"count":0,"href":"https:\/\/linitiative.ca\/International\/wp-json\/wp\/v2\/posts\/86649\/revisions"}],"wp:attachment":[{"href":"https:\/\/linitiative.ca\/International\/wp-json\/wp\/v2\/media?parent=86649"}],"wp:term":[{"taxonomy":"category","embeddable":true,"href":"https:\/\/linitiative.ca\/International\/wp-json\/wp\/v2\/categories?post=86649"},{"taxonomy":"post_tag","embeddable":true,"href":"https:\/\/linitiative.ca\/International\/wp-json\/wp\/v2\/tags?post=86649"}],"curies":[{"name":"wp","href":"https:\/\/api.w.org\/{rel}","templated":true}]}}