{"id":86656,"date":"2020-05-25T15:41:54","date_gmt":"2020-05-25T19:41:54","guid":{"rendered":"https:\/\/linitiative.ca\/International\/manchester-united-le-franco-tunisien-hannibal-mejbri-renforcera-lequipe-premiere\/"},"modified":"2020-05-25T15:41:54","modified_gmt":"2020-05-25T19:41:54","slug":"manchester-united-le-franco-tunisien-hannibal-mejbri-renforcera-lequipe-premiere","status":"publish","type":"post","link":"https:\/\/linitiative.ca\/International\/manchester-united-le-franco-tunisien-hannibal-mejbri-renforcera-lequipe-premiere\/","title":{"rendered":"Manchester United : le Franco-tunisien Hannibal Mejbri renforcera l\u2019\u00e9quipe premi\u00e8re"},"content":{"rendered":"<div class=\"post-cont-in left relative\">\n<div class=\"heateor_sss_sharing_container heateor_sss_horizontal_sharing\" heateor-sss-data-href=\"https:\/\/sport.tunisienumerique.com\/manchester-united-le-franco-tunisien-hannibal-mejbri-renforcera-lequipe-premiere\/\" heateor-sss-no-counts=\"1\">\n<div class=\"heateor_sss_sharing_title c3\">Cet article vous a \u00e9t\u00e9 utile? Partagez le, il int\u00e9ressera d\u2019autres personnes. Merci!<\/div>\n<ul class=\"heateor_sss_sharing_ul\">\n<li class=\"heateorSssSharingRound\"><em alt=\"Facebook\" title=\"Facebook\" class=\"heateorSssSharing heateorSssFacebookBackground c4\" onclick=\"heateorSssPopup(&quot;https:\/\/www.facebook.com\/sharer\/sharer.php?u=https%3A%2F%2Fsport.tunisienumerique.com%2Fmanchester-united-le-franco-tunisien-hannibal-mejbri-renforcera-lequipe-premiere%2F&quot;)\">\u00a0<\/em><\/li>\n<li class=\"heateorSssSharingRound\"><em alt=\"Twitter\" title=\"Twitter\" class=\"heateorSssSharing heateorSssTwitterBackground c4\" onclick=\"heateorSssPopup(&quot;http:\/\/twitter.com\/intent\/tweet?text=Manchester%20United%20%3A%20le%20Franco-tunisien%20Hannibal%20Mejbri%20renforcera%20l%27%C3%A9quipe%20premi%C3%A8re&amp;url=https%3A%2F%2Fsport.tunisienumerique.com%2Fmanchester-united-le-franco-tunisien-hannibal-mejbri-renforcera-lequipe-premiere%2F&quot;)\">\u00a0<\/em><\/li>\n<li class=\"heateorSssSharingRound\"><em alt=\"Linkedin\" title=\"Linkedin\" class=\"heateorSssSharing heateorSssLinkedinBackground c4\" onclick=\"heateorSssPopup(&quot;http:\/\/www.linkedin.com\/shareArticle?mini=true&amp;url=https%3A%2F%2Fsport.tunisienumerique.com%2Fmanchester-united-le-franco-tunisien-hannibal-mejbri-renforcera-lequipe-premiere%2F&amp;title=Manchester%20United%20%3A%20le%20Franco-tunisien%20Hannibal%20Mejbri%20renforcera%20l%27%C3%A9quipe%20premi%C3%A8re&quot;)\">\u00a0<\/em><\/li>\n<li class=\"heateorSssSharingRound\"><em alt=\"Google Gmail\" title=\"Google Gmail\" class=\"heateorSssSharing heateorSssGoogleGmailBackground c4\" onclick=\"heateorSssPopup(&quot;https:\/\/mail.google.com\/mail\/?ui=2&amp;view=cm&amp;fs=1&amp;tf=1&amp;su=Manchester%20United%20%3A%20le%20Franco-tunisien%20Hannibal%20Mejbri%20renforcera%20l%27%C3%A9quipe%20premi%C3%A8re&amp;body=Link:https%3A%2F%2Fsport.tunisienumerique.com%2Fmanchester-united-le-franco-tunisien-hannibal-mejbri-renforcera-lequipe-premiere%2F&quot;)\">\u00a0<\/em><\/li>\n<li class=\"heateorSssSharingRound\"><em alt=\"Whatsapp\" title=\"Whatsapp\" class=\"heateorSssSharing heateorSssWhatsappBackground c4\"><a href=\"https:\/\/api.whatsapp.com\/send?text=Manchester%20United%20%3A%20le%20Franco-tunisien%20Hannibal%20Mejbri%20renforcera%20l%27%C3%A9quipe%20premi%C3%A8re%20https%3A%2F%2Fsport.tunisienumerique.com%2Fmanchester-united-le-franco-tunisien-hannibal-mejbri-renforcera-lequipe-premiere%2F\" rel=\"nofollow noopener noreferrer\" target=\"_blank\">\u00a0<\/a><\/em><\/li>\n<li class=\"heateorSssSharingRound\">\u00a0<\/li>\n<\/ul>\n<\/div>\n<p dir=\"ltr\">S\u00e9duit par ses qualit\u00e9s, Manchester United pourrait faire monter le jeune milieu franco-tunisien, Hannibal Mejbri dans le groupe d\u2019Ole Gunnar Solskjaer, d\u00e8s la saison prochaine.<\/p>\n<p>Il avait fait parler de lui suite \u00e0 son bras-de-fer avec Monaco \u00e0 l\u2019\u00e9t\u00e9 2019, \u00e9pisode finalement conclu par un transfert \u00e0 Manchester United pour une dizaine de millions d\u2019euros. Un an plus tard, le jeune Hannibal Mejbri pourrait revenir sur le devant de la sc\u00e8ne et cette fois pour une bonne raison.<\/p>\n<div class=\"code-block code-block-1 c6\"><ins class=\"adsbygoogle c5\" data-ad-layout=\"in-article\" data-ad-format=\"fluid\" data-ad-client=\"ca-pub-2102118777505746\" data-ad-slot=\"7301775417\"\/> <\/div>\n<p dir=\"ltr\">Selon le Manchester Evening News, les Red Devils, convaincus du talent du milieu fran\u00e7ais d\u2019origine tunisienne (17 ans), envisageraient en effet de le faire monter en \u00e9quipe premi\u00e8re, d\u00e8s le d\u00e9but de la prochaine saison.<\/p>\n<p><\/p>\n<div class=\"heateor_sss_sharing_container heateor_sss_horizontal_sharing\" heateor-sss-data-href=\"https:\/\/sport.tunisienumerique.com\/manchester-united-le-franco-tunisien-hannibal-mejbri-renforcera-lequipe-premiere\/\" heateor-sss-no-counts=\"1\">\n<div class=\"heateor_sss_sharing_title c3\">Cet article vous a \u00e9t\u00e9 utile? Partagez le, il int\u00e9ressera d\u2019autres personnes. Merci!<\/div>\n<ul class=\"heateor_sss_sharing_ul\">\n<li class=\"heateorSssSharingRound\"><em alt=\"Facebook\" title=\"Facebook\" class=\"heateorSssSharing heateorSssFacebookBackground c4\" onclick=\"heateorSssPopup(&quot;https:\/\/www.facebook.com\/sharer\/sharer.php?u=https%3A%2F%2Fsport.tunisienumerique.com%2Fmanchester-united-le-franco-tunisien-hannibal-mejbri-renforcera-lequipe-premiere%2F&quot;)\">\u00a0<\/em><\/li>\n<li class=\"heateorSssSharingRound\"><em alt=\"Twitter\" title=\"Twitter\" class=\"heateorSssSharing heateorSssTwitterBackground c4\" onclick=\"heateorSssPopup(&quot;http:\/\/twitter.com\/intent\/tweet?text=Manchester%20United%20%3A%20le%20Franco-tunisien%20Hannibal%20Mejbri%20renforcera%20l%27%C3%A9quipe%20premi%C3%A8re&amp;url=https%3A%2F%2Fsport.tunisienumerique.com%2Fmanchester-united-le-franco-tunisien-hannibal-mejbri-renforcera-lequipe-premiere%2F&quot;)\">\u00a0<\/em><\/li>\n<li class=\"heateorSssSharingRound\"><em alt=\"Linkedin\" title=\"Linkedin\" class=\"heateorSssSharing heateorSssLinkedinBackground c4\" onclick=\"heateorSssPopup(&quot;http:\/\/www.linkedin.com\/shareArticle?mini=true&amp;url=https%3A%2F%2Fsport.tunisienumerique.com%2Fmanchester-united-le-franco-tunisien-hannibal-mejbri-renforcera-lequipe-premiere%2F&amp;title=Manchester%20United%20%3A%20le%20Franco-tunisien%20Hannibal%20Mejbri%20renforcera%20l%27%C3%A9quipe%20premi%C3%A8re&quot;)\">\u00a0<\/em><\/li>\n<li class=\"heateorSssSharingRound\"><em alt=\"Google Gmail\" title=\"Google Gmail\" class=\"heateorSssSharing heateorSssGoogleGmailBackground c4\" onclick=\"heateorSssPopup(&quot;https:\/\/mail.google.com\/mail\/?ui=2&amp;view=cm&amp;fs=1&amp;tf=1&amp;su=Manchester%20United%20%3A%20le%20Franco-tunisien%20Hannibal%20Mejbri%20renforcera%20l%27%C3%A9quipe%20premi%C3%A8re&amp;body=Link:https%3A%2F%2Fsport.tunisienumerique.com%2Fmanchester-united-le-franco-tunisien-hannibal-mejbri-renforcera-lequipe-premiere%2F&quot;)\">\u00a0<\/em><\/li>\n<li class=\"heateorSssSharingRound\"><em alt=\"Whatsapp\" title=\"Whatsapp\" class=\"heateorSssSharing heateorSssWhatsappBackground c4\"><a href=\"https:\/\/api.whatsapp.com\/send?text=Manchester%20United%20%3A%20le%20Franco-tunisien%20Hannibal%20Mejbri%20renforcera%20l%27%C3%A9quipe%20premi%C3%A8re%20https%3A%2F%2Fsport.tunisienumerique.com%2Fmanchester-united-le-franco-tunisien-hannibal-mejbri-renforcera-lequipe-premiere%2F\" rel=\"nofollow noopener noreferrer\" target=\"_blank\">\u00a0<\/a><\/em><\/li>\n<li class=\"heateorSssSharingRound\">\u00a0<\/li>\n<\/ul>\n<\/div>\n<div class=\"mvp-org-wrap mvp-org-logo\" itemprop=\"publisher\" itemscope=\"\" itemtype=\"https:\/\/schema.org\/Organization\"><img decoding=\"async\" src=\"https:\/\/sport.tunisienumerique.com\/wp-content\/uploads\/2017\/05\/logo_tunisie_numerique.png\"\/><\/div>\n<div class=\"mvp-related-posts left relative\">\n<h4 class=\"post-header\"><span class=\"post-header\">Lire aussi<\/span><\/h4>\n<\/div>\n<div id=\"article-ad\"><ins class=\"adsbygoogle c7\" data-ad-client=\"ca-pub-2102118777505746\" data-ad-slot=\"6513972734\" data-ad-format=\"auto\" data-full-width-responsive=\"true\"\/> <\/div>\n<\/div>\n<div id=\"post-sidebar-wrap\"><ins class=\"adsbygoogle c7\" data-ad-client=\"ca-pub-2102118777505746\" data-ad-slot=\"6513972734\" data-ad-format=\"auto\" data-full-width-responsive=\"true\"\/> <\/div>\n<p>Auteur: a.<br \/>\n<a href=\"https:\/\/sport.tunisienumerique.com\/manchester-united-le-franco-tunisien-hannibal-mejbri-renforcera-lequipe-premiere\/\">Cliquez ici pour lire l&rsquo;article depuis sa source.<\/a><\/p>\n","protected":false},"excerpt":{"rendered":"<p>Cet article vous a \u00e9t\u00e9 utile? Partagez le, il int\u00e9ressera d\u2019autres personnes. Merci! \u00a0 \u00a0 \u00a0 \u00a0 \u00a0 \u00a0 S\u00e9duit par ses qualit\u00e9s, Manchester United pourrait faire monter le jeune milieu franco-tunisien, Hannibal Mejbri dans le groupe d\u2019Ole Gunnar Solskjaer, d\u00e8s la saison prochaine. Il avait fait parler de lui suite \u00e0 son bras-de-fer avec [&hellip;]<\/p>\n","protected":false},"author":1789,"featured_media":86657,"comment_status":"closed","ping_status":"closed","sticky":false,"template":"","format":"standard","meta":{"fifu_image_url":"","fifu_image_alt":"","footnotes":""},"categories":[73,55],"tags":[],"class_list":["post-86656","post","type-post","status-publish","format-standard","has-post-thumbnail","hentry","category-actualite","category-tunisie"],"_links":{"self":[{"href":"https:\/\/linitiative.ca\/International\/wp-json\/wp\/v2\/posts\/86656","targetHints":{"allow":["GET"]}}],"collection":[{"href":"https:\/\/linitiative.ca\/International\/wp-json\/wp\/v2\/posts"}],"about":[{"href":"https:\/\/linitiative.ca\/International\/wp-json\/wp\/v2\/types\/post"}],"author":[{"embeddable":true,"href":"https:\/\/linitiative.ca\/International\/wp-json\/wp\/v2\/users\/1789"}],"replies":[{"embeddable":true,"href":"https:\/\/linitiative.ca\/International\/wp-json\/wp\/v2\/comments?post=86656"}],"version-history":[{"count":0,"href":"https:\/\/linitiative.ca\/International\/wp-json\/wp\/v2\/posts\/86656\/revisions"}],"wp:featuredmedia":[{"embeddable":true,"href":"https:\/\/linitiative.ca\/International\/wp-json\/"}],"wp:attachment":[{"href":"https:\/\/linitiative.ca\/International\/wp-json\/wp\/v2\/media?parent=86656"}],"wp:term":[{"taxonomy":"category","embeddable":true,"href":"https:\/\/linitiative.ca\/International\/wp-json\/wp\/v2\/categories?post=86656"},{"taxonomy":"post_tag","embeddable":true,"href":"https:\/\/linitiative.ca\/International\/wp-json\/wp\/v2\/tags?post=86656"}],"curies":[{"name":"wp","href":"https:\/\/api.w.org\/{rel}","templated":true}]}}