{"id":86660,"date":"2020-05-25T15:22:25","date_gmt":"2020-05-25T19:22:25","guid":{"rendered":"https:\/\/linitiative.ca\/International\/operation-antiterroriste-ivoiro-burkinabe\/"},"modified":"2020-05-25T15:22:25","modified_gmt":"2020-05-25T19:22:25","slug":"operation-antiterroriste-ivoiro-burkinabe","status":"publish","type":"post","link":"https:\/\/linitiative.ca\/International\/operation-antiterroriste-ivoiro-burkinabe\/","title":{"rendered":"OPERATION ANTITERRORISTE IVOIRO-BURKINABE"},"content":{"rendered":"<div class=\"stream-item stream-item-above-post-content\">\n<p><noscript><\/p>\n<p><a href=\"\/\/www3.smartadserver.com\/ac?jump=1&amp;nwid=2136&amp;siteid=240610&amp;pgname=rg&amp;fmtid=49046&amp;visit=m&amp;tmstp=[timestamp]&amp;out=nonrich\" target=\"_blank\" rel=\"noopener noreferrer\"><img decoding=\"async\" src=\"http:\/\/www3.smartadserver.com\/ac?out=nonrich&amp;nwid=2136&amp;siteid=240610&amp;pgname=rg&amp;fmtid=49046&amp;visit=m&amp;tmstp=[timestamp]\" border=\"0\" alt=\"\"\/><\/a><\/p>\n<p><\/noscript><\/div>\n<p class=\"c3\"><em>Depuis le 13 mai 2020, le Burkina Faso et la C\u00f4te d\u2019Ivoire m\u00e8nent une op\u00e9ration antiterroriste d\u00e9nomm\u00e9e \u00ab\u00a0Como\u00e9\u00a0\u00bb dans la zone frontali\u00e8re entre les deux pays. L\u2019objectif de cette op\u00e9ration, \u00e0 en croire les chefs d\u2019\u00e9tat-major des arm\u00e9es des deux Etats, est de d\u00e9manteler des bases d\u2019un groupe terroriste qui est en train de s\u2019implanter entre les deux pays. Pour plus de pr\u00e9cisions, l\u2019on peut ajouter que ce groupe terroriste avait jet\u00e9 son d\u00e9volu sur le village de Alidougou, en territoire burkinab\u00e8, \u00e0 moins de dix kilom\u00e8tres de la fronti\u00e8re avec la C\u00f4te d\u2019voire. Le bilan provisoire fait \u00e9tat de huit terroristes neutralis\u00e9s, c\u2019est-\u00e0-dire tu\u00e9s et d\u2019une trentaine de suspects interpell\u00e9s par les deux arm\u00e9es. A cela, il faut ajouter la destruction d\u2019une base terroriste et la saisie d\u2019un lot de mat\u00e9riels constitu\u00e9 d\u2019armements, de munitions, de t\u00e9l\u00e9phones portables, de mat\u00e9riels informatiques, etc. La cerise sur le g\u00e2teau est que toutes les zones identifi\u00e9es comme pouvant servir de refuge dans la for\u00eat de la Como\u00e9 ont fait l\u2019objet de ratissage. Cette op\u00e9ration est \u00e0 saluer \u00e0 sa juste valeur. En effet, elle traduit la volont\u00e9 commune des deux pays de mutualiser leurs forces pour casser du terroriste. Et quand deux pays s\u2019inscrivent dans cette dynamique, la peur change de camp. Le Burkina, par l\u00e0, peut avoir un moment de r\u00e9pit. Car, l\u2019implantation d\u2019une base terroriste dans cette partie du territoire national, pouvait compliquer davantage la t\u00e2che aux Forces de d\u00e9fense et de s\u00e9curit\u00e9 et cela pour deux raisons essentielles. D\u2019abord, il y a le fait que la for\u00eat de la Como\u00e9 offre des possibilit\u00e9s r\u00e9elles de refuge et d\u2019approvisionnement pour les terroristes. Il y a aussi le fait que les Forces de d\u00e9fense et de s\u00e9curit\u00e9 du Burkina sont d\u00e9j\u00e0 suffisamment engag\u00e9es sur plusieurs fronts \u00e0 la fois, dans la traque des terroristes. Dans ces conditions, l\u2019installation d\u2019une autre base terroriste du c\u00f4t\u00e9 de la fronti\u00e8re ivoirienne, est un projet qu\u2019il fallait au plus vite tuer dans l\u2019\u0153uf. Mais il n\u2019y a pas que le Burkina qui gagne dans cette op\u00e9ration. La C\u00f4te d\u2019Ivoire \u00e9galement y gagne.<\/em><\/p>\n<p class=\"c3\"><strong><em>Il faut \u00e0 tout prix maintenir ce r\u00e9chauffement des relations entre Ouagadougou et Yamoussoukro<\/em><\/strong><\/p>\n<p class=\"c3\"><em>En effet, les terroristes n\u2019ont pas d\u2019amis. Ils ont des int\u00e9r\u00eats. D\u00e8s lors qu\u2019un pays n\u2019arrive pas \u00e0 garantir leurs int\u00e9r\u00eats, ils l\u2019inscrivent dans leur collimateur. Nagu\u00e8re, les Etats-Unis \u00e9taient aux petits soins de Ben Laden parce que ce dernier \u00e9tait \u00e0 leurs c\u00f4t\u00e9s pour d\u00e9loger les Russes de l\u2019Afghanistan. En contrepartie, Ben Laden avait \u00e9pargn\u00e9 l\u2019Am\u00e9rique. Mais apr\u00e8s avoir contribu\u00e9\u00a0 \u00e0 chasser l\u2019Arm\u00e9e rouge de ce pays, Ben Laden s\u2019est retourn\u00e9 contre les Etats-Unis. La suite, on la conna\u00eet\u00a0: L\u2019Am\u00e9rique a subi la plus grande attaque terroriste de son histoire. C\u2019\u00e9tait le 11 septembre 2001, avec \u00e0 la clef 2977 morts. Un autre exemple qui illustre le fait que les terroristes n\u2019ont pas d\u2019amis, est le cas du Burkina. Pendant longtemps, ce pays a offert g\u00eete et couvert aux terroristes. Aujourd\u2019hui, le Burkina fait partie de leurs cibles. La C\u00f4te d\u2019Ivoire serait donc bien inspir\u00e9e de se joindre \u00e0 la lutte contre les terroristes, m\u00eame si son territoire, pour le moment, est relativement \u00e9pargn\u00e9. C\u2019est pourquoi il faut souhaiter que de telles op\u00e9rations s\u2019inscrivent dans la dur\u00e9e, pour le bonheur des deux pays. En tout cas, aucun pays n\u2019est jamais suffisamment fort seul pour faire face au terrorisme. M\u00eame les Etats-Unis ont parfois besoin des autres pour r\u00e9ussir leurs op\u00e9rations antiterroristes. Lorsque la C\u00f4te d\u2019Ivoire a \u00e9t\u00e9 touch\u00e9e, le 13 mars 2016, par une attaque terroriste dans la ville de Grand Bassam, elle a d\u00fb comprendre une chose\u00a0: les terroristes ne connaissent pas de fronti\u00e8res. Apr\u00e8s le Burkina et le Mali, il y a de fortes chances que les terroristes s\u2019int\u00e9ressent \u00e0 la C\u00f4te d\u2019Ivoire. R\u00e9sultat, celle-ci veille sur ses fronti\u00e8res avec ces deux pays comme si elle veillait sur du lait sur le feu. Et si l\u2019op\u00e9ration \u00ab\u00a0Como\u00e9\u00a0\u00bb a \u00e9t\u00e9 possible, c\u2019est parce que, quelque part, les nuages qui assombrissaient le ciel de la coop\u00e9ration entre les deux pays, se sont dissip\u00e9s depuis la disgr\u00e2ce de Guillaume Soro. Il faut \u00e0 tout prix maintenir ce r\u00e9chauffement des relations entre Ouagadougou et Yamoussoukro. Car, les terroristes veillent au grain. Et la moindre tension diplomatique entre les deux pays, sera pain b\u00e9nit pour eux. Apr\u00e8s l\u2019op\u00e9ration \u00ab\u00a0Como\u00e9\u00a0\u00bb, il faut esp\u00e9rer non seulement qu\u2019une telle op\u00e9ration s\u2019installe dans la dur\u00e9e entre les pays, mais aussi que les autres pays c\u00f4tiers frontaliers du Burkina comme le Togo et le Ghana, pensent \u00e0 d\u00e9velopper avec le pays des Hommes int\u00e8gres, pareille initiative. Il faut m\u00eame envisager d\u2019int\u00e9grer tous les pays c\u00f4tiers dans le G5 Sahel. En tout cas, le chef d\u2019\u00e9tat-major ivoirien, le g\u00e9n\u00e9ral Lassina Doumbia, a \u00e9t\u00e9 bien inspir\u00e9 de dire \u00e0 propos \u00a0de \u00ab\u00a0l\u2019op\u00e9ration Como\u00e9\u00a0\u00bb: \u00ab\u00a0 Il est n\u00e9cessaire, pour nous, de nous unir pour faire face \u00e0 la menace. Eux (les terroristes), ils ont r\u00e9ussi \u00e0 le faire. Ils arrivent \u00e0 se solidariser entre groupes arm\u00e9es terroristes. Si nous nous ne le faisons pas, \u00e9videmment nous perdrons la guerre\u00a0\u00bb.<\/em><\/p>\n<p class=\"c3\"><strong><em>Sidzabda<\/em><\/strong><\/p>\n<p>Auteur: Le Pays<br \/>\n<a href=\"http:\/\/lepays.bf\/operation-antiterroriste-ivoiro-burkinabe\/\">Cliquez ici pour lire l&rsquo;article depuis sa source.<\/a><\/p>\n","protected":false},"excerpt":{"rendered":"<p>Depuis le 13 mai 2020, le Burkina Faso et la C\u00f4te d\u2019Ivoire m\u00e8nent une op\u00e9ration antiterroriste d\u00e9nomm\u00e9e \u00ab\u00a0Como\u00e9\u00a0\u00bb dans la zone frontali\u00e8re entre les deux pays. L\u2019objectif de cette op\u00e9ration, \u00e0 en croire les chefs d\u2019\u00e9tat-major des arm\u00e9es des deux Etats, est de d\u00e9manteler des bases d\u2019un groupe terroriste qui est en train de s\u2019implanter [&hellip;]<\/p>\n","protected":false},"author":1813,"featured_media":0,"comment_status":"closed","ping_status":"closed","sticky":false,"template":"","format":"standard","meta":{"fifu_image_url":"","fifu_image_alt":"","footnotes":""},"categories":[73,81],"tags":[],"class_list":["post-86660","post","type-post","status-publish","format-standard","hentry","category-actualite","category-burkina-faso"],"_links":{"self":[{"href":"https:\/\/linitiative.ca\/International\/wp-json\/wp\/v2\/posts\/86660","targetHints":{"allow":["GET"]}}],"collection":[{"href":"https:\/\/linitiative.ca\/International\/wp-json\/wp\/v2\/posts"}],"about":[{"href":"https:\/\/linitiative.ca\/International\/wp-json\/wp\/v2\/types\/post"}],"author":[{"embeddable":true,"href":"https:\/\/linitiative.ca\/International\/wp-json\/wp\/v2\/users\/1813"}],"replies":[{"embeddable":true,"href":"https:\/\/linitiative.ca\/International\/wp-json\/wp\/v2\/comments?post=86660"}],"version-history":[{"count":0,"href":"https:\/\/linitiative.ca\/International\/wp-json\/wp\/v2\/posts\/86660\/revisions"}],"wp:attachment":[{"href":"https:\/\/linitiative.ca\/International\/wp-json\/wp\/v2\/media?parent=86660"}],"wp:term":[{"taxonomy":"category","embeddable":true,"href":"https:\/\/linitiative.ca\/International\/wp-json\/wp\/v2\/categories?post=86660"},{"taxonomy":"post_tag","embeddable":true,"href":"https:\/\/linitiative.ca\/International\/wp-json\/wp\/v2\/tags?post=86660"}],"curies":[{"name":"wp","href":"https:\/\/api.w.org\/{rel}","templated":true}]}}