{"id":86662,"date":"2020-05-25T15:30:23","date_gmt":"2020-05-25T19:30:23","guid":{"rendered":"https:\/\/linitiative.ca\/International\/reprise-du-proces-de-vital-kamerhe\/"},"modified":"2020-05-25T15:30:23","modified_gmt":"2020-05-25T19:30:23","slug":"reprise-du-proces-de-vital-kamerhe","status":"publish","type":"post","link":"https:\/\/linitiative.ca\/International\/reprise-du-proces-de-vital-kamerhe\/","title":{"rendered":"REPRISE DU PROCES DE VITAL KAMERHE"},"content":{"rendered":"<div class=\"stream-item stream-item-above-post-content\">\n<p><noscript><\/p>\n<p><a href=\"\/\/www3.smartadserver.com\/ac?jump=1&amp;nwid=2136&amp;siteid=240610&amp;pgname=rg&amp;fmtid=49046&amp;visit=m&amp;tmstp=[timestamp]&amp;out=nonrich\" target=\"_blank\" rel=\"noopener noreferrer\"><img decoding=\"async\" src=\"http:\/\/www3.smartadserver.com\/ac?out=nonrich&amp;nwid=2136&amp;siteid=240610&amp;pgname=rg&amp;fmtid=49046&amp;visit=m&amp;tmstp=[timestamp]\" border=\"0\" alt=\"\"\/><\/a><\/p>\n<p><\/noscript><\/div>\n<p class=\"c3\"><em>Apr\u00e8s un report de deux semaines, le proc\u00e8s de Vital Kamerhe est enfin entr\u00e9\u00a0 dans le vif du sujet\u00a0; en t\u00e9moigne le d\u00e9but des audiences. Outre le d\u00e9sormais ex-directeur de cabinet du pr\u00e9sident F\u00e9lix Tschis\u00e9kedi, il y avait, sur le banc des accus\u00e9s, l\u2019homme d\u2019affaires libanais, Jammal Sammih,\u00a0 le coordonnateur du programme, Nicolas Kazadi, le ministre congolais de la Formation professionnelle, John Ntumba, le ministre des Affaires fonci\u00e8res, Aim\u00e9 Molendo Sakombi connu pour \u00eatre proche de Vital Kamerhe. Et ce n\u2019est pas tout. Apr\u00e8s quelques jours de cavale, le neveu du patron de l\u2019Union pour la nation congolaise (UNC) a \u00e9t\u00e9 alpagu\u00e9 et pr\u00e9sent\u00e9 aux juges, m\u00eame si ce dernier a pr\u00e9f\u00e9r\u00e9 user du mutisme comme arme de d\u00e9fense. En tout cas, pour un proc\u00e8s historique, c\u2019en est un puisque c\u2019est la premi\u00e8re fois qu\u2019une haute personnalit\u00e9 de l\u2019Etat congolais, est jug\u00e9e pour une affaire de d\u00e9tournements de deniers publics dans un pays o\u00f9 la corruption le dispute au client\u00e9lisme et aux passe-droits. C\u2019est en cela qu\u2019il faut se f\u00e9liciter de ce que ce proc\u00e8s ait \u00e9t\u00e9 retransmit en direct afin de permettre au peuple congolais de comprendre tous les tenants et les aboutissants de ce scandale li\u00e9 \u00e0 l\u2019achat et l\u2019\u00e9rection de maisons pr\u00e9fabriqu\u00e9es dans le cadre du Programme dit des \u00ab\u00a0100 jours\u00a0\u00bb du pr\u00e9sident Tshis\u00e9kedi.<\/em><\/p>\n<p class=\"c3\"><strong><em>Le pr\u00e9sident F\u00e9lix Tshis\u00e9kedi veut montrer \u00e0 tous les Congolais que nul n\u2019est d\u00e9sormais au-dessus de la loi<\/em><\/strong><\/p>\n<p class=\"c3\"><em>En fait, on ne le sait que trop bien. Kamerhe et son parti croient dur comme fer qu\u2019ils sont victimes d\u2019une cabale politique et que la m\u00e9diatisation du proc\u00e8s leur permettra de laver leur honneur devant le peuple congolais. On comprend d\u00e8s lors pourquoi, \u00e0 l\u2019ouverture du proc\u00e8s le 11 mai dernier, Kamerhe, pris dans les cordes, s\u2019\u00e9tait montr\u00e9 offensif. Il soutient mordicus ne pas conna\u00eetre l\u2019homme d\u2019affaires libanais et ce, alors m\u00eame que des photos qui circulent sur les r\u00e9seaux sociaux, attestent le contraire. En pareille occurrence, les passe d\u2019armes ne manquent pas entre la d\u00e9fense et la partie civile. En effet, alors que les avocats de l\u2019Etat, \u00e0 la reprise du proc\u00e8s, souhaitent que la liste des t\u00e9moins s\u2019allonge, les conseils de Kamerhe, eux, pensent que cette d\u00e9marche est \u00ab\u00a0pr\u00e9cipit\u00e9e\u00a0\u00bb. Cela dit, s\u2019il y a quelqu\u2019un \u00e0 qui il faut rendre un vibrant hommage dans cette affaire, c\u2019est bien le pr\u00e9sident F\u00e9lix Tshis\u00e9kedi qui, par ce proc\u00e8s, veut montrer \u00e0 tous les Congolais que nul n\u2019est d\u00e9sormais au- dessus de la loi. Toute chose qui tranche avec la gouvernance de son pr\u00e9d\u00e9cesseur Joseph Kabila, o\u00f9 la vertu \u00e9tait constamment moqu\u00e9e et ridiculis\u00e9e.<\/em><\/p>\n<p class=\"c3\"><strong><em>B.O<\/em><\/strong><\/p>\n<p>Auteur: Le Pays<br \/>\n<a href=\"http:\/\/lepays.bf\/reprise-du-proces-de-vital-kamerhe\/\">Cliquez ici pour lire l&rsquo;article depuis sa source.<\/a><\/p>\n","protected":false},"excerpt":{"rendered":"<p>Apr\u00e8s un report de deux semaines, le proc\u00e8s de Vital Kamerhe est enfin entr\u00e9\u00a0 dans le vif du sujet\u00a0; en t\u00e9moigne le d\u00e9but des audiences. Outre le d\u00e9sormais ex-directeur de cabinet du pr\u00e9sident F\u00e9lix Tschis\u00e9kedi, il y avait, sur le banc des accus\u00e9s, l\u2019homme d\u2019affaires libanais, Jammal Sammih,\u00a0 le coordonnateur du programme, Nicolas Kazadi, le [&hellip;]<\/p>\n","protected":false},"author":1813,"featured_media":0,"comment_status":"closed","ping_status":"closed","sticky":false,"template":"","format":"standard","meta":{"fifu_image_url":"","fifu_image_alt":"","footnotes":""},"categories":[73,81],"tags":[],"class_list":["post-86662","post","type-post","status-publish","format-standard","hentry","category-actualite","category-burkina-faso"],"_links":{"self":[{"href":"https:\/\/linitiative.ca\/International\/wp-json\/wp\/v2\/posts\/86662","targetHints":{"allow":["GET"]}}],"collection":[{"href":"https:\/\/linitiative.ca\/International\/wp-json\/wp\/v2\/posts"}],"about":[{"href":"https:\/\/linitiative.ca\/International\/wp-json\/wp\/v2\/types\/post"}],"author":[{"embeddable":true,"href":"https:\/\/linitiative.ca\/International\/wp-json\/wp\/v2\/users\/1813"}],"replies":[{"embeddable":true,"href":"https:\/\/linitiative.ca\/International\/wp-json\/wp\/v2\/comments?post=86662"}],"version-history":[{"count":0,"href":"https:\/\/linitiative.ca\/International\/wp-json\/wp\/v2\/posts\/86662\/revisions"}],"wp:attachment":[{"href":"https:\/\/linitiative.ca\/International\/wp-json\/wp\/v2\/media?parent=86662"}],"wp:term":[{"taxonomy":"category","embeddable":true,"href":"https:\/\/linitiative.ca\/International\/wp-json\/wp\/v2\/categories?post=86662"},{"taxonomy":"post_tag","embeddable":true,"href":"https:\/\/linitiative.ca\/International\/wp-json\/wp\/v2\/tags?post=86662"}],"curies":[{"name":"wp","href":"https:\/\/api.w.org\/{rel}","templated":true}]}}