{"id":86663,"date":"2020-05-25T05:40:16","date_gmt":"2020-05-25T09:40:16","guid":{"rendered":"https:\/\/linitiative.ca\/International\/aid-el-fitr-priere-pour-contrer-la-covid-19\/"},"modified":"2020-05-25T05:40:16","modified_gmt":"2020-05-25T09:40:16","slug":"aid-el-fitr-priere-pour-contrer-la-covid-19","status":"publish","type":"post","link":"https:\/\/linitiative.ca\/International\/aid-el-fitr-priere-pour-contrer-la-covid-19\/","title":{"rendered":"A\u00efd el Fitr: Pri\u00e8re pour contrer la COVID-19"},"content":{"rendered":"<div class=\"td-post-featured-image\"><a href=\"https:\/\/www.sidwaya.info\/wp-content\/uploads\/2020\/05\/aid-1.jpeg\" data-caption=\"\"><img loading=\"lazy\" decoding=\"async\" width=\"696\" height=\"464\" class=\"entry-thumb td-modal-image\" src=\"https:\/\/www.sidwaya.info\/wp-content\/uploads\/2020\/05\/aid-1-696x464.jpeg\" srcset=\"https:\/\/www.sidwaya.info\/wp-content\/uploads\/2020\/05\/aid-1-696x464.jpeg 696w, https:\/\/www.sidwaya.info\/wp-content\/uploads\/2020\/05\/aid-1-300x200.jpeg 300w, https:\/\/www.sidwaya.info\/wp-content\/uploads\/2020\/05\/aid-1-768x512.jpeg 768w, https:\/\/www.sidwaya.info\/wp-content\/uploads\/2020\/05\/aid-1-630x420.jpeg 630w, https:\/\/www.sidwaya.info\/wp-content\/uploads\/2020\/05\/aid-1.jpeg 900w\" sizes=\"auto, (max-width: 696px) 100vw, 696px\" alt=\"\" title=\"aid\"\/><\/a><\/div>\n<p><strong>La communaut\u00e9 musulmane du Burkina Faso a c\u00e9l\u00e9br\u00e9, le dimanche 24 mai 2020, la f\u00eate de l\u2019A\u00efd el Fitr. A la Place de la Nation de Ouagadougou, la pri\u00e8re marquant la fin du je\u00fbne a \u00e9t\u00e9 offici\u00e9 par l\u2019imam, Mohamed Sourwila.<\/strong><\/p>\n<p><strong>\u00a0<\/strong>La Place de la Nation est bond\u00e9e de monde ce dimanche, 24 mai 2020. Les fid\u00e8les musulmans venus de divers secteurs et arrondissements de Ouagadougou sont venus prendre part \u00e0 la grande pri\u00e8re marquant la fin de 30 jours de je\u00fbne. Habill\u00e9s pour la plupart de beaux boubous, les fid\u00e8les sont \u00ab filtr\u00e9s \u00bb aux entr\u00e9es de l\u2019aire de pri\u00e8re. Coronovirus oblige, chaque fid\u00e8le est pri\u00e9 de prendre sa dose gel hydro alcoolique\u00a0 avec les \u00e9l\u00e9ments de la s\u00e9curit\u00e9. D\u2019autres sont somm\u00e9s de se laver les mains avec du savon et de l\u2019eau pos\u00e9e. 8H55 mn. C\u2019est le d\u00e9but de la pri\u00e8re. Pour cette f\u00eate de l\u2019Aid, c\u2019est l\u2019imam Mohamed Sourwila qui dirige la pri\u00e8re. Certains fid\u00e8les observent bien les mesures barri\u00e8res, en l\u2019occurrence la distance sociale d\u2019un m\u00e8tre. Apr\u00e8s deux rakats, l\u2019imam Mohamed Sourwila met fin \u00e0 la pri\u00e8re. Dans son sermon, l\u2019imam f\u00e9licite les fid\u00e8les qui gr\u00e2ce \u00e0 Dieu ont pu accomplir les 30 jours de je\u00fbne. Ramadan ne doit pas \u00eatre la fin des bonnes \u0153uvres pour le musulman, insiste-t-il. Donc, au sortir de ce mois b\u00e9ni de Ramadan de continuer \u00e0 \u00eatre des musulmans exemplaire. \u00ab Vous avez pri\u00e9, je\u00fbn\u00e9, accompli des bonnes \u0153uvres. Mais chacun doit maintenant s\u2019interroger, si son je\u00fbne est accept\u00e9 ou rejet\u00e9 \u00bb, affirme l\u2019imam Sourwila. Cette ann\u00e9e le mois de Ramadan s\u2019est tenu dans un contexte marqu\u00e9 par la Covid-19. Le guide spirituel conseille que les fid\u00e8les aient la crainte de Dieu et soient \u00e0 son \u00e9coute pour qu\u2019il nous \u00e9pargne de la maladie \u00e0 coronavirus. L\u2019occasion faisant le larron, il invit\u00e9 les fid\u00e8les \u00e0 prier pour les agents de sant\u00e9 qui depuis la confirmation de l\u2019\u00e9pid\u00e9mie du Covid-19 au Pays des Hommes int\u00e8gres est en premi\u00e8re ligne de la lutte pour pr\u00e9server la vie des Burkinab\u00e8. Le Burkina Faso souffre des affres du terrorisme.<\/p>\n<p><img loading=\"lazy\" decoding=\"async\" class=\"alignleft size-full wp-image-22436\" src=\"https:\/\/www.sidwaya.info\/wp-content\/uploads\/2020\/05\/aid1.jpeg\" alt=\"\" width=\"900\" height=\"600\" srcset=\"https:\/\/www.sidwaya.info\/wp-content\/uploads\/2020\/05\/aid1.jpeg 900w, https:\/\/www.sidwaya.info\/wp-content\/uploads\/2020\/05\/aid1-300x200.jpeg 300w, https:\/\/www.sidwaya.info\/wp-content\/uploads\/2020\/05\/aid1-768x512.jpeg 768w, https:\/\/www.sidwaya.info\/wp-content\/uploads\/2020\/05\/aid1-696x464.jpeg 696w, https:\/\/www.sidwaya.info\/wp-content\/uploads\/2020\/05\/aid1-630x420.jpeg 630w\" sizes=\"auto, (max-width: 900px) 100vw, 900px\"\/>L\u2019imam Sourwila demande \u00e0 Dieu de nous \u00e9pargner du terrorisme. Mais surtout qu\u2019il veille sur les Forces de d\u00e9fense et de s\u00e9curit\u00e9(FDS) qui se battent pour la d\u00e9fense de la m\u00e8re-patrie. <em>\u00ab\u00a0Je demande \u00e0 tous de respecter les mesures barri\u00e8res \u00e9dict\u00e9s par les autorit\u00e9s sanitaires\u00a0\u00bb,<\/em> supplice le pr\u00e9sident de la communaut\u00e9 musulmane du Burkina tout en demandant \u00e0 Allah d\u2019\u00e9pargner le Burkina du Covid-19 et ses cons\u00e9quences. Le ministre en charge des cultes, Sim\u00e9on Sawadogo se r\u00e9joui il de la volont\u00e9 des fid\u00e8les de respecter la distanciation sociale et les diff\u00e9rentes mesures pr\u00e9coniser par le gouvernement. \u00ab\u00a0 Il y\u2019a une volont\u00e9 de respecter les mesures barri\u00e8res et nous saluons cela\u00a0\u00bb, affirme M. Sawadogo. Il rappelle qu\u2019apr\u00e8s une abstinence, des pri\u00e8res, des actions d\u2019adoration de 30 jours pour le Burkina et l\u2019ensemble du monde venu communier en cette fin de pri\u00e8re. Au nom du gouvernement, il leur remercie pour toute les pri\u00e8res pour le Burkina qui traverse des moments difficiles que ce soit avec la maladie \u00e0 coronavirus, la s\u00e9curit\u00e9\u2026<\/p>\n<div class=\"td-a-rec td-a-rec-id-content_inline tdi_30_f1b td_block_template_1\"><img loading=\"lazy\" decoding=\"async\" class=\"aligncenter size-full wp-image-21314\" src=\"https:\/\/www.sidwaya.info\/wp-content\/uploads\/2020\/04\/Bandeau-Covid-19-Sidwaya-1.jpg\" alt=\"\" width=\"790\" height=\"98\"\/><\/div>\n<p class=\"c1\"><strong>Abdel Aziz NABALOUM<\/strong><\/p>\n<p class=\"c1\"><strong>emirathe@yahoo.fr<\/strong><\/p>\n<div class=\"td-a-rec td-a-rec-id-content_bottom tdi_31_1b1 td_block_template_1\"><img loading=\"lazy\" decoding=\"async\" class=\"aligncenter size-full wp-image-22415\" src=\"https:\/\/www.sidwaya.info\/wp-content\/uploads\/2020\/05\/Bandeau-paiement-mobile-site.png\" alt=\"\" width=\"728\" height=\"90\"\/><\/div>\n<p>Auteur: BS. Sidwaya<br \/>\n<a href=\"https:\/\/www.sidwaya.info\/blog\/2020\/05\/25\/aid-el-fitr-priere-pour-contrer-la-covid-19\/\">Cliquez ici pour lire l&rsquo;article depuis sa source.<\/a><\/p>\n","protected":false},"excerpt":{"rendered":"<p>La communaut\u00e9 musulmane du Burkina Faso a c\u00e9l\u00e9br\u00e9, le dimanche 24 mai 2020, la f\u00eate de l\u2019A\u00efd el Fitr. A la Place de la Nation de Ouagadougou, la pri\u00e8re marquant la fin du je\u00fbne a \u00e9t\u00e9 offici\u00e9 par l\u2019imam, Mohamed Sourwila. \u00a0La Place de la Nation est bond\u00e9e de monde ce dimanche, 24 mai 2020. [&hellip;]<\/p>\n","protected":false},"author":1816,"featured_media":86664,"comment_status":"closed","ping_status":"closed","sticky":false,"template":"","format":"standard","meta":{"fifu_image_url":"","fifu_image_alt":"","footnotes":""},"categories":[73,81],"tags":[],"class_list":["post-86663","post","type-post","status-publish","format-standard","has-post-thumbnail","hentry","category-actualite","category-burkina-faso"],"_links":{"self":[{"href":"https:\/\/linitiative.ca\/International\/wp-json\/wp\/v2\/posts\/86663","targetHints":{"allow":["GET"]}}],"collection":[{"href":"https:\/\/linitiative.ca\/International\/wp-json\/wp\/v2\/posts"}],"about":[{"href":"https:\/\/linitiative.ca\/International\/wp-json\/wp\/v2\/types\/post"}],"author":[{"embeddable":true,"href":"https:\/\/linitiative.ca\/International\/wp-json\/wp\/v2\/users\/1816"}],"replies":[{"embeddable":true,"href":"https:\/\/linitiative.ca\/International\/wp-json\/wp\/v2\/comments?post=86663"}],"version-history":[{"count":0,"href":"https:\/\/linitiative.ca\/International\/wp-json\/wp\/v2\/posts\/86663\/revisions"}],"wp:featuredmedia":[{"embeddable":true,"href":"https:\/\/linitiative.ca\/International\/wp-json\/"}],"wp:attachment":[{"href":"https:\/\/linitiative.ca\/International\/wp-json\/wp\/v2\/media?parent=86663"}],"wp:term":[{"taxonomy":"category","embeddable":true,"href":"https:\/\/linitiative.ca\/International\/wp-json\/wp\/v2\/categories?post=86663"},{"taxonomy":"post_tag","embeddable":true,"href":"https:\/\/linitiative.ca\/International\/wp-json\/wp\/v2\/tags?post=86663"}],"curies":[{"name":"wp","href":"https:\/\/api.w.org\/{rel}","templated":true}]}}