{"id":86665,"date":"2020-05-25T08:20:25","date_gmt":"2020-05-25T12:20:25","guid":{"rendered":"https:\/\/linitiative.ca\/International\/operation-anti-terroriste-conjointe-cote-divoire-burkina-8-presumes-djihadistes-tues\/"},"modified":"2020-05-25T08:20:25","modified_gmt":"2020-05-25T12:20:25","slug":"operation-anti-terroriste-conjointe-cote-divoire-burkina-8-presumes-djihadistes-tues","status":"publish","type":"post","link":"https:\/\/linitiative.ca\/International\/operation-anti-terroriste-conjointe-cote-divoire-burkina-8-presumes-djihadistes-tues\/","title":{"rendered":"Op\u00e9ration anti-terroriste conjointe Cote d\u2019Ivoire -Burkina: 8 pr\u00e9sum\u00e9s djihadistes tu\u00e9s"},"content":{"rendered":"<div class=\"td-post-sharing-top td-post-sharing td-ps-bg td-ps-padding td-ps-bar td-post-sharing-style6\">\n<div class=\"td-post-sharing-visible\"><a class=\"td-social-sharing-button td-social-sharing-button-js td-social-network td-social-facebook\" href=\"https:\/\/www.facebook.com\/sharer.php?u=https%3A%2F%2Fwww.sidwaya.info%2Fblog%2F2020%2F05%2F25%2Foperation-anti-terroriste-conjointe-cote-divoire-burkina%2F\"\/><\/p>\n<p>Facebook<\/p>\n<p><a class=\"td-social-sharing-button td-social-sharing-button-js td-social-network td-social-twitter\" href=\"https:\/\/twitter.com\/intent\/tweet?text=Op%C3%A9ration+anti-terroriste+conjointe+Cote+d%E2%80%99Ivoire+-Burkina%3A+8+pr%C3%A9sum%C3%A9s+djihadistes+tu%C3%A9s&amp;url=https%3A%2F%2Fwww.sidwaya.info%2Fblog%2F2020%2F05%2F25%2Foperation-anti-terroriste-conjointe-cote-divoire-burkina%2F&amp;via=Quotidien+Sidwaya\"\/><\/p>\n<p>Twitter<\/p>\n<p><a class=\"td-social-sharing-button td-social-sharing-button-js td-social-network td-social-pinterest\" href=\"https:\/\/pinterest.com\/pin\/create\/button\/?url=https:\/\/www.sidwaya.info\/blog\/2020\/05\/25\/operation-anti-terroriste-conjointe-cote-divoire-burkina\/&amp;media=&amp;description=Op%C3%A9ration+anti-terroriste+conjointe+Cote+d%E2%80%99Ivoire+-Burkina%3A+8+pr%C3%A9sum%C3%A9s+djihadistes+tu%C3%A9s\"\/><\/p>\n<p>Pinterest<\/p>\n<p><a class=\"td-social-sharing-button td-social-sharing-button-js td-social-network td-social-whatsapp\" href=\"whatsapp:\/\/send?text=Op%C3%A9ration+anti-terroriste+conjointe+Cote+d%E2%80%99Ivoire+-Burkina%3A+8+pr%C3%A9sum%C3%A9s+djihadistes+tu%C3%A9s%20%0A%0A%20https:\/\/www.sidwaya.info\/blog\/2020\/05\/25\/operation-anti-terroriste-conjointe-cote-divoire-burkina\/\"\/><\/p>\n<p>WhatsApp<\/p>\n<p><a class=\"td-social-sharing-button td-social-sharing-button-js td-social-network td-social-linkedin\" href=\"https:\/\/www.linkedin.com\/shareArticle?mini=true&amp;url=https:\/\/www.sidwaya.info\/blog\/2020\/05\/25\/operation-anti-terroriste-conjointe-cote-divoire-burkina\/&amp;title=Op%C3%A9ration+anti-terroriste+conjointe+Cote+d%E2%80%99Ivoire+-Burkina%3A+8+pr%C3%A9sum%C3%A9s+djihadistes+tu%C3%A9s\"\/><\/p>\n<p>Linkedin<\/p>\n<p><a class=\"td-social-sharing-button td-social-sharing-button-js td-social-network td-social-mail\" href=\"mailto:?subject=Op%C3%A9ration%20anti-terroriste%20conjointe%20Cote%20d%E2%80%99Ivoire%20-Burkina:%208%20pr%C3%A9sum%C3%A9s%20djihadistes%20tu%C3%A9s&amp;body=https:\/\/www.sidwaya.info\/blog\/2020\/05\/25\/operation-anti-terroriste-conjointe-cote-divoire-burkina\/\"\/><\/p>\n<p>Email<\/p>\n<p><a class=\"td-social-sharing-button td-social-sharing-button-js td-social-network td-social-print\" href=\"#\"\/><\/p>\n<p>Print<\/p>\n<p><a class=\"td-social-sharing-button td-social-sharing-button-js td-social-network td-social-tumblr\" href=\"https:\/\/www.tumblr.com\/share\/link?url=https:\/\/www.sidwaya.info\/blog\/2020\/05\/25\/operation-anti-terroriste-conjointe-cote-divoire-burkina\/&amp;name=Op%C3%A9ration%20anti-terroriste%20conjointe%20Cote%20d%E2%80%99Ivoire%20-Burkina:%208%20pr%C3%A9sum%C3%A9s%20djihadistes%20tu%C3%A9s\"\/><\/p>\n<p>Tumblr<\/p>\n<p><a class=\"td-social-sharing-button td-social-sharing-button-js td-social-network td-social-telegram\" href=\"https:\/\/telegram.me\/share\/url?url=https:\/\/www.sidwaya.info\/blog\/2020\/05\/25\/operation-anti-terroriste-conjointe-cote-divoire-burkina\/&amp;text=Op%C3%A9ration+anti-terroriste+conjointe+Cote+d%E2%80%99Ivoire+-Burkina%3A+8+pr%C3%A9sum%C3%A9s+djihadistes+tu%C3%A9s\"\/><\/p>\n<p>Telegram<\/p>\n<p><a class=\"td-social-sharing-button td-social-sharing-button-js td-social-network td-social-viber\" href=\"viber:\/\/forward?text=Op%C3%A9ration+anti-terroriste+conjointe+Cote+d%E2%80%99Ivoire+-Burkina%3A+8+pr%C3%A9sum%C3%A9s+djihadistes+tu%C3%A9s%20https:\/\/www.sidwaya.info\/blog\/2020\/05\/25\/operation-anti-terroriste-conjointe-cote-divoire-burkina\/\"\/><\/p>\n<p>Viber<\/p>\n<p><a class=\"td-social-sharing-button td-social-sharing-button-js td-social-network td-social-naver\" href=\"https:\/\/share.naver.com\/web\/shareView.nhn?url=https:\/\/www.sidwaya.info\/blog\/2020\/05\/25\/operation-anti-terroriste-conjointe-cote-divoire-burkina\/&amp;title=Op%C3%A9ration+anti-terroriste+conjointe+Cote+d%E2%80%99Ivoire+-Burkina%3A+8+pr%C3%A9sum%C3%A9s+djihadistes+tu%C3%A9s\"\/><\/p>\n<p>Naver<\/p>\n<\/div>\n<\/div>\n<div class=\"td-post-content tagdiv-type\" readability=\"34\">\n<p>Une op\u00e9ration conjointe et simultan\u00e9e de part et d\u2019autre de la fronti\u00e8re a permis de tuer 8 pr\u00e9sum\u00e9s djihadistes et d\u2019arr\u00eater 38 suspects, ce week end (communiqu\u00e9 de l\u2019arm\u00e9e ivoirienne)<\/p>\n<div class=\"td-a-rec td-a-rec-id-content_bottom tdi_30_777 td_block_template_1\"><img loading=\"lazy\" decoding=\"async\" class=\"aligncenter size-full wp-image-22415\" src=\"https:\/\/www.sidwaya.info\/wp-content\/uploads\/2020\/05\/Bandeau-paiement-mobile-site.png\" alt=\"\" width=\"728\" height=\"90\"\/><\/div>\n<\/div>\n<footer>\n<div class=\"td-post-sharing-bottom\">\n<p><iframe frameborder=\"0\" src=\"https:\/\/www.facebook.com\/plugins\/like.php?href=https:\/\/www.sidwaya.info\/blog\/2020\/05\/25\/operation-anti-terroriste-conjointe-cote-divoire-burkina\/&amp;layout=button_count&amp;show_faces=false&amp;width=105&amp;action=like&amp;colorscheme=light&amp;height=21\" class=\"c1\">[embedded content]<\/iframe><\/p>\n<div id=\"td_social_sharing_article_bottom\" class=\"td-post-sharing td-ps-bg td-ps-padding td-post-sharing-style7\">\n<div class=\"td-post-sharing-visible\"><a class=\"td-social-sharing-button td-social-sharing-button-js td-social-network td-social-facebook\" href=\"https:\/\/www.facebook.com\/sharer.php?u=https%3A%2F%2Fwww.sidwaya.info%2Fblog%2F2020%2F05%2F25%2Foperation-anti-terroriste-conjointe-cote-divoire-burkina%2F\"\/><\/p>\n<p>Facebook<\/p>\n<p><a class=\"td-social-sharing-button td-social-sharing-button-js td-social-network td-social-twitter\" href=\"https:\/\/twitter.com\/intent\/tweet?text=Op%C3%A9ration+anti-terroriste+conjointe+Cote+d%E2%80%99Ivoire+-Burkina%3A+8+pr%C3%A9sum%C3%A9s+djihadistes+tu%C3%A9s&amp;url=https%3A%2F%2Fwww.sidwaya.info%2Fblog%2F2020%2F05%2F25%2Foperation-anti-terroriste-conjointe-cote-divoire-burkina%2F&amp;via=Quotidien+Sidwaya\"\/><\/p>\n<p>Twitter<\/p>\n<p><a class=\"td-social-sharing-button td-social-sharing-button-js td-social-network td-social-pinterest\" href=\"https:\/\/pinterest.com\/pin\/create\/button\/?url=https:\/\/www.sidwaya.info\/blog\/2020\/05\/25\/operation-anti-terroriste-conjointe-cote-divoire-burkina\/&amp;media=&amp;description=Op%C3%A9ration+anti-terroriste+conjointe+Cote+d%E2%80%99Ivoire+-Burkina%3A+8+pr%C3%A9sum%C3%A9s+djihadistes+tu%C3%A9s\"\/><\/p>\n<p>Pinterest<\/p>\n<p><a class=\"td-social-sharing-button td-social-sharing-button-js td-social-network td-social-whatsapp\" href=\"whatsapp:\/\/send?text=Op%C3%A9ration+anti-terroriste+conjointe+Cote+d%E2%80%99Ivoire+-Burkina%3A+8+pr%C3%A9sum%C3%A9s+djihadistes+tu%C3%A9s%20%0A%0A%20https:\/\/www.sidwaya.info\/blog\/2020\/05\/25\/operation-anti-terroriste-conjointe-cote-divoire-burkina\/\"\/><\/p>\n<p>WhatsApp<\/p>\n<p><a class=\"td-social-sharing-button td-social-sharing-button-js td-social-network td-social-linkedin\" href=\"https:\/\/www.linkedin.com\/shareArticle?mini=true&amp;url=https:\/\/www.sidwaya.info\/blog\/2020\/05\/25\/operation-anti-terroriste-conjointe-cote-divoire-burkina\/&amp;title=Op%C3%A9ration+anti-terroriste+conjointe+Cote+d%E2%80%99Ivoire+-Burkina%3A+8+pr%C3%A9sum%C3%A9s+djihadistes+tu%C3%A9s\"\/><\/p>\n<p>Linkedin<\/p>\n<p><a class=\"td-social-sharing-button td-social-sharing-button-js td-social-network td-social-mail\" href=\"mailto:?subject=Op%C3%A9ration%20anti-terroriste%20conjointe%20Cote%20d%E2%80%99Ivoire%20-Burkina:%208%20pr%C3%A9sum%C3%A9s%20djihadistes%20tu%C3%A9s&amp;body=https:\/\/www.sidwaya.info\/blog\/2020\/05\/25\/operation-anti-terroriste-conjointe-cote-divoire-burkina\/\"\/><\/p>\n<p>Email<\/p>\n<p><a class=\"td-social-sharing-button td-social-sharing-button-js td-social-network td-social-print\" href=\"#\"\/><\/p>\n<p>Print<\/p>\n<p><a class=\"td-social-sharing-button td-social-sharing-button-js td-social-network td-social-tumblr\" href=\"https:\/\/www.tumblr.com\/share\/link?url=https:\/\/www.sidwaya.info\/blog\/2020\/05\/25\/operation-anti-terroriste-conjointe-cote-divoire-burkina\/&amp;name=Op%C3%A9ration%20anti-terroriste%20conjointe%20Cote%20d%E2%80%99Ivoire%20-Burkina:%208%20pr%C3%A9sum%C3%A9s%20djihadistes%20tu%C3%A9s\"\/><\/p>\n<p>Tumblr<\/p>\n<p><a class=\"td-social-sharing-button td-social-sharing-button-js td-social-network td-social-telegram\" href=\"https:\/\/telegram.me\/share\/url?url=https:\/\/www.sidwaya.info\/blog\/2020\/05\/25\/operation-anti-terroriste-conjointe-cote-divoire-burkina\/&amp;text=Op%C3%A9ration+anti-terroriste+conjointe+Cote+d%E2%80%99Ivoire+-Burkina%3A+8+pr%C3%A9sum%C3%A9s+djihadistes+tu%C3%A9s\"\/><\/p>\n<p>Telegram<\/p>\n<p><a class=\"td-social-sharing-button td-social-sharing-button-js td-social-network td-social-viber\" href=\"viber:\/\/forward?text=Op%C3%A9ration+anti-terroriste+conjointe+Cote+d%E2%80%99Ivoire+-Burkina%3A+8+pr%C3%A9sum%C3%A9s+djihadistes+tu%C3%A9s%20https:\/\/www.sidwaya.info\/blog\/2020\/05\/25\/operation-anti-terroriste-conjointe-cote-divoire-burkina\/\"\/><\/p>\n<p>Viber<\/p>\n<p><a class=\"td-social-sharing-button td-social-sharing-button-js td-social-network td-social-naver\" href=\"https:\/\/share.naver.com\/web\/shareView.nhn?url=https:\/\/www.sidwaya.info\/blog\/2020\/05\/25\/operation-anti-terroriste-conjointe-cote-divoire-burkina\/&amp;title=Op%C3%A9ration+anti-terroriste+conjointe+Cote+d%E2%80%99Ivoire+-Burkina%3A+8+pr%C3%A9sum%C3%A9s+djihadistes+tu%C3%A9s\"\/><\/p>\n<p>Naver<\/p>\n<\/div>\n<\/div>\n<\/div>\n<div class=\"td-block-row td-post-next-prev\">\n<div class=\"td-block-span6 td-post-prev-post td-post-next-prev-content\"><span>Article pr\u00e9c\u00e9dent<\/span><a href=\"https:\/\/www.sidwaya.info\/blog\/2020\/05\/25\/aid-el-fitr-priere-pour-contrer-la-covid-19\/\">A\u00efd el Fitr: Pri\u00e8re pour contrer la COVID-19<\/a><\/div>\n<div class=\"td-block-span6 td-post-next-post td-post-next-prev-content\"><span>Article suivant<\/span><a href=\"https:\/\/www.sidwaya.info\/blog\/2020\/05\/25\/covid-19-au-burkina-faso-09-nouveaux-cas-confirmes-a-la-date-du-23-mai\/\">COVID-19 au Burkina Faso\u00a0: 09 \u00a0nouveaux cas confirm\u00e9s \u00e0 la date du 23 mai<\/a><\/div>\n<\/div>\n<\/footer>\n<p>Auteur: BS. Sidwaya<br \/>\n<a href=\"https:\/\/www.sidwaya.info\/blog\/2020\/05\/25\/operation-anti-terroriste-conjointe-cote-divoire-burkina\/\">Cliquez ici pour lire l&rsquo;article depuis sa source.<\/a><\/p>\n","protected":false},"excerpt":{"rendered":"<p>Facebook Twitter Pinterest WhatsApp Linkedin Email Print Tumblr Telegram Viber Naver Une op\u00e9ration conjointe et simultan\u00e9e de part et d\u2019autre de la fronti\u00e8re a permis de tuer 8 pr\u00e9sum\u00e9s djihadistes et d\u2019arr\u00eater 38 suspects, ce week end (communiqu\u00e9 de l\u2019arm\u00e9e ivoirienne) [embedded content] Facebook Twitter Pinterest WhatsApp Linkedin Email Print Tumblr Telegram Viber Naver Article [&hellip;]<\/p>\n","protected":false},"author":1816,"featured_media":86666,"comment_status":"closed","ping_status":"closed","sticky":false,"template":"","format":"standard","meta":{"fifu_image_url":"","fifu_image_alt":"","footnotes":""},"categories":[73,81],"tags":[],"class_list":["post-86665","post","type-post","status-publish","format-standard","has-post-thumbnail","hentry","category-actualite","category-burkina-faso"],"_links":{"self":[{"href":"https:\/\/linitiative.ca\/International\/wp-json\/wp\/v2\/posts\/86665","targetHints":{"allow":["GET"]}}],"collection":[{"href":"https:\/\/linitiative.ca\/International\/wp-json\/wp\/v2\/posts"}],"about":[{"href":"https:\/\/linitiative.ca\/International\/wp-json\/wp\/v2\/types\/post"}],"author":[{"embeddable":true,"href":"https:\/\/linitiative.ca\/International\/wp-json\/wp\/v2\/users\/1816"}],"replies":[{"embeddable":true,"href":"https:\/\/linitiative.ca\/International\/wp-json\/wp\/v2\/comments?post=86665"}],"version-history":[{"count":0,"href":"https:\/\/linitiative.ca\/International\/wp-json\/wp\/v2\/posts\/86665\/revisions"}],"wp:featuredmedia":[{"embeddable":true,"href":"https:\/\/linitiative.ca\/International\/wp-json\/"}],"wp:attachment":[{"href":"https:\/\/linitiative.ca\/International\/wp-json\/wp\/v2\/media?parent=86665"}],"wp:term":[{"taxonomy":"category","embeddable":true,"href":"https:\/\/linitiative.ca\/International\/wp-json\/wp\/v2\/categories?post=86665"},{"taxonomy":"post_tag","embeddable":true,"href":"https:\/\/linitiative.ca\/International\/wp-json\/wp\/v2\/tags?post=86665"}],"curies":[{"name":"wp","href":"https:\/\/api.w.org\/{rel}","templated":true}]}}