{"id":86667,"date":"2020-05-25T08:51:40","date_gmt":"2020-05-25T12:51:40","guid":{"rendered":"https:\/\/linitiative.ca\/International\/covid-19-au-burkina-faso-09-nouveaux-cas-confirmes-a-la-date-du-23-mai\/"},"modified":"2020-05-25T08:51:40","modified_gmt":"2020-05-25T12:51:40","slug":"covid-19-au-burkina-faso-09-nouveaux-cas-confirmes-a-la-date-du-23-mai","status":"publish","type":"post","link":"https:\/\/linitiative.ca\/International\/covid-19-au-burkina-faso-09-nouveaux-cas-confirmes-a-la-date-du-23-mai\/","title":{"rendered":"COVID-19 au Burkina Faso\u00a0: 09 \u00a0nouveaux cas confirm\u00e9s \u00e0 la date du 23 mai"},"content":{"rendered":"<div class=\"td-post-sharing-top td-post-sharing td-ps-bg td-ps-padding td-ps-bar td-post-sharing-style6\">\n<div class=\"td-post-sharing-visible\"><a class=\"td-social-sharing-button td-social-sharing-button-js td-social-network td-social-facebook\" href=\"https:\/\/www.facebook.com\/sharer.php?u=https%3A%2F%2Fwww.sidwaya.info%2Fblog%2F2020%2F05%2F25%2Fcovid-19-au-burkina-faso-09-nouveaux-cas-confirmes-a-la-date-du-23-mai%2F\"\/><\/p>\n<p>Facebook<\/p>\n<p><a class=\"td-social-sharing-button td-social-sharing-button-js td-social-network td-social-twitter\" href=\"https:\/\/twitter.com\/intent\/tweet?text=COVID-19+au+Burkina+Faso%C2%A0%3A+09+%C2%A0nouveaux+cas+confirm%C3%A9s+%C3%A0+la+date+du+23+mai&amp;url=https%3A%2F%2Fwww.sidwaya.info%2Fblog%2F2020%2F05%2F25%2Fcovid-19-au-burkina-faso-09-nouveaux-cas-confirmes-a-la-date-du-23-mai%2F&amp;via=Quotidien+Sidwaya\"\/><\/p>\n<p>Twitter<\/p>\n<p><a class=\"td-social-sharing-button td-social-sharing-button-js td-social-network td-social-pinterest\" href=\"https:\/\/pinterest.com\/pin\/create\/button\/?url=https:\/\/www.sidwaya.info\/blog\/2020\/05\/25\/covid-19-au-burkina-faso-09-nouveaux-cas-confirmes-a-la-date-du-23-mai\/&amp;media=https:\/\/www.sidwaya.info\/wp-content\/uploads\/2020\/05\/covi.jpg&amp;description=COVID-19+au+Burkina+Faso%C2%A0%3A+09+%C2%A0nouveaux+cas+confirm%C3%A9s+%C3%A0+la+date+du+23+mai\"\/><\/p>\n<p>Pinterest<\/p>\n<p><a class=\"td-social-sharing-button td-social-sharing-button-js td-social-network td-social-whatsapp\" href=\"whatsapp:\/\/send?text=COVID-19+au+Burkina+Faso%C2%A0%3A+09+%C2%A0nouveaux+cas+confirm%C3%A9s+%C3%A0+la+date+du+23+mai%20%0A%0A%20https:\/\/www.sidwaya.info\/blog\/2020\/05\/25\/covid-19-au-burkina-faso-09-nouveaux-cas-confirmes-a-la-date-du-23-mai\/\"\/><\/p>\n<p>WhatsApp<\/p>\n<p><a class=\"td-social-sharing-button td-social-sharing-button-js td-social-network td-social-linkedin\" href=\"https:\/\/www.linkedin.com\/shareArticle?mini=true&amp;url=https:\/\/www.sidwaya.info\/blog\/2020\/05\/25\/covid-19-au-burkina-faso-09-nouveaux-cas-confirmes-a-la-date-du-23-mai\/&amp;title=COVID-19+au+Burkina+Faso%C2%A0%3A+09+%C2%A0nouveaux+cas+confirm%C3%A9s+%C3%A0+la+date+du+23+mai\"\/><\/p>\n<p>Linkedin<\/p>\n<p><a class=\"td-social-sharing-button td-social-sharing-button-js td-social-network td-social-mail\" href=\"mailto:?subject=COVID-19%20au%20Burkina%20Faso%C2%A0:%2009%20%C2%A0nouveaux%20cas%20confirm%C3%A9s%20%C3%A0%20la%20date%20du%2023%20mai&amp;body=https:\/\/www.sidwaya.info\/blog\/2020\/05\/25\/covid-19-au-burkina-faso-09-nouveaux-cas-confirmes-a-la-date-du-23-mai\/\"\/><\/p>\n<p>Email<\/p>\n<p><a class=\"td-social-sharing-button td-social-sharing-button-js td-social-network td-social-print\" href=\"#\"\/><\/p>\n<p>Print<\/p>\n<p><a class=\"td-social-sharing-button td-social-sharing-button-js td-social-network td-social-tumblr\" href=\"https:\/\/www.tumblr.com\/share\/link?url=https:\/\/www.sidwaya.info\/blog\/2020\/05\/25\/covid-19-au-burkina-faso-09-nouveaux-cas-confirmes-a-la-date-du-23-mai\/&amp;name=COVID-19%20au%20Burkina%20Faso%C2%A0:%2009%20%C2%A0nouveaux%20cas%20confirm%C3%A9s%20%C3%A0%20la%20date%20du%2023%20mai\"\/><\/p>\n<p>Tumblr<\/p>\n<p><a class=\"td-social-sharing-button td-social-sharing-button-js td-social-network td-social-telegram\" href=\"https:\/\/telegram.me\/share\/url?url=https:\/\/www.sidwaya.info\/blog\/2020\/05\/25\/covid-19-au-burkina-faso-09-nouveaux-cas-confirmes-a-la-date-du-23-mai\/&amp;text=COVID-19+au+Burkina+Faso%C2%A0%3A+09+%C2%A0nouveaux+cas+confirm%C3%A9s+%C3%A0+la+date+du+23+mai\"\/><\/p>\n<p>Telegram<\/p>\n<p><a class=\"td-social-sharing-button td-social-sharing-button-js td-social-network td-social-viber\" href=\"viber:\/\/forward?text=COVID-19+au+Burkina+Faso%C2%A0%3A+09+%C2%A0nouveaux+cas+confirm%C3%A9s+%C3%A0+la+date+du+23+mai%20https:\/\/www.sidwaya.info\/blog\/2020\/05\/25\/covid-19-au-burkina-faso-09-nouveaux-cas-confirmes-a-la-date-du-23-mai\/\"\/><\/p>\n<p>Viber<\/p>\n<p><a class=\"td-social-sharing-button td-social-sharing-button-js td-social-network td-social-naver\" href=\"https:\/\/share.naver.com\/web\/shareView.nhn?url=https:\/\/www.sidwaya.info\/blog\/2020\/05\/25\/covid-19-au-burkina-faso-09-nouveaux-cas-confirmes-a-la-date-du-23-mai\/&amp;title=COVID-19+au+Burkina+Faso%C2%A0%3A+09+%C2%A0nouveaux+cas+confirm%C3%A9s+%C3%A0+la+date+du+23+mai\"\/><\/p>\n<p>Naver<\/p>\n<\/div>\n<\/div>\n<div class=\"td-post-content tagdiv-type\" readability=\"40\">\n<div class=\"td-post-featured-image\"><a href=\"https:\/\/www.sidwaya.info\/wp-content\/uploads\/2020\/05\/covi.jpg\" data-caption=\"\"><img loading=\"lazy\" decoding=\"async\" width=\"300\" height=\"168\" class=\"entry-thumb td-modal-image\" src=\"https:\/\/www.sidwaya.info\/wp-content\/uploads\/2020\/05\/covi.jpg\" alt=\"\" title=\"covi\"\/><\/a><\/div>\n<p>A la date du 23 mai 2020, la situation de la maladie \u00e0 Coronavirus au Burkina Faso se pr\u00e9sente comme suit :<br \/>185 \u00e9chantillons analys\u00e9s, r\u00e9partis-en :<br \/>\u2013 81 tests de voyageurs ;<br \/>\u2013 22 tests de cas contacts ;<br \/>\u2013 16 tests de cas suspects ;<br \/>\u2013 34 tests d\u2019h\u00e9modialys\u00e9s ;<br \/>\u2013 13 tests d\u2019agents de sant\u00e9<br \/>\u2013 19 tests de contr\u00f4les ;<br \/>Nombre de nouveaux cas confirm\u00e9s : 09 dont 02 cas import\u00e9s et 07 \u00e0 transmissions communautaires (Ouagadougou) ;<br \/>Nombre de gu\u00e9risons : 07, portant \u00e0 690, le total des gu\u00e9risons ;<br \/>Nombre de d\u00e9c\u00e8s : 00, total des d\u00e9c\u00e8s 52 ;<br \/>Nombre de cas actifs : 99 ;<br \/>Nombre de cas confirm\u00e9s depuis le 09 mars 2020 : 841 dont 309 femmes et 532 hommes.<\/p>\n<p>Communiqu\u00e9 du SIG<\/p>\n<div class=\"td-a-rec td-a-rec-id-content_inline tdi_30_345 td_block_template_1\"><img loading=\"lazy\" decoding=\"async\" class=\"aligncenter size-full wp-image-21314\" src=\"https:\/\/www.sidwaya.info\/wp-content\/uploads\/2020\/04\/Bandeau-Covid-19-Sidwaya-1.jpg\" alt=\"\" width=\"790\" height=\"98\"\/><\/div>\n<p><img loading=\"lazy\" decoding=\"async\" class=\"alignleft size-full wp-image-22444\" src=\"https:\/\/www.sidwaya.info\/wp-content\/uploads\/2020\/05\/covid23-1.jpg\" alt=\"\" width=\"600\" height=\"849\" srcset=\"https:\/\/www.sidwaya.info\/wp-content\/uploads\/2020\/05\/covid23-1.jpg 600w, https:\/\/www.sidwaya.info\/wp-content\/uploads\/2020\/05\/covid23-1-212x300.jpg 212w, https:\/\/www.sidwaya.info\/wp-content\/uploads\/2020\/05\/covid23-1-297x420.jpg 297w\" sizes=\"auto, (max-width: 600px) 100vw, 600px\"\/><\/p>\n<div class=\"td-a-rec td-a-rec-id-content_bottom tdi_31_cb4 td_block_template_1\"><img loading=\"lazy\" decoding=\"async\" class=\"aligncenter size-full wp-image-22415\" src=\"https:\/\/www.sidwaya.info\/wp-content\/uploads\/2020\/05\/Bandeau-paiement-mobile-site.png\" alt=\"\" width=\"728\" height=\"90\"\/><\/div>\n<\/div>\n<footer>\n<div class=\"td-post-sharing-bottom\">\n<p><iframe frameborder=\"0\" src=\"https:\/\/www.facebook.com\/plugins\/like.php?href=https:\/\/www.sidwaya.info\/blog\/2020\/05\/25\/covid-19-au-burkina-faso-09-nouveaux-cas-confirmes-a-la-date-du-23-mai\/&amp;layout=button_count&amp;show_faces=false&amp;width=105&amp;action=like&amp;colorscheme=light&amp;height=21\" class=\"c1\">[embedded content]<\/iframe><\/p>\n<div id=\"td_social_sharing_article_bottom\" class=\"td-post-sharing td-ps-bg td-ps-padding td-post-sharing-style7\">\n<div class=\"td-post-sharing-visible\"><a class=\"td-social-sharing-button td-social-sharing-button-js td-social-network td-social-facebook\" href=\"https:\/\/www.facebook.com\/sharer.php?u=https%3A%2F%2Fwww.sidwaya.info%2Fblog%2F2020%2F05%2F25%2Fcovid-19-au-burkina-faso-09-nouveaux-cas-confirmes-a-la-date-du-23-mai%2F\"\/><\/p>\n<p>Facebook<\/p>\n<p><a class=\"td-social-sharing-button td-social-sharing-button-js td-social-network td-social-twitter\" href=\"https:\/\/twitter.com\/intent\/tweet?text=COVID-19+au+Burkina+Faso%C2%A0%3A+09+%C2%A0nouveaux+cas+confirm%C3%A9s+%C3%A0+la+date+du+23+mai&amp;url=https%3A%2F%2Fwww.sidwaya.info%2Fblog%2F2020%2F05%2F25%2Fcovid-19-au-burkina-faso-09-nouveaux-cas-confirmes-a-la-date-du-23-mai%2F&amp;via=Quotidien+Sidwaya\"\/><\/p>\n<p>Twitter<\/p>\n<p><a class=\"td-social-sharing-button td-social-sharing-button-js td-social-network td-social-pinterest\" href=\"https:\/\/pinterest.com\/pin\/create\/button\/?url=https:\/\/www.sidwaya.info\/blog\/2020\/05\/25\/covid-19-au-burkina-faso-09-nouveaux-cas-confirmes-a-la-date-du-23-mai\/&amp;media=https:\/\/www.sidwaya.info\/wp-content\/uploads\/2020\/05\/covi.jpg&amp;description=COVID-19+au+Burkina+Faso%C2%A0%3A+09+%C2%A0nouveaux+cas+confirm%C3%A9s+%C3%A0+la+date+du+23+mai\"\/><\/p>\n<p>Pinterest<\/p>\n<p><a class=\"td-social-sharing-button td-social-sharing-button-js td-social-network td-social-whatsapp\" href=\"whatsapp:\/\/send?text=COVID-19+au+Burkina+Faso%C2%A0%3A+09+%C2%A0nouveaux+cas+confirm%C3%A9s+%C3%A0+la+date+du+23+mai%20%0A%0A%20https:\/\/www.sidwaya.info\/blog\/2020\/05\/25\/covid-19-au-burkina-faso-09-nouveaux-cas-confirmes-a-la-date-du-23-mai\/\"\/><\/p>\n<p>WhatsApp<\/p>\n<p><a class=\"td-social-sharing-button td-social-sharing-button-js td-social-network td-social-linkedin\" href=\"https:\/\/www.linkedin.com\/shareArticle?mini=true&amp;url=https:\/\/www.sidwaya.info\/blog\/2020\/05\/25\/covid-19-au-burkina-faso-09-nouveaux-cas-confirmes-a-la-date-du-23-mai\/&amp;title=COVID-19+au+Burkina+Faso%C2%A0%3A+09+%C2%A0nouveaux+cas+confirm%C3%A9s+%C3%A0+la+date+du+23+mai\"\/><\/p>\n<p>Linkedin<\/p>\n<p><a class=\"td-social-sharing-button td-social-sharing-button-js td-social-network td-social-mail\" href=\"mailto:?subject=COVID-19%20au%20Burkina%20Faso%C2%A0:%2009%20%C2%A0nouveaux%20cas%20confirm%C3%A9s%20%C3%A0%20la%20date%20du%2023%20mai&amp;body=https:\/\/www.sidwaya.info\/blog\/2020\/05\/25\/covid-19-au-burkina-faso-09-nouveaux-cas-confirmes-a-la-date-du-23-mai\/\"\/><\/p>\n<p>Email<\/p>\n<p><a class=\"td-social-sharing-button td-social-sharing-button-js td-social-network td-social-print\" href=\"#\"\/><\/p>\n<p>Print<\/p>\n<p><a class=\"td-social-sharing-button td-social-sharing-button-js td-social-network td-social-tumblr\" href=\"https:\/\/www.tumblr.com\/share\/link?url=https:\/\/www.sidwaya.info\/blog\/2020\/05\/25\/covid-19-au-burkina-faso-09-nouveaux-cas-confirmes-a-la-date-du-23-mai\/&amp;name=COVID-19%20au%20Burkina%20Faso%C2%A0:%2009%20%C2%A0nouveaux%20cas%20confirm%C3%A9s%20%C3%A0%20la%20date%20du%2023%20mai\"\/><\/p>\n<p>Tumblr<\/p>\n<p><a class=\"td-social-sharing-button td-social-sharing-button-js td-social-network td-social-telegram\" href=\"https:\/\/telegram.me\/share\/url?url=https:\/\/www.sidwaya.info\/blog\/2020\/05\/25\/covid-19-au-burkina-faso-09-nouveaux-cas-confirmes-a-la-date-du-23-mai\/&amp;text=COVID-19+au+Burkina+Faso%C2%A0%3A+09+%C2%A0nouveaux+cas+confirm%C3%A9s+%C3%A0+la+date+du+23+mai\"\/><\/p>\n<p>Telegram<\/p>\n<p><a class=\"td-social-sharing-button td-social-sharing-button-js td-social-network td-social-viber\" href=\"viber:\/\/forward?text=COVID-19+au+Burkina+Faso%C2%A0%3A+09+%C2%A0nouveaux+cas+confirm%C3%A9s+%C3%A0+la+date+du+23+mai%20https:\/\/www.sidwaya.info\/blog\/2020\/05\/25\/covid-19-au-burkina-faso-09-nouveaux-cas-confirmes-a-la-date-du-23-mai\/\"\/><\/p>\n<p>Viber<\/p>\n<p><a class=\"td-social-sharing-button td-social-sharing-button-js td-social-network td-social-naver\" href=\"https:\/\/share.naver.com\/web\/shareView.nhn?url=https:\/\/www.sidwaya.info\/blog\/2020\/05\/25\/covid-19-au-burkina-faso-09-nouveaux-cas-confirmes-a-la-date-du-23-mai\/&amp;title=COVID-19+au+Burkina+Faso%C2%A0%3A+09+%C2%A0nouveaux+cas+confirm%C3%A9s+%C3%A0+la+date+du+23+mai\"\/><\/p>\n<p>Naver<\/p>\n<\/div>\n<\/div>\n<\/div>\n<div class=\"td-block-row td-post-next-prev\">\n<div class=\"td-block-span6 td-post-prev-post td-post-next-prev-content\"><span>Article pr\u00e9c\u00e9dent<\/span><a href=\"https:\/\/www.sidwaya.info\/blog\/2020\/05\/25\/operation-anti-terroriste-conjointe-cote-divoire-burkina\/\">Op\u00e9ration anti-terroriste conjointe Cote d\u2019Ivoire -Burkina: 8 pr\u00e9sum\u00e9s djihadistes tu\u00e9s<\/a><\/div>\n<\/div>\n<\/footer>\n<p>Auteur: BS. Sidwaya<br \/>\n<a href=\"https:\/\/www.sidwaya.info\/blog\/2020\/05\/25\/covid-19-au-burkina-faso-09-nouveaux-cas-confirmes-a-la-date-du-23-mai\/\">Cliquez ici pour lire l&rsquo;article depuis sa source.<\/a><\/p>\n","protected":false},"excerpt":{"rendered":"<p>Facebook Twitter Pinterest WhatsApp Linkedin Email Print Tumblr Telegram Viber Naver A la date du 23 mai 2020, la situation de la maladie \u00e0 Coronavirus au Burkina Faso se pr\u00e9sente comme suit :185 \u00e9chantillons analys\u00e9s, r\u00e9partis-en :\u2013 81 tests de voyageurs ;\u2013 22 tests de cas contacts ;\u2013 16 tests de cas suspects ;\u2013 34 [&hellip;]<\/p>\n","protected":false},"author":1816,"featured_media":86668,"comment_status":"closed","ping_status":"closed","sticky":false,"template":"","format":"standard","meta":{"fifu_image_url":"","fifu_image_alt":"","footnotes":""},"categories":[73,81],"tags":[],"class_list":["post-86667","post","type-post","status-publish","format-standard","has-post-thumbnail","hentry","category-actualite","category-burkina-faso"],"_links":{"self":[{"href":"https:\/\/linitiative.ca\/International\/wp-json\/wp\/v2\/posts\/86667","targetHints":{"allow":["GET"]}}],"collection":[{"href":"https:\/\/linitiative.ca\/International\/wp-json\/wp\/v2\/posts"}],"about":[{"href":"https:\/\/linitiative.ca\/International\/wp-json\/wp\/v2\/types\/post"}],"author":[{"embeddable":true,"href":"https:\/\/linitiative.ca\/International\/wp-json\/wp\/v2\/users\/1816"}],"replies":[{"embeddable":true,"href":"https:\/\/linitiative.ca\/International\/wp-json\/wp\/v2\/comments?post=86667"}],"version-history":[{"count":0,"href":"https:\/\/linitiative.ca\/International\/wp-json\/wp\/v2\/posts\/86667\/revisions"}],"wp:featuredmedia":[{"embeddable":true,"href":"https:\/\/linitiative.ca\/International\/wp-json\/"}],"wp:attachment":[{"href":"https:\/\/linitiative.ca\/International\/wp-json\/wp\/v2\/media?parent=86667"}],"wp:term":[{"taxonomy":"category","embeddable":true,"href":"https:\/\/linitiative.ca\/International\/wp-json\/wp\/v2\/categories?post=86667"},{"taxonomy":"post_tag","embeddable":true,"href":"https:\/\/linitiative.ca\/International\/wp-json\/wp\/v2\/tags?post=86667"}],"curies":[{"name":"wp","href":"https:\/\/api.w.org\/{rel}","templated":true}]}}