{"id":86673,"date":"2020-05-25T16:19:50","date_gmt":"2020-05-25T20:19:50","guid":{"rendered":"https:\/\/linitiative.ca\/International\/cameroun-charlotte-dipanda-en-a-marre-des-37-ans-de-pouvoir-de-paul-biya\/"},"modified":"2020-05-25T16:19:50","modified_gmt":"2020-05-25T20:19:50","slug":"cameroun-charlotte-dipanda-en-a-marre-des-37-ans-de-pouvoir-de-paul-biya","status":"publish","type":"post","link":"https:\/\/linitiative.ca\/International\/cameroun-charlotte-dipanda-en-a-marre-des-37-ans-de-pouvoir-de-paul-biya\/","title":{"rendered":"Cameroun : Charlotte Dipanda en a marre des 37 ans de pouvoir de Paul Biya"},"content":{"rendered":"<div readability=\"32\">\n<p>Publi\u00e9 le 25.05.2020 \u00e0 21h19 par Christian Djimadeu<\/p>\n<\/div>\n<div readability=\"52\">\n<h2 class=\"c6\"><strong>Dans une vid\u00e9o devenue virale sur les r\u00e9seaux sociaux, la chanteuse aux douces m\u00e9lodies d\u00e9clare que<\/strong> le gouvernement actuel est arriv\u00e9 \u00e0 bout de ce qui pouvait proposer au Cameroun.<\/h2>\n<p class=\"c7\">On l\u2019a connait plus pour ses belles chansons, ses magnifiques passages \u00e0 l\u2019\u00e9mission The Voice Afrique francophone, sa success-story de chanteuse. Mais dans une entrevue \u00e0 la Voix de l\u2019Am\u00e9rique, la chanteuse \u00e9tale son chagrin sur la gouvernance politique du <strong>Cameroun<\/strong>.<\/p>\n<p class=\"c7\"><strong>Charlotte Dipanda<\/strong> se dit d\u00e9\u00e7ue de n\u2019avoir connu qu\u2019un pr\u00e9sident de la R\u00e9publque, <strong>Paul Biya<\/strong>. \u00a0\u00ab\u00a0<em>J\u2019avoue que moi par exemple, \u00a0je n\u2019ai connu qu\u2019un seul pr\u00e9sident, le pr\u00e9sident actuel. Qu\u2019est-ce que \u00e7a ferait du bien d\u2019avoir une autre proposition, de se dire que c\u2019est une \u00e9poque qui in\u00e9luctablement r\u00e9volue aujourd\u2019hui. Et qu\u2019on a besoin de voir ce que pays peut apporter \u00e0 cette jeunesse-l\u00e0 qui est diff\u00e9rente, parce que c\u2019est une jeunesse qui aussi ouverte \u00e0 l\u2019ext\u00e9rieur qui voit ce qui se passe ailleurs et qui l\u2019esp\u00e8re pour son pays. En tout cas il est temps qu\u2019on propose autre chose.<\/em>\u00a0\u00bb<\/p>\n<p class=\"c7\">L\u2019auteur de la chanson \u00e0 succ\u00e8s \u00ab\u00a0coucou\u00a0\u00bb pense que son pays ne peut plus peut plus se d\u00e9velopper tant qu\u2019il n\u2019y a pas d\u2019alternance au sommet de l\u2019Etat. \u00ab\u00a0 <em>Il est temps que le Cameroun se d\u00e9veloppe. Parce que tant qu\u2019il n\u2019y a pas d\u2019alternance il n\u2019y a pas v\u00e9ritablement de d\u00e9veloppement possible. Je pense que l\u2019Etat actuel est arriv\u00e9 \u00e0 bout de ce qui pouvait proposer au Cameroun et qu\u2019humblement il gagnerait \u00e0 c\u00e9der la place \u00e0 une nouvelle gouvernance. Sans rancune !<\/em> \u00bb.<\/p>\n<\/div>\n<p>Auteur: Christian DJIMADEU<br \/>\n<a href=\"https:\/\/www.journalducameroun.com\/cameroun-charlotte-dipanda-en-a-marre-des-37-ans-de-regne-de-paul-biya-cameroun\/\">Cliquez ici pour lire l&rsquo;article depuis sa source.<\/a><\/p>\n","protected":false},"excerpt":{"rendered":"<p>Publi\u00e9 le 25.05.2020 \u00e0 21h19 par Christian Djimadeu Dans une vid\u00e9o devenue virale sur les r\u00e9seaux sociaux, la chanteuse aux douces m\u00e9lodies d\u00e9clare que le gouvernement actuel est arriv\u00e9 \u00e0 bout de ce qui pouvait proposer au Cameroun. On l\u2019a connait plus pour ses belles chansons, ses magnifiques passages \u00e0 l\u2019\u00e9mission The Voice Afrique francophone, [&hellip;]<\/p>\n","protected":false},"author":1965,"featured_media":0,"comment_status":"closed","ping_status":"closed","sticky":false,"template":"","format":"standard","meta":{"fifu_image_url":"","fifu_image_alt":"","footnotes":""},"categories":[73,82],"tags":[],"class_list":["post-86673","post","type-post","status-publish","format-standard","hentry","category-actualite","category-cameroun"],"_links":{"self":[{"href":"https:\/\/linitiative.ca\/International\/wp-json\/wp\/v2\/posts\/86673","targetHints":{"allow":["GET"]}}],"collection":[{"href":"https:\/\/linitiative.ca\/International\/wp-json\/wp\/v2\/posts"}],"about":[{"href":"https:\/\/linitiative.ca\/International\/wp-json\/wp\/v2\/types\/post"}],"author":[{"embeddable":true,"href":"https:\/\/linitiative.ca\/International\/wp-json\/wp\/v2\/users\/1965"}],"replies":[{"embeddable":true,"href":"https:\/\/linitiative.ca\/International\/wp-json\/wp\/v2\/comments?post=86673"}],"version-history":[{"count":0,"href":"https:\/\/linitiative.ca\/International\/wp-json\/wp\/v2\/posts\/86673\/revisions"}],"wp:attachment":[{"href":"https:\/\/linitiative.ca\/International\/wp-json\/wp\/v2\/media?parent=86673"}],"wp:term":[{"taxonomy":"category","embeddable":true,"href":"https:\/\/linitiative.ca\/International\/wp-json\/wp\/v2\/categories?post=86673"},{"taxonomy":"post_tag","embeddable":true,"href":"https:\/\/linitiative.ca\/International\/wp-json\/wp\/v2\/tags?post=86673"}],"curies":[{"name":"wp","href":"https:\/\/api.w.org\/{rel}","templated":true}]}}