{"id":86674,"date":"2020-05-25T16:27:11","date_gmt":"2020-05-25T20:27:11","guid":{"rendered":"https:\/\/linitiative.ca\/International\/coronavirus-plus-de-5000-cas-au-cameroun\/"},"modified":"2020-05-25T16:27:11","modified_gmt":"2020-05-25T20:27:11","slug":"coronavirus-plus-de-5000-cas-au-cameroun","status":"publish","type":"post","link":"https:\/\/linitiative.ca\/International\/coronavirus-plus-de-5000-cas-au-cameroun\/","title":{"rendered":"Coronavirus : plus de 5000 cas au Cameroun"},"content":{"rendered":"<div readability=\"32\">\n<p>Publi\u00e9 le 25.05.2020 \u00e0 21h27 par JournalduCameroun.com<\/p>\n<\/div>\n<div readability=\"45\">\n<h2 class=\"c6\">Le d\u00e9compte du 25 mai fait \u00e9tat de 154 nouveaux cas confirm\u00e9s en 24h.<\/h2>\n<p class=\"c7\">Le point quotidien du minist\u00e8re de la Sant\u00e9 publique annonce 154 nouveaux cas d\u00e9tect\u00e9s au <strong>Cameroun<\/strong> ces derni\u00e8res 24 heures. \u00a0Ce qui fait un total de 5044 personnes infect\u00e9es \u00e0 ce jour.<\/p>\n<p class=\"c7\">Le ministre de la Sant\u00e9 publique a fait savoir ce jour qu\u2019 \u00ab<em>\u00a0Il est important de noter que nous entrons dans une phase compliqu\u00e9e de la pand\u00e9mie\u00a0\u00bb.<\/em> <em>Et d\u2019ajouter que le Cameroun devrait s\u2019attendre \u00e0 \u00ab<\/em><em>\u00a0une multiplication des cas positifs par une acc\u00e9l\u00e9ration de la transmission du virus\u00a0\u00bb.<\/em><\/p>\n<p class=\"c7\"><em>Ceci \u00e0 cause<\/em> <em>\u00ab\u00a0des comportements irresponsables ou de l\u2019inconscience de certains d\u2019entre nous\u00a0\u00bb.<\/em><\/p>\n<p class=\"c7\">Le nombre de d\u00e9c\u00e8s s\u2019\u00e9l\u00e8ve \u00e0 171 avec les 6 d\u00e9c\u00e8s enregistr\u00e9s ces derni\u00e8res 24h. 52 personnes sont d\u00e9clar\u00e9es gu\u00e9ries, ce qui porte cette cat\u00e9gorie \u00e0 1917.<\/p>\n<\/div>\n<p>Auteur: Ludovic Amara<br \/>\n<a href=\"https:\/\/www.journalducameroun.com\/coronavirus-plus-de-5000-cas-au-cameroun-cameroun\/\">Cliquez ici pour lire l&rsquo;article depuis sa source.<\/a><\/p>\n","protected":false},"excerpt":{"rendered":"<p>Publi\u00e9 le 25.05.2020 \u00e0 21h27 par JournalduCameroun.com Le d\u00e9compte du 25 mai fait \u00e9tat de 154 nouveaux cas confirm\u00e9s en 24h. Le point quotidien du minist\u00e8re de la Sant\u00e9 publique annonce 154 nouveaux cas d\u00e9tect\u00e9s au Cameroun ces derni\u00e8res 24 heures. \u00a0Ce qui fait un total de 5044 personnes infect\u00e9es \u00e0 ce jour. Le ministre [&hellip;]<\/p>\n","protected":false},"author":1965,"featured_media":0,"comment_status":"closed","ping_status":"closed","sticky":false,"template":"","format":"standard","meta":{"fifu_image_url":"","fifu_image_alt":"","footnotes":""},"categories":[73,82],"tags":[],"class_list":["post-86674","post","type-post","status-publish","format-standard","hentry","category-actualite","category-cameroun"],"_links":{"self":[{"href":"https:\/\/linitiative.ca\/International\/wp-json\/wp\/v2\/posts\/86674","targetHints":{"allow":["GET"]}}],"collection":[{"href":"https:\/\/linitiative.ca\/International\/wp-json\/wp\/v2\/posts"}],"about":[{"href":"https:\/\/linitiative.ca\/International\/wp-json\/wp\/v2\/types\/post"}],"author":[{"embeddable":true,"href":"https:\/\/linitiative.ca\/International\/wp-json\/wp\/v2\/users\/1965"}],"replies":[{"embeddable":true,"href":"https:\/\/linitiative.ca\/International\/wp-json\/wp\/v2\/comments?post=86674"}],"version-history":[{"count":0,"href":"https:\/\/linitiative.ca\/International\/wp-json\/wp\/v2\/posts\/86674\/revisions"}],"wp:attachment":[{"href":"https:\/\/linitiative.ca\/International\/wp-json\/wp\/v2\/media?parent=86674"}],"wp:term":[{"taxonomy":"category","embeddable":true,"href":"https:\/\/linitiative.ca\/International\/wp-json\/wp\/v2\/categories?post=86674"},{"taxonomy":"post_tag","embeddable":true,"href":"https:\/\/linitiative.ca\/International\/wp-json\/wp\/v2\/tags?post=86674"}],"curies":[{"name":"wp","href":"https:\/\/api.w.org\/{rel}","templated":true}]}}