{"id":86675,"date":"2020-05-25T01:43:32","date_gmt":"2020-05-25T05:43:32","guid":{"rendered":"https:\/\/linitiative.ca\/International\/covid-19-les-compagnies-dassurances-appelees-a-etre-plus-flexibles\/"},"modified":"2020-05-25T01:43:32","modified_gmt":"2020-05-25T05:43:32","slug":"covid-19-les-compagnies-dassurances-appelees-a-etre-plus-flexibles","status":"publish","type":"post","link":"https:\/\/linitiative.ca\/International\/covid-19-les-compagnies-dassurances-appelees-a-etre-plus-flexibles\/","title":{"rendered":"Covid-19 : les compagnies d\u2019assurances appel\u00e9es \u00e0 \u00eatre plus flexibles"},"content":{"rendered":"<p>La prise en charge des malades du Covid-19 par les soci\u00e9t\u00e9s d\u2019assurances et de r\u00e9assurances continue de faire des \u00e9mules. Apr\u00e8s la sortie fracassante de la Fondation camerounaise des consommateurs (<strong>Focaco<\/strong>) sur le refus par certaines compagnies de prendre en charge leurs assur\u00e9s, la Cima (<strong>Conf\u00e9rence interafricaine des march\u00e9s d\u2019assurances<\/strong>) a effectu\u00e9 ce 18 mai 2020, une sortie de cadrage dans cet \u00e9pineux dossier. La correspondance sign\u00e9e d\u2019<strong>Issofa Nchare<\/strong>, le Secr\u00e9taire g\u00e9n\u00e9ral de la Cima sur \u00abl\u2019impact de la Covid-19 sur la situation financi\u00e8re des soci\u00e9t\u00e9s d\u2019assurances et de r\u00e9assurances\u00bb, \u00e9tait adress\u00e9e aux Directeurs g\u00e9n\u00e9raux des soci\u00e9t\u00e9s d\u2019assurances et de r\u00e9assurances de la zone Cima, pr\u00e9cisant les contours\u00a0 d\u2019une pr\u00e9c\u00e9dente correspondance de l\u2019institution datant du 3 avril 2020.<\/p>\n<p>\u00a0La <strong>Cima<\/strong>, exhorte les <strong>compagnies d\u2019assurances<\/strong> et de r\u00e9assurances plac\u00e9es sous son ressort territorial \u00ab<em>d\u2019\u00eatre \u00e0 l\u2019\u00e9coute des besoins induits par les changements survenus dans l\u2019ensemble des services d\u2019assurance du fait des comportements des assur\u00e9s et b\u00e9n\u00e9ficiaires de contrats, notamment en ce qui concerne les souscriptions et les prestations<\/em>\u2026. \u00bb. De m\u00eame, ces derni\u00e8res devraient \u00ab<em>faire preuve de flexibilit\u00e9<\/em>\u00bb, du fait, pr\u00e9cise une fois de plus Issofa Nchare dans sa correspondance, \u00ab<em>de la pand\u00e9mie \u00e0 corona virus et les mesures prises par les diff\u00e9rents Etats qui entra\u00eenent des restrictions \u00e0 l\u2019accessibilit\u00e9 de l\u2019ensemble des services d\u2019assurance<\/em>\u2026 \u00bb. Le Secr\u00e9taire g\u00e9n\u00e9ral de la Cima rappelle par ailleurs,\u00a0 les <strong>soci\u00e9t\u00e9s d\u2019assurances<\/strong> et de r\u00e9assurances, \u00e0 leurs obligations et formule \u00e0 leur endroit des recommandations pr\u00e9cises.<\/p>\n<p class=\"has-background has-very-light-gray-background-color c2\"><strong>&gt;&gt;Lire aussi-<a href=\"https:\/\/ecomatin.net\/couverture-sante-querelle-entre-les-medecins-prives-et-les-compagnies-dassurances\/\">Couverture sant\u00e9 : querelle entre les m\u00e9decins priv\u00e9s et les compagnies d\u2019assurances<\/a><\/strong><\/p>\n<p><strong>Pr\u00e9servation des int\u00e9r\u00eats<\/strong><\/p>\n<p>A ce sujet, 9 recommandations ont \u00e9t\u00e9 formul\u00e9es par le Secr\u00e9tariat g\u00e9n\u00e9ral de la Cima. Il leur est recommand\u00e9 dans le cadre de \u00abla continuit\u00e9 des activit\u00e9s \u00bb des soci\u00e9t\u00e9s d\u2019assurances et de r\u00e9assurances, de \u00ab<em>disposer de proc\u00e9dures, syst\u00e8mes et contr\u00f4le efficients, ainsi que des plans de continuit\u00e9 des activit\u00e9s pour permettre un fonctionnement optimum dans cette situation de crise<\/em>\u00bb. De disposer \u00e9galement d\u2019une cellule de gestion de crise qui \u00e9tablira des rapports p\u00e9riodiques sur les activit\u00e9s de la soci\u00e9t\u00e9. Dans ce m\u00eame cadre, la Cima invite ses membres \u00e0 \u00ab<em>promouvoir le t\u00e9l\u00e9travail et une digitalisation des services\u00bb.<\/em> Le volet le plus \u00e9pineux concerne les recommandations de la Cima portant sur<em>\u00able traitement \u00e9quitable, la protection des assur\u00e9s, la solvabilit\u00e9 et la tr\u00e9sorerie<\/em>\u00bb. D\u2019apr\u00e8s l\u2019organisme international, l\u2019objectif recherch\u00e9 est celui de la pr\u00e9servation des int\u00e9r\u00eats des assur\u00e9s et b\u00e9n\u00e9ficiaires des contrats, ainsi que le maintien d\u2019une solvabilit\u00e9 et un niveau de tr\u00e9soreries conformes \u00e0 la r\u00e9glementation.<\/p>\n<p>Entre autres recommandations, la Cima exhorte les soci\u00e9t\u00e9s d\u2019assurances et de r\u00e9assurances \u00e0 \u00ab<em>tenir un registre sp\u00e9cial des sinistr\u00e9s li\u00e9s au corona virus, assurer une communication claire et juste aux assur\u00e9s et au public<\/em>\u00bb. Cette recommandation majeure intervient au lendemain de la sortie de l\u2019Asac, l\u2019Association des soci\u00e9t\u00e9s d\u2019assurances du Cameroun, d\u2019apr\u00e8s qui, \u00abla prise en charge du Covid-19 rel\u00e8ve de la pr\u00e9rogative exclusive de l\u2019Etat qui prend toutes les mesures propres \u00e0 un cas de force majeure absolue, quelles que soient les garanties pr\u00e9vus dans les contrats d\u2019assurance-maladie et d\u00e9c\u00e8s\u00bb.<\/p>\n<p class=\"has-background has-very-light-gray-background-color c2\"><strong>&gt;&gt;Lire aussi<\/strong>\u2013 <strong><a href=\"https:\/\/ecomatin.net\/covid-19-remous-dans-le-secteur-des-assurances-sur-la-prise-en-charge\/\">Covid-19 : remous dans le secteur des assurances sur la prise en charge<\/a><\/strong><\/p>\n<div class=\"awac-wrapper awac widget posts-list-widget-13\">\n<h4 class=\"widget-title\">Recent Posts<\/h4>\n<\/div>\n<p>Auteur: EcoMatin<br \/>\n<a href=\"https:\/\/ecomatin.net\/covid-19-les-compagnies-dassurances-appelees-a-etre-plus-flexibles\/\">Cliquez ici pour lire l&rsquo;article depuis sa source.<\/a><\/p>\n","protected":false},"excerpt":{"rendered":"<p>La prise en charge des malades du Covid-19 par les soci\u00e9t\u00e9s d\u2019assurances et de r\u00e9assurances continue de faire des \u00e9mules. Apr\u00e8s la sortie fracassante de la Fondation camerounaise des consommateurs (Focaco) sur le refus par certaines compagnies de prendre en charge leurs assur\u00e9s, la Cima (Conf\u00e9rence interafricaine des march\u00e9s d\u2019assurances) a effectu\u00e9 ce 18 mai [&hellip;]<\/p>\n","protected":false},"author":1969,"featured_media":0,"comment_status":"closed","ping_status":"closed","sticky":false,"template":"","format":"standard","meta":{"fifu_image_url":"","fifu_image_alt":"","footnotes":""},"categories":[82,78],"tags":[],"class_list":["post-86675","post","type-post","status-publish","format-standard","hentry","category-cameroun","category-economie"],"_links":{"self":[{"href":"https:\/\/linitiative.ca\/International\/wp-json\/wp\/v2\/posts\/86675","targetHints":{"allow":["GET"]}}],"collection":[{"href":"https:\/\/linitiative.ca\/International\/wp-json\/wp\/v2\/posts"}],"about":[{"href":"https:\/\/linitiative.ca\/International\/wp-json\/wp\/v2\/types\/post"}],"author":[{"embeddable":true,"href":"https:\/\/linitiative.ca\/International\/wp-json\/wp\/v2\/users\/1969"}],"replies":[{"embeddable":true,"href":"https:\/\/linitiative.ca\/International\/wp-json\/wp\/v2\/comments?post=86675"}],"version-history":[{"count":0,"href":"https:\/\/linitiative.ca\/International\/wp-json\/wp\/v2\/posts\/86675\/revisions"}],"wp:attachment":[{"href":"https:\/\/linitiative.ca\/International\/wp-json\/wp\/v2\/media?parent=86675"}],"wp:term":[{"taxonomy":"category","embeddable":true,"href":"https:\/\/linitiative.ca\/International\/wp-json\/wp\/v2\/categories?post=86675"},{"taxonomy":"post_tag","embeddable":true,"href":"https:\/\/linitiative.ca\/International\/wp-json\/wp\/v2\/tags?post=86675"}],"curies":[{"name":"wp","href":"https:\/\/api.w.org\/{rel}","templated":true}]}}