{"id":86680,"date":"2020-05-26T10:00:46","date_gmt":"2020-05-26T14:00:46","guid":{"rendered":"https:\/\/linitiative.ca\/International\/programme-de-soutien-a-la-recherche-scientifique-et-technologique-covid-19-deux-projets-de-luniversite-privee-de-fes-retenus\/"},"modified":"2020-05-26T10:00:46","modified_gmt":"2020-05-26T14:00:46","slug":"programme-de-soutien-a-la-recherche-scientifique-et-technologique-covid-19-deux-projets-de-luniversite-privee-de-fes-retenus","status":"publish","type":"post","link":"https:\/\/linitiative.ca\/International\/programme-de-soutien-a-la-recherche-scientifique-et-technologique-covid-19-deux-projets-de-luniversite-privee-de-fes-retenus\/","title":{"rendered":"Programme de soutien \u00e0 la recherche scientifique et technologique Covid-19 : Deux projets de l\u2019Universit\u00e9 priv\u00e9e de F\u00e8s retenus"},"content":{"rendered":"<p><img decoding=\"async\" class=\"post_layout_5_img\" src=\"http:\/\/aujourdhui.ma\/wp-content\/uploads\/2020\/05\/UPF-Universit\u00e9-priv\u00e9e-de-F\u00e8s.jpg\" alt=\"Programme de soutien &#xE0; la recherche scientifique et technologique Covid-19 : Deux projets de l&#x2019;Universit&#xE9; priv&#xE9;e de F&#xE8;s retenus\"\/><\/p>\n<p><strong><span class=\"c7\">\u00abA travers ces projets de recherche, l\u2019UPF vise une production de connaissances scientifiques originales se basant sur des approches multidisciplinaires permettant de traiter plusieurs aspects et impacts de cette pand\u00e9mie\u00bb.<\/span><\/strong><br \/><strong><span class=\"c7\"><span id=\"more-345863\"\/><\/span><\/strong><\/p>\n<p>L\u2019Universit\u00e9 priv\u00e9e de F\u00e8s (UPF) se distingue dans l\u2019effort national de lutte contre le Covid-19. L\u2019\u00e9tablissement universitaire qui fait de la recherche scientifique une priorit\u00e9 strat\u00e9gique a soumissionn\u00e9 au programme de soutien \u00e0 la recherche scientifique et technologique Covid-19 lanc\u00e9 par le minist\u00e8re de l\u2019\u00e9ducation nationale, de la formation professionnelle, de l\u2019enseignement sup\u00e9rieur et de la recherche scientifique et le Centre national pour la recherche scientifique et technique (CNRST). Une participation ayant port\u00e9 ses fruits dans la mesure o\u00f9 deux projets sur quatre pr\u00e9sent\u00e9s par le UPF ont \u00e9t\u00e9 retenus pour financement.<\/p>\n<p>\u00abA travers ces projets de recherche, l\u2019UPF vise une production de connaissances scientifiques originales se basant sur des approches multidisciplinaires permettant de traiter plusieurs aspects et impacts de cette pand\u00e9mie\u00bb, peut-on relever des repr\u00e9sentants de l\u2019universit\u00e9 qui a particip\u00e9 \u00e0 ce programme \u00e0 travers le p\u00f4le universitaire des R\u00e9gions F\u00e8s-Mekn\u00e8s, l\u2019Oriental, Dr\u00e2a-Tafilalet comprenant \u00e9galement les universit\u00e9s USMBA, UMI, AUI, UMP et UEMEF ainsi que l\u2019Ecole nationale d\u2019architecture de F\u00e8s et l\u2019Ecole nationale d\u2019agriculture de Mekn\u00e8s. Les deux projets s\u00e9lectionn\u00e9s portent sur deux visions diff\u00e9rentes. Le premier concerne en effet le volet habitat. Intitul\u00e9 \u00abLes cons\u00e9quences du confinement sur la conception et l\u2019usage des espaces domestiques : cas de l\u2019habitat social au Maroc\u00bb, ce projet pr\u00e9sent\u00e9 par Docteur Ahmed Laaroussi, en collaboration avec des chercheurs des diff\u00e9rents \u00e9tablissements du p\u00f4le 4 de l\u2019UPF proposera un nouveau mod\u00e8le du logement social post- Covid-19 pour le Maroc, permettant un glissement de paradigme de l\u2019habitat vers l\u2019habitant.<\/p>\n<p>Ce projet met en lumi\u00e8re les limites du logement social au Maroc et ses probl\u00e9matiques amplifi\u00e9es par la derni\u00e8re pand\u00e9mie Covid-19. L\u2019objectif \u00e9tant de d\u00e9montrer qu\u2019une autre approche est possible pour penser diff\u00e9remment le logement social au Maroc, en proposant de nouvelles formes d\u2019habiter \u00e0 l\u2019\u00e9preuve du confinement et de la distanciation sociale. La deuxi\u00e8me contribution concerne la relance de la cha\u00eene de valeur dans les r\u00e9gions de F\u00e8s-Mekn\u00e8s et l\u2019Oriental. Ce projet initi\u00e9 par Pr. Belgaid, responsable scientifique du projet avec une \u00e9quipe de 8 chercheurs, offrira \u00e0 l\u2019UPF l\u2019occasion de pr\u00e9parer des livrables qui seront op\u00e9rationnalis\u00e9s, des strat\u00e9gies pratiques que les entreprises peuvent mettre en \u0153uvre. Il s\u2019agit entre autres de plans de relance, de choix des secteurs, des mesures d\u2019accompagnement bancaires et fiscales, de doper la demande int\u00e9rieure et de l\u2019investissement dans l\u2019import substitution. Selon l\u2019UPF, ce projet se d\u00e9marquera par des prescriptions th\u00e9oriques pour pr\u00e9senter des plans d\u2019action empiriques et techniques destin\u00e9s \u00e0 promouvoir les leviers de la croissance, de la reprise d\u2019activit\u00e9 et de l\u2019ouverture de nouveaux cr\u00e9neaux de comp\u00e9titivit\u00e9 pour l\u2019industrie nationale qui va cr\u00e9er plus de valeur.<\/p>\n<p>Rappelons que depuis plus d\u2019une dizaine d\u2019ann\u00e9es, des efforts incessants dans le domaine de la recherche scientifique ont \u00e9t\u00e9 fournis au niveau de l\u2019UPF pour mettre en place les structures et les programmes \u00e0 m\u00eame d\u2019assurer son d\u00e9veloppement. Des actions qui se sont concr\u00e9tis\u00e9es par l\u2019organisation de plusieurs conf\u00e9rences et colloques internationaux, un nombre respectable de publications par enseignant-chercheur dans des journaux index\u00e9s et des innovations technologiques prim\u00e9es dans le cadre de concours et comp\u00e9titions internationaux.<\/p>\n<p>Auteur: Kawtar Tali<br \/>\n<a href=\"https:\/\/aujourdhui.ma\/societe\/programme-de-soutien-a-la-recherche-scientifique-et-technologique-covid-19-deux-projets-de-luniversite-privee-de-fes-retenus\">Cliquez ici pour lire l&rsquo;article depuis sa source.<\/a><\/p>\n","protected":false},"excerpt":{"rendered":"<p>\u00abA travers ces projets de recherche, l\u2019UPF vise une production de connaissances scientifiques originales se basant sur des approches multidisciplinaires permettant de traiter plusieurs aspects et impacts de cette pand\u00e9mie\u00bb. L\u2019Universit\u00e9 priv\u00e9e de F\u00e8s (UPF) se distingue dans l\u2019effort national de lutte contre le Covid-19. L\u2019\u00e9tablissement universitaire qui fait de la recherche scientifique une priorit\u00e9 [&hellip;]<\/p>\n","protected":false},"author":1759,"featured_media":86681,"comment_status":"closed","ping_status":"closed","sticky":false,"template":"","format":"standard","meta":{"fifu_image_url":"","fifu_image_alt":"","footnotes":""},"categories":[73,54],"tags":[],"class_list":["post-86680","post","type-post","status-publish","format-standard","has-post-thumbnail","hentry","category-actualite","category-maroc"],"_links":{"self":[{"href":"https:\/\/linitiative.ca\/International\/wp-json\/wp\/v2\/posts\/86680","targetHints":{"allow":["GET"]}}],"collection":[{"href":"https:\/\/linitiative.ca\/International\/wp-json\/wp\/v2\/posts"}],"about":[{"href":"https:\/\/linitiative.ca\/International\/wp-json\/wp\/v2\/types\/post"}],"author":[{"embeddable":true,"href":"https:\/\/linitiative.ca\/International\/wp-json\/wp\/v2\/users\/1759"}],"replies":[{"embeddable":true,"href":"https:\/\/linitiative.ca\/International\/wp-json\/wp\/v2\/comments?post=86680"}],"version-history":[{"count":0,"href":"https:\/\/linitiative.ca\/International\/wp-json\/wp\/v2\/posts\/86680\/revisions"}],"wp:featuredmedia":[{"embeddable":true,"href":"https:\/\/linitiative.ca\/International\/wp-json\/"}],"wp:attachment":[{"href":"https:\/\/linitiative.ca\/International\/wp-json\/wp\/v2\/media?parent=86680"}],"wp:term":[{"taxonomy":"category","embeddable":true,"href":"https:\/\/linitiative.ca\/International\/wp-json\/wp\/v2\/categories?post=86680"},{"taxonomy":"post_tag","embeddable":true,"href":"https:\/\/linitiative.ca\/International\/wp-json\/wp\/v2\/tags?post=86680"}],"curies":[{"name":"wp","href":"https:\/\/api.w.org\/{rel}","templated":true}]}}