{"id":86682,"date":"2020-05-26T10:25:51","date_gmt":"2020-05-26T14:25:51","guid":{"rendered":"https:\/\/linitiative.ca\/International\/espagne-reprise-de-la-liga-a-partir-du-8-juin\/"},"modified":"2020-05-26T10:25:51","modified_gmt":"2020-05-26T14:25:51","slug":"espagne-reprise-de-la-liga-a-partir-du-8-juin","status":"publish","type":"post","link":"https:\/\/linitiative.ca\/International\/espagne-reprise-de-la-liga-a-partir-du-8-juin\/","title":{"rendered":"Espagne : Reprise de La Liga  \u00e0 partir du 8 juin"},"content":{"rendered":"<header>\n<div class=\"entry-post-meta\">\n<div class=\"author-link\">Publi\u00e9 par <a itemprop=\"author\" itemscope=\"\" itemtype=\"https:\/\/schema.org\/Person\" href=\"https:\/\/aujourdhui.ma\/author\/kaid\" rel=\"author\"><span itemprop=\"name\">ALM<\/span><\/a><\/div>\n<p>Date\u00a0:<time content=\"2020-05-26T14:25:51+00:00\" class=\"entry-date updated\" datetime=\"2020-05-26T14:25:51+00:00\">mai 26, 2020<\/time><\/p>\n<div class=\"entry-cat\">dans:<a href=\"https:\/\/aujourdhui.ma\/category\/sports\" rel=\"category tag\">Sports<\/a><\/div>\n<\/div>\n<\/header>\n<div class=\"entry-content clearfix\" readability=\"56\"><img decoding=\"async\" class=\"post_layout_5_img\" src=\"http:\/\/aujourdhui.ma\/wp-content\/uploads\/2017\/05\/Messi-FCB.jpg\" alt=\"Espagne : Reprise de La Liga &#xE0; partir du 8 juin\"\/><\/p>\n<p><span class=\"c7\"><strong>Un retour progressif \u00e0 la comp\u00e9tition se pr\u00e9pare depuis le d\u00e9but du mois de mai. Les joueurs des diff\u00e9rents clubs ont retrouv\u00e9 le chemin de l\u2019entra\u00eenement d\u00e8s le 8 mai dernier et sont r\u00e9guli\u00e8rement test\u00e9s.<\/strong><\/span> <span id=\"more-345878\"\/><\/p>\n<p>Apr\u00e8s la Bundesliga, un deuxi\u00e8me championnat majeur voit sa reprise se confirmer. Ce samedi, Pedro S\u00e1nchez, pr\u00e9sident du gouvernement espagnol, a autoris\u00e9 la reprise du championnat \u00e0 partir du 8 juin. D\u00e9sormais, les clubs et la Ligue vont se mettre d\u2019accord pour fixer une date qui pourrait \u00eatre le 12 juin.<br \/>\u00abL\u2019Espagne a fait ce qu\u2019elle devait faire et maintenant de nouveaux horizons s\u2019ouvrent \u00e0 tous. Le temps est venu de retrouver une grande partie des activit\u00e9s quotidiennes. A partir du 8 juin nous allons reprendre les matchs du championnat de football\u00bb, a relev\u00e9 M. Sanchez.<br \/>Javier Tebas, pr\u00e9sident de La Liga, instance qui g\u00e8re les affaires du football professionnel en Espagne, avait fait \u00e9tat de son souhait de reprendre le championnat le 12 juin prochain.<br \/>\u00abJ\u2019aimerais que ce soit le 12 juin, \u00e7a d\u00e9pendra de ce qui se passe\u00bb, avait indiqu\u00e9 Tebas dans des d\u00e9clarations \u00e0 la cha\u00eene de t\u00e9l\u00e9vision Movistar, excluant toute annulation de la saison en premi\u00e8re division masculine.<br \/>Les comp\u00e9titions reprendront \u00abquand le dira le minist\u00e8re de la sant\u00e9\u00bb, avait ajout\u00e9 le patron de La Liga, pr\u00e9cisant que le programme des matchs serait tr\u00e8s intensif avec deux rencontres par semaine.<br \/>En Espagne, un retour progressif \u00e0 la comp\u00e9tition se pr\u00e9pare depuis le d\u00e9but du mois de mai. Les joueurs des diff\u00e9rents clubs ont retrouv\u00e9 le chemin de l\u2019entra\u00eenement d\u00e8s le 8 mai dernier et sont r\u00e9guli\u00e8rement test\u00e9s. Apr\u00e8s plusieurs entra\u00eenements individuels, les joueurs prennent d\u00e9sormais place \u00e0 des s\u00e9ances collectives.<br \/>Il reste onze journ\u00e9es de Liga \u00e0 disputer. Le Bar\u00e7a est en t\u00eate du championnat avec deux points d\u2019avance sur son \u00e9ternel rival, le Real Madrid.<\/p>\n<\/div>\n<p>Auteur: ALM<br \/>\n<a href=\"https:\/\/aujourdhui.ma\/sports\/espagne-reprise-de-la-liga-a-partir-du-8-juin\">Cliquez ici pour lire l&rsquo;article depuis sa source.<\/a><\/p>\n","protected":false},"excerpt":{"rendered":"<p>Publi\u00e9 par ALM Date\u00a0:mai 26, 2020 dans:Sports Un retour progressif \u00e0 la comp\u00e9tition se pr\u00e9pare depuis le d\u00e9but du mois de mai. Les joueurs des diff\u00e9rents clubs ont retrouv\u00e9 le chemin de l\u2019entra\u00eenement d\u00e8s le 8 mai dernier et sont r\u00e9guli\u00e8rement test\u00e9s. Apr\u00e8s la Bundesliga, un deuxi\u00e8me championnat majeur voit sa reprise se confirmer. Ce [&hellip;]<\/p>\n","protected":false},"author":1759,"featured_media":86683,"comment_status":"closed","ping_status":"closed","sticky":false,"template":"","format":"standard","meta":{"fifu_image_url":"","fifu_image_alt":"","footnotes":""},"categories":[73,54],"tags":[],"class_list":["post-86682","post","type-post","status-publish","format-standard","has-post-thumbnail","hentry","category-actualite","category-maroc"],"_links":{"self":[{"href":"https:\/\/linitiative.ca\/International\/wp-json\/wp\/v2\/posts\/86682","targetHints":{"allow":["GET"]}}],"collection":[{"href":"https:\/\/linitiative.ca\/International\/wp-json\/wp\/v2\/posts"}],"about":[{"href":"https:\/\/linitiative.ca\/International\/wp-json\/wp\/v2\/types\/post"}],"author":[{"embeddable":true,"href":"https:\/\/linitiative.ca\/International\/wp-json\/wp\/v2\/users\/1759"}],"replies":[{"embeddable":true,"href":"https:\/\/linitiative.ca\/International\/wp-json\/wp\/v2\/comments?post=86682"}],"version-history":[{"count":0,"href":"https:\/\/linitiative.ca\/International\/wp-json\/wp\/v2\/posts\/86682\/revisions"}],"wp:featuredmedia":[{"embeddable":true,"href":"https:\/\/linitiative.ca\/International\/wp-json\/"}],"wp:attachment":[{"href":"https:\/\/linitiative.ca\/International\/wp-json\/wp\/v2\/media?parent=86682"}],"wp:term":[{"taxonomy":"category","embeddable":true,"href":"https:\/\/linitiative.ca\/International\/wp-json\/wp\/v2\/categories?post=86682"},{"taxonomy":"post_tag","embeddable":true,"href":"https:\/\/linitiative.ca\/International\/wp-json\/wp\/v2\/tags?post=86682"}],"curies":[{"name":"wp","href":"https:\/\/api.w.org\/{rel}","templated":true}]}}