{"id":86688,"date":"2020-05-26T10:27:42","date_gmt":"2020-05-26T14:27:42","guid":{"rendered":"https:\/\/linitiative.ca\/International\/les-marocaines-ont-pris-part-activement-a-lelan-mondial-de-lutte-contre-la-pandemie\/"},"modified":"2020-05-26T10:27:42","modified_gmt":"2020-05-26T14:27:42","slug":"les-marocaines-ont-pris-part-activement-a-lelan-mondial-de-lutte-contre-la-pandemie","status":"publish","type":"post","link":"https:\/\/linitiative.ca\/International\/les-marocaines-ont-pris-part-activement-a-lelan-mondial-de-lutte-contre-la-pandemie\/","title":{"rendered":"Les Marocaines ont pris part activement \u00e0 l\u2019\u00e9lan mondial de lutte contre la pand\u00e9mie"},"content":{"rendered":"<p class=\"has-text-color has-vivid-red-color c2\"><strong>Recherche scientifique: entretien avec l\u2019universitaire Mohamed Amrani Alaoui<\/strong><\/p>\n<p class=\"c3\">Propos recueillis par <strong>Jamaleddine Benlarbi (MAP)<\/strong><\/p>\n<div class=\"wp-block-image\"><img loading=\"lazy\" decoding=\"async\" src=\"http:\/\/albayane.press.ma\/wp-content\/uploads\/rdc16-1.jpg\" alt=\"\" class=\"wp-image-89817\" width=\"238\" height=\"142\"\/><\/div>\n<p class=\"has-text-color c4\"><strong>Mohamed Amrani Alaoui, professeur d\u2019histoire \u00e0 la Facult\u00e9 Polydisciplinaire d\u2019Errachidia et pr\u00e9sident de l\u2019Institut marocain des \u00e9tudes et de la communication culturelle, livre \u00e0 la MAP ses id\u00e9es sur la recherche scientifique en temps du nouveau Coronavirus (Covid-19) et sa vision de la mani\u00e8re de d\u00e9velopper cette discipline au Maroc en rapport avec de telles conjonctures exceptionnelles.<\/strong><\/p>\n<p><strong>Quel est le degr\u00e9 de r\u00e9ussite des mesures prises pour endiguer la propagation du nouveau Coronavirus?<\/strong><\/p>\n<p>La pand\u00e9mie du Coronavirus a r\u00e9v\u00e9l\u00e9 de nombreuses questions qui devraient recevoir l\u2019attention qu\u2019elles m\u00e9ritent aussi bien de la part de la communaut\u00e9 internationale que sur le plan national, en tant que probl\u00e9matiques dont les r\u00e9sultats n\u00e9gatifs sociologiques et psychologiques ont \u00e9t\u00e9 r\u00e9colt\u00e9s par tous les pays du monde. Le Maroc est parmi les pays ayant subi les cons\u00e9quences n\u00e9gatives de cette nouvelle pand\u00e9mie.<\/p>\n<p>Face \u00e0 l\u2019incapacit\u00e9 des pays du monde \u00e0 \u00e9radiquer ce virus, plusieurs mesures pr\u00e9ventives et proactives ont \u00e9t\u00e9 prises pour endiguer sa propagation et r\u00e9duire le nombre des contaminations, notamment le confinement sanitaire et l\u2019interdiction des rassemblements. L\u2019activit\u00e9 \u00e9conomique a \u00e9t\u00e9 suspendue dans plusieurs secteurs. Malgr\u00e9 les retomb\u00e9es n\u00e9gatives d\u2019une telle d\u00e9cision, la priorit\u00e9 a \u00e9t\u00e9 donn\u00e9e \u00e0 la pr\u00e9servation de la vie humaine.<\/p>\n<p><strong>La recherche scientifique peut-elle aider \u00e0 comprendre cette maladie et \u00e0 la combattre?<\/strong><\/p>\n<p>Cette pand\u00e9mie a impos\u00e9, de mani\u00e8re claire, la recherche de solutions radicales actuelles et futures pour parvenir \u00e0 un traitement, avec la n\u00e9cessit\u00e9 d\u2019impliquer les centres et laboratoires de recherches scientifiques dans plusieurs pays du monde.<\/p>\n<p>Certains laboratoires scientifiques et centres de recherche relevant des universit\u00e9s marocaines ont pris part \u00e0 cet \u00e9lan mondial pour tenter d\u2019obtenir des r\u00e9sultats \u00e0 m\u00eame de permettre de d\u00e9passer cette pand\u00e9mie.<br \/>Le Maroc a appliqu\u00e9 l\u2019\u00e9tat d\u2019urgence sanitaire, alors que le gouvernement a promulgu\u00e9 une loi organisationnelle pour la gestion de cette situation, en tant que mesure provisoire jusqu\u2019\u00e0 la fin de cette pand\u00e9mie. Cette pand\u00e9mie a eu pour effet d\u2019encourager la recherche scientifique et l\u2019innovation, sachant que le minist\u00e8re de l\u2019Education nationale, de la Formation professionnelle, de l\u2019Enseignement sup\u00e9rieur et de la Recherche scientifique a mis en place un programme de soutien \u00e0 la recherche scientifique et technologique relative au Covid-19 dans le but d\u2019apporter des r\u00e9ponses aux interrogations pos\u00e9es \u00e0 ce sujet sur les plans national et r\u00e9gional.<\/p>\n<p>Cette nouvelle pand\u00e9mie a d\u00e9montr\u00e9 l\u2019importance qui doit \u00eatre accord\u00e9e \u00e0 la recherche scientifique, \u00e0 la formation des corps m\u00e9dical et enseignant et \u00e0 l\u2019implication des scientifiques dans la recherche de solutions \u00e0 m\u00eame de permettre de d\u00e9passer de telles situations.<\/p>\n<p><strong>Quels sont les domaines auxquels un int\u00e9r\u00eat a \u00e9t\u00e9 accord\u00e9 dans ce cadre?<\/strong><\/p>\n<p>L\u2019accent a \u00e9t\u00e9 mis sur trois domaines essentiels de recherche, \u00e0 savoir \u00ab\u00a0les moyens d\u2019analyser la propagation du Covid-19 et de cerner les dimensions de la pand\u00e9mie au Maroc\u00a0\u00bb, \u00ab\u00a0les recommandations convenables pour g\u00e9rer la p\u00e9riode de transition et permettre un retour \u00e0 la normal du pays\u00a0\u00bb et \u00ab\u00a0les le\u00e7ons \u00e0 tirer de cette pand\u00e9mie et les mesures pr\u00e9ventives \u00e0 adopter dans l\u2019avenir\u00a0\u00bb.<\/p>\n<p>Il s\u2019agit de mettre en place les plans n\u00e9cessaires pour vaincre cette pand\u00e9mie en adoptant une approche scientifique fond\u00e9e sur des r\u00e9alit\u00e9s et une action sur le terrain bien encadr\u00e9e.<\/p>\n<p><strong>Quelles sont les conditions n\u00e9cessaires pour r\u00e9pondre aux probl\u00e9matiques scientifiques pos\u00e9es ?<\/strong><\/p>\n<p>Pour leur apporter des r\u00e9ponses, les probl\u00e9matiques scientifiques doivent \u00eatre trait\u00e9es selon une approche globale et non pas individuelle. Ceci implique une adh\u00e9sion institutionnelle collective \u00e0 un seul projet des centres de recherche sp\u00e9cialis\u00e9s, afin de pouvoir \u00e9laborer une approche globale sur les plans \u00e9conomique, social, historique et psychologique, tout en se focalisant sur un traitement r\u00e9gional de la question, \u00e9tant donn\u00e9 les dissemblances entre les diff\u00e9rentes r\u00e9gions et zones du Maroc.<\/p>\n<p><strong>Comment peut-on faire une exploitation optimale de la recherche scientifique pour l\u2019\u00e9riger en pilier du d\u00e9veloppement du Maroc apr\u00e8s la fin du confinement sanitaire?<\/strong><\/p>\n<p>L\u2019importance de la recherche scientifique r\u00e9side dans les r\u00e9sultats obtenus, de sorte qu\u2019ils soient exploit\u00e9s dans le traitement des questions et des probl\u00e8mes pos\u00e9s. Les autorit\u00e9s comp\u00e9tentes doivent donc accorder la plus grande importance \u00e0 la recherche scientifique, tout en orientant les chercheurs vers les probl\u00e8mes d\u2019actualit\u00e9 qui n\u00e9cessitent des recherches et des \u00e9tudes, en mobilisant les fonds suffisant pour r\u00e9aliser des projets scientifiques et en prenant en consid\u00e9ration les r\u00e9sultats atteints par les chercheurs.<\/p>\n<p>De nombreuses recherches r\u00e9alis\u00e9es au Maroc, qui peuvent favoriser un d\u00e9collage \u00e9conomique et social, n\u2019ont pas \u00e9t\u00e9 prises en consid\u00e9ration. La pand\u00e9mie du nouveau Coronavirus a d\u00e9montr\u00e9 l\u2019existence d\u2019\u00e9nergies locales importantes qui cr\u00e9ent, d\u00e9couvrent et font des prouesses lorsque l\u2019occasion leur est offerte de s\u2019\u00e9panouir.<br \/>L\u2019\u00c9tat marocain doit acc\u00e9l\u00e9rer la transformation de sa strat\u00e9gie de d\u00e9veloppement en privil\u00e9giant l\u2019aspect scientifique et encourageant les potentialit\u00e9s locales \u00e0 travers le financement et l\u2019investissement, afin de pouvoir atteindre l\u2019autosuffisance scientifique en mati\u00e8re de production des connaissances et m\u00eame de les exporter.<\/p>\n<p>Auteur: M&rsquo;hammed rahal<br \/>\n<a href=\"http:\/\/albayane.press.ma\/les-marocaines-ont-pris-part-activement-a-lelan-mondial-de-lutte-contre-la-pandemie.html\">Cliquez ici pour lire l&rsquo;article depuis sa source.<\/a><\/p>\n","protected":false},"excerpt":{"rendered":"<p>Recherche scientifique: entretien avec l\u2019universitaire Mohamed Amrani Alaoui Propos recueillis par Jamaleddine Benlarbi (MAP) Mohamed Amrani Alaoui, professeur d\u2019histoire \u00e0 la Facult\u00e9 Polydisciplinaire d\u2019Errachidia et pr\u00e9sident de l\u2019Institut marocain des \u00e9tudes et de la communication culturelle, livre \u00e0 la MAP ses id\u00e9es sur la recherche scientifique en temps du nouveau Coronavirus (Covid-19) et sa vision [&hellip;]<\/p>\n","protected":false},"author":1760,"featured_media":86689,"comment_status":"closed","ping_status":"closed","sticky":false,"template":"","format":"standard","meta":{"fifu_image_url":"","fifu_image_alt":"","footnotes":""},"categories":[73,54],"tags":[],"class_list":["post-86688","post","type-post","status-publish","format-standard","has-post-thumbnail","hentry","category-actualite","category-maroc"],"_links":{"self":[{"href":"https:\/\/linitiative.ca\/International\/wp-json\/wp\/v2\/posts\/86688","targetHints":{"allow":["GET"]}}],"collection":[{"href":"https:\/\/linitiative.ca\/International\/wp-json\/wp\/v2\/posts"}],"about":[{"href":"https:\/\/linitiative.ca\/International\/wp-json\/wp\/v2\/types\/post"}],"author":[{"embeddable":true,"href":"https:\/\/linitiative.ca\/International\/wp-json\/wp\/v2\/users\/1760"}],"replies":[{"embeddable":true,"href":"https:\/\/linitiative.ca\/International\/wp-json\/wp\/v2\/comments?post=86688"}],"version-history":[{"count":0,"href":"https:\/\/linitiative.ca\/International\/wp-json\/wp\/v2\/posts\/86688\/revisions"}],"wp:featuredmedia":[{"embeddable":true,"href":"https:\/\/linitiative.ca\/International\/wp-json\/"}],"wp:attachment":[{"href":"https:\/\/linitiative.ca\/International\/wp-json\/wp\/v2\/media?parent=86688"}],"wp:term":[{"taxonomy":"category","embeddable":true,"href":"https:\/\/linitiative.ca\/International\/wp-json\/wp\/v2\/categories?post=86688"},{"taxonomy":"post_tag","embeddable":true,"href":"https:\/\/linitiative.ca\/International\/wp-json\/wp\/v2\/tags?post=86688"}],"curies":[{"name":"wp","href":"https:\/\/api.w.org\/{rel}","templated":true}]}}