{"id":86690,"date":"2020-05-26T10:34:32","date_gmt":"2020-05-26T14:34:32","guid":{"rendered":"https:\/\/linitiative.ca\/International\/neo-confinement-ou-deconfinement\/"},"modified":"2020-05-26T10:34:32","modified_gmt":"2020-05-26T14:34:32","slug":"neo-confinement-ou-deconfinement","status":"publish","type":"post","link":"https:\/\/linitiative.ca\/International\/neo-confinement-ou-deconfinement\/","title":{"rendered":"N\u00e9o-confinement ou d\u00e9confinement?"},"content":{"rendered":"<p class=\"has-text-color has-vivid-red-color c2\"><strong>La note du ministre des finances et de la reforme de l\u2019administration<\/strong><\/p>\n<div class=\"wp-block-image\"><img loading=\"lazy\" decoding=\"async\" src=\"http:\/\/albayane.press.ma\/wp-content\/uploads\/ouv16-4.jpg\" alt=\"\" class=\"wp-image-89821\" width=\"260\" height=\"204\"\/><\/div>\n<p class=\"has-text-color c3\"><strong>Le gouvernement en ces moments de confinement et de la propagation sans r\u00e9pit du coronavirus et avec l\u2019apparition d\u2019autres points noirs, surtout dans les usines et manufactures, en plus de l\u2019atteinte d\u2019autres milieux jusqu\u2019\u00e0 ces jours ne comptant aucune contamination en covid-19.<\/strong><\/p>\n<p>\u00a0Le gouvernement est d\u00e9boussol\u00e9 et chacun des ministres prend ses d\u00e9cisions unilat\u00e9ralement et parfois sans bien choisir le temps opportun. Lesquelles parfois sont, une r\u00e9p\u00e9tition de \u00a0notes d\u00e9j\u00e0 diffus\u00e9es, ou d\u2019une loi d\u00e9j\u00e0 promulgu\u00e9e et proclam\u00e9e.<\/p>\n<p>Le ministre des finances et de la reforme de l\u2019administration a surpris les administrations publiques et territoriales par une note dat\u00e9e du 22\/05\/2020 relative aux dispositions \u00e0 prendre dans les administrations publiques apr\u00e8s le confinement. Il \u00a0a joint \u00e0 cette note un guide d\u2019action qui n\u2019est qu\u2019une explication \u00e9largie du contenu de la note sus indiqu\u00e9e.<\/p>\n<p>A en croire la situation r\u00e9elle de la pand\u00e9mie \u00e0 travers les r\u00e9gions du Maroc, celle-ci ne fait qu\u2019empirer. Des contaminations ont surgi dans des r\u00e9gions jusqu\u2019ici non atteintes. Cas de Dakhla qui a enregistr\u00e9 \u00a0vendredi 22 mai 2020, trois cas de covid-19. Sans oublier bien \u00e9videmment que d\u2019autres r\u00e9gions ne semblent \u00a0gu\u00e8re \u00e0\u00a0 l\u2019abri d\u2019une propagation, \u00e0 Dieu ne plaise, hallucinante.<\/p>\n<p>En revanche, \u00a0le confinement, durant \u00a0ces deux mois pass\u00e9s, n\u2019a pas \u00e9t\u00e9 strictement respect\u00e9, surtout dans les grandes villes, et dans les r\u00e9gions p\u00e9riph\u00e9riques de ces villes, \u00e0 cause du d\u00e9bordement que connaissent les march\u00e9s et les souks. Sans faire bien s\u00fbr abstraction, des\u00a0 comportements irresponsables de quelques jeunes qui ne peuvent se maintenir en confinement chez eux, nonobstant les dispositions p\u00e9nales des d\u00e9crets et lois proclam\u00e9s au d\u00e9but de la pand\u00e9mie.<\/p>\n<p>Toutefois, depuis des d\u00e9cennies nos gouvernements parlent d\u2019une reforme administrative. Cependant, force est de constater qu\u2019elle n\u2019a jamais \u00e9t\u00e9 objective sans doute \u00e0 cause de la complexit\u00e9 et du sens archa\u00efque de ses \u00e9tablissements dont la plupart sont g\u00e9r\u00e9s par les caprices des responsables.<\/p>\n<p>La situation actuelle de notre administration, n\u00e9cessite encore des d\u00e9cennies de mise \u00e0 niveau, de formation, de droiture, de d\u00e9vouement, de transparence et surtout de patriotisme pour mener ces d\u00e9partements en d\u00e9labrement tr\u00e8s avanc\u00e9, \u00e0 se mettre sur pied.<\/p>\n<p>Comment reformer une administration o\u00f9 la formation continue est un privil\u00e8ge qui peut b\u00e9n\u00e9ficier \u00e0 des fonctionnaires non int\u00e9ress\u00e9s par cette formation? Comment reformer une administration quand la majorit\u00e9 absolue de ses fonctionnaires ne manipulent gu\u00e8re l\u2019outil informatique ou ne veulent pas le faire\u00a0? Comment dans un Etat tr\u00e8s exceptionnel, et sans formation aucune, vouloir atteindre une administration sans papier, avec des ressources humaines non bien pr\u00e9par\u00e9es \u00e0 ce changement subite peut-il se faire valoir?<\/p>\n<p>J\u2019invite Monsieur le ministre des finances et de la reforme administrative de donner un seul exemple d\u2019administration, publique ou territoriale qui a r\u00e9ussi \u00e0 se passer du papier et se suffire d\u2019une administration \u00e9lectronique sans papier, abstraction faite des banques et des entreprises priv\u00e9es,\u00a0 et ce pour, La simple raison que l\u2019outil informatique fait d\u00e9faut dans la plupart des administrations. Les ressources humaines ou du moins, la plupart d\u2019entre elles, ne maitrisent pas cet outil. Les ordinateurs ne sont pas des outils de cr\u00e9ation et de traitement, mais simplement des machines \u00e0 \u00e9crire, sp\u00e9cifiques \u00e0 la saisie des lettres, des bordereaux et des rapports. L\u2019acc\u00e8s \u00e0 l\u2019internet est parfois l\u2019handicap qui entrave la bonne marche de l\u2019administration, le manque de r\u00e9seautage interservices et divisions est un facteur d\u2019aggravation de la situation de notre administration.<\/p>\n<p>Pendant les situations de crise exceptionnelles, comme celle que nous vivons de nos jours, il est absolument difficile de ma\u00eetriser non seulement la population mais aussi les usagers de l\u2019Administration. Sans oublier \u00e9galement les fonctionnaires concomitamment et sans fautes.<\/p>\n<p>Le respect des droits de l\u2019homme doit \u00eatre mis en avant dans toutes les actions pendant les temps de crises. Une connaissance quasiment parfaite des droits de l\u2019homme est devenue une n\u00e9cessit\u00e9, pour les citoyens, et \u00e9galement pour les gardiens de la s\u00e9curit\u00e9 et de la s\u00fbret\u00e9 dans toutes les r\u00e9gions ainsi qu\u2019\u00e0 tous ceux qui sont au devant et qui jouent la proximit\u00e9 dans toutes les zones noires soient elles, ou qui n\u00e9cessitent simplement un contr\u00f4le ou une observation de pr\u00eat pour \u00e9viter tout d\u00e9rapage.<\/p>\n<p>Parler d\u2019apr\u00e8s confinement, est intelligemment choisi et met tout le monde en garde que le d\u00e9confinement n\u2019est par pour demain, ou pour la date indiqu\u00e9e lors du prolongement du confinement au 10 du mois prochain. La situation n\u2019est pas stable, les contaminations ne sont pas en baisse. D\u2019autres pr\u00e9cautions sont \u00e0 prendre avec rigueur afin de bien sortir de cette pand\u00e9mie avec le minimum de d\u00e9g\u00e2ts humains.<\/p>\n<p class=\"c4\"><strong>Aziz Laafou<\/strong><\/p>\n<p>Auteur: M&rsquo;hammed rahal<br \/>\n<a href=\"http:\/\/albayane.press.ma\/neo-confinement-ou-deconfinement.html\">Cliquez ici pour lire l&rsquo;article depuis sa source.<\/a><\/p>\n","protected":false},"excerpt":{"rendered":"<p>La note du ministre des finances et de la reforme de l\u2019administration Le gouvernement en ces moments de confinement et de la propagation sans r\u00e9pit du coronavirus et avec l\u2019apparition d\u2019autres points noirs, surtout dans les usines et manufactures, en plus de l\u2019atteinte d\u2019autres milieux jusqu\u2019\u00e0 ces jours ne comptant aucune contamination en covid-19. \u00a0Le [&hellip;]<\/p>\n","protected":false},"author":1760,"featured_media":86691,"comment_status":"closed","ping_status":"closed","sticky":false,"template":"","format":"standard","meta":{"fifu_image_url":"","fifu_image_alt":"","footnotes":""},"categories":[73,54],"tags":[],"class_list":["post-86690","post","type-post","status-publish","format-standard","has-post-thumbnail","hentry","category-actualite","category-maroc"],"_links":{"self":[{"href":"https:\/\/linitiative.ca\/International\/wp-json\/wp\/v2\/posts\/86690","targetHints":{"allow":["GET"]}}],"collection":[{"href":"https:\/\/linitiative.ca\/International\/wp-json\/wp\/v2\/posts"}],"about":[{"href":"https:\/\/linitiative.ca\/International\/wp-json\/wp\/v2\/types\/post"}],"author":[{"embeddable":true,"href":"https:\/\/linitiative.ca\/International\/wp-json\/wp\/v2\/users\/1760"}],"replies":[{"embeddable":true,"href":"https:\/\/linitiative.ca\/International\/wp-json\/wp\/v2\/comments?post=86690"}],"version-history":[{"count":0,"href":"https:\/\/linitiative.ca\/International\/wp-json\/wp\/v2\/posts\/86690\/revisions"}],"wp:featuredmedia":[{"embeddable":true,"href":"https:\/\/linitiative.ca\/International\/wp-json\/"}],"wp:attachment":[{"href":"https:\/\/linitiative.ca\/International\/wp-json\/wp\/v2\/media?parent=86690"}],"wp:term":[{"taxonomy":"category","embeddable":true,"href":"https:\/\/linitiative.ca\/International\/wp-json\/wp\/v2\/categories?post=86690"},{"taxonomy":"post_tag","embeddable":true,"href":"https:\/\/linitiative.ca\/International\/wp-json\/wp\/v2\/tags?post=86690"}],"curies":[{"name":"wp","href":"https:\/\/api.w.org\/{rel}","templated":true}]}}