{"id":86692,"date":"2020-05-26T10:39:13","date_gmt":"2020-05-26T14:39:13","guid":{"rendered":"https:\/\/linitiative.ca\/International\/hong-kong-se-souleve-contre-un-projet-loi-impose-par-pekin\/"},"modified":"2020-05-26T10:39:13","modified_gmt":"2020-05-26T14:39:13","slug":"hong-kong-se-souleve-contre-un-projet-loi-impose-par-pekin","status":"publish","type":"post","link":"https:\/\/linitiative.ca\/International\/hong-kong-se-souleve-contre-un-projet-loi-impose-par-pekin\/","title":{"rendered":"Hong Kong se soul\u00e8ve contre un projet loi impos\u00e9 par P\u00e9kin\u2026"},"content":{"rendered":"<p class=\"c2\"><strong>Nabil El Bousaadi<\/strong><\/p>\n<p class=\"has-text-color c3\"><strong>Soucieuses d\u2019\u00e9viter une r\u00e9\u00e9dition des manifestations qui avaient eu lieu, \u00e0 Hong Kong en 2019, \u00e0 l\u2019appel de l\u2019opposition d\u00e9mocratique hongkongaise, les autorit\u00e9s chinoises ont d\u00e9pos\u00e9 ce vendredi, aupr\u00e8s du Parlement, un texte visant \u00e0 interdire \u00abla trahison, la s\u00e9cession, la s\u00e9dition et la subversion\u00bb. Ce projet de r\u00e9solution, qui porte sur la \u00abs\u00e9curit\u00e9 nationale\u00bb et dont l\u2019issue ne fait aucun doute d\u00e8s lors que l\u2019instance l\u00e9gislative est toute acquise au Parti Communiste Chinois, sera examin\u00e9 par l\u2019Assembl\u00e9e Nationale Populaire le 28 mai prochain lors de la s\u00e9ance de cl\u00f4ture de l\u2019actuelle session parlementaire.<\/strong><\/p>\n<p>Or, parmi les stipulations du projet de loi pr\u00e9sent\u00e9 par P\u00e9kin visant \u00e0 imposer aux Honkongais le respect du drapeau et l\u2019hymne national chinois figure une clause \u00e9minemment liberticide qui, en s\u2019appliquant \u00absans le moindre d\u00e9lai\u00bb apr\u00e8s son adoption par l\u2019assembl\u00e9e, sonnera le glas des libert\u00e9s individuelles et du r\u00e9gime de semi-autonomie dont jouit le territoire. Cette disposition permettra, en effet, aux policiers chinois de mener des enqu\u00eates en collaboration avec leurs homologues hongkongais et \u00abl\u00e9galisera\u00bb, \u00e0 ce titre, la r\u00e9pression tous azimuts de la moindre dissidence susceptible de voir le jour \u00e0 Hong Kong.<\/p>\n<p>Pour rappel, au moment de son retour dans le giron chinois, ce territoire avait \u00e9t\u00e9 soumis au principe \u00abun pays, deux syst\u00e8mes\u00bb lui permettant de jouir d\u2019une tr\u00e8s large autonomie par rapport \u00e0 la Chine continentale et conf\u00e9rant, \u00e0 ses habitants, une libert\u00e9 d\u2019expression, une libert\u00e9 de presse et m\u00eame le droit de b\u00e9n\u00e9ficier d\u2019une justice ind\u00e9pendante\u00a0; des droits inconnus en R\u00e9publique populaire de Chine.<\/p>\n<p>C0nstituant donc une grave entorse \u00e0 cette semi-autonomie hongkongaise qui \u00e9tait suppos\u00e9e durer jusqu\u2019en 2047 mais qui a bien souvent \u00e9t\u00e9 mise \u00e0 mal, ces derni\u00e8res ann\u00e9es, par P\u00e9kin, cet amendement \u00e0 l\u2019article 23 de la \u00abLoi fondamentale\u00bb qui sert de mini-Constitution \u00e0 Hong Kong depuis sa restitution par les autorit\u00e9s britanniques \u00e0 la Chine en 1997, a soulev\u00e9 l\u2019ire des hongkongais d\u00e8s lors qu\u2019il va court-circuiter les institutions locales.<\/p>\n<p>Aussi, en brandissant des banderoles sur lesquelles on pouvait lire \u00abLe ciel d\u00e9truira le Parti communiste chinois\u00bb ainsi que des drapeaux am\u00e9ricains et en scandant, \u00e0 l\u2019unisson \u00abLib\u00e9rez Hong Kong\u00bb, ce sont plusieurs milliers\u00a0\u00a0de manifestants v\u00eatus de noirs qui, en \u00e9tant confort\u00e9s par le triomphe des \u00abpro-d\u00e9mocratie\u00bb en novembre dernier, ont investis en masse, ce dimanche en d\u00e9but d\u2019apr\u00e8s-midi, les grandes art\u00e8res commerciales de Hong Kong \u2013 notamment Causeway Bay et Wanchai \u2013 et pouss\u00e9 les forces anti-\u00e9meutes, d\u00e9ploy\u00e9es en grand nombre \u00e0 bord de fourgons blind\u00e9s, \u00e0 faire usage de bombes lacrymog\u00e8nes, de gaz poivre et de canons \u00e0 eau.<\/p>\n<p>Erigeant des barricades de fortune et se cachant derri\u00e8re des parapluies pour se prot\u00e9ger des gaz lacrymog\u00e8nes, certains manifestants ont jet\u00e9 des projectiles en direction des forces de l\u2019ordre. Or, en rappelant que la \u00abs\u00e9curit\u00e9 nationale\u00bb impose une rapide mise en \u0153uvre du projet de loi d\u00e9nonc\u00e9 par les manifestants, le gouvernement de Hong Kong a condamn\u00e9 ces\u00a0\u00abactions ill\u00e9gales et extr\u00eamement violentes\u00bb et celles-ci se sont sold\u00e9es par des milliers d\u2019arrestations.<\/p>\n<p>Enfin, si apr\u00e8s les manifestations quasi-quotidiennes qu\u2019avait connues le territoire l\u2019an pass\u00e9, la contestation avait sembl\u00e9 s\u2019\u00eatre \u00e9touff\u00e9e au d\u00e9but de cette ann\u00e9e, la v\u00e9rit\u00e9 est ailleurs d\u00e8s lors que c\u2019est le nouveau coronavirus qui s\u2019\u00e9tait interpos\u00e9 sur son chemin. Qu\u2019en sera-t-il \u00e0 l\u2019issue de \u00a0cette pand\u00e9mie\u00a0? La reprise aura-t-elle lieu plus fort qu\u2019avant\u00a0? Rien ne permet d\u2019en douter mais attendons pour voir\u2026<\/p>\n<p>Auteur: M&rsquo;hammed rahal<br \/>\n<a href=\"http:\/\/albayane.press.ma\/hong-kong-se-souleve-contre-un-projet-loi-impose-par-pekin.html\">Cliquez ici pour lire l&rsquo;article depuis sa source.<\/a><\/p>\n","protected":false},"excerpt":{"rendered":"<p>Nabil El Bousaadi Soucieuses d\u2019\u00e9viter une r\u00e9\u00e9dition des manifestations qui avaient eu lieu, \u00e0 Hong Kong en 2019, \u00e0 l\u2019appel de l\u2019opposition d\u00e9mocratique hongkongaise, les autorit\u00e9s chinoises ont d\u00e9pos\u00e9 ce vendredi, aupr\u00e8s du Parlement, un texte visant \u00e0 interdire \u00abla trahison, la s\u00e9cession, la s\u00e9dition et la subversion\u00bb. Ce projet de r\u00e9solution, qui porte sur [&hellip;]<\/p>\n","protected":false},"author":1760,"featured_media":0,"comment_status":"closed","ping_status":"closed","sticky":false,"template":"","format":"standard","meta":{"fifu_image_url":"","fifu_image_alt":"","footnotes":""},"categories":[73,54],"tags":[],"class_list":["post-86692","post","type-post","status-publish","format-standard","hentry","category-actualite","category-maroc"],"_links":{"self":[{"href":"https:\/\/linitiative.ca\/International\/wp-json\/wp\/v2\/posts\/86692","targetHints":{"allow":["GET"]}}],"collection":[{"href":"https:\/\/linitiative.ca\/International\/wp-json\/wp\/v2\/posts"}],"about":[{"href":"https:\/\/linitiative.ca\/International\/wp-json\/wp\/v2\/types\/post"}],"author":[{"embeddable":true,"href":"https:\/\/linitiative.ca\/International\/wp-json\/wp\/v2\/users\/1760"}],"replies":[{"embeddable":true,"href":"https:\/\/linitiative.ca\/International\/wp-json\/wp\/v2\/comments?post=86692"}],"version-history":[{"count":0,"href":"https:\/\/linitiative.ca\/International\/wp-json\/wp\/v2\/posts\/86692\/revisions"}],"wp:attachment":[{"href":"https:\/\/linitiative.ca\/International\/wp-json\/wp\/v2\/media?parent=86692"}],"wp:term":[{"taxonomy":"category","embeddable":true,"href":"https:\/\/linitiative.ca\/International\/wp-json\/wp\/v2\/categories?post=86692"},{"taxonomy":"post_tag","embeddable":true,"href":"https:\/\/linitiative.ca\/International\/wp-json\/wp\/v2\/tags?post=86692"}],"curies":[{"name":"wp","href":"https:\/\/api.w.org\/{rel}","templated":true}]}}