{"id":86693,"date":"2020-05-26T10:45:18","date_gmt":"2020-05-26T14:45:18","guid":{"rendered":"https:\/\/linitiative.ca\/International\/le-tourisme-sort-de-sa-coquille\/"},"modified":"2020-05-26T10:45:18","modified_gmt":"2020-05-26T14:45:18","slug":"le-tourisme-sort-de-sa-coquille","status":"publish","type":"post","link":"https:\/\/linitiative.ca\/International\/le-tourisme-sort-de-sa-coquille\/","title":{"rendered":"Le tourisme sort de sa coquille!"},"content":{"rendered":"<p class=\"has-text-color c2\"><strong>Au moment o\u00f9 on se pr\u00e9pare r\u00e9solument \u00e0 se d\u00e9confiner, que fait la destination Agadir pour ce grand come-back ? La chefferie du Comit\u00e9 de Veille \u00c9conomique (CVE) vient de \u00ablib\u00e9rer\u00bb les entreprises du carcan du confinement, avec le maintien de certaines mesures de pr\u00e9vention.<\/strong><\/p>\n<p>Tr\u00e8s probablement rassur\u00e9s par la situation pand\u00e9mique en nette progression, notamment en termes d\u2019indicateur de propagation chut\u00e9e \u00e0 0,70, les pouvoirs publics s\u2019appr\u00eatent \u00e0 desserrer progressivement les gestes barri\u00e8res pour appr\u00e9hender le retour \u00e0 la normale avec le maximum de prudence. A l\u2019instar des pays \u00e9trangers, notamment les plus touch\u00e9s par la crise, le n\u00f4tre est en passe \u00e9galement de s\u2019affronter au jour d\u2019apr\u00e8s, tout en restant vigilant.<\/p>\n<p>Plus que deux semaines \u00e0 endurer avant la d\u00e9livrance, \u00e0 moins que les choses ne se compliquent d\u2019ici l\u00e0\u00a0! Sans plus tarder Sans plus tarder davantage, on peaufine les plans de sortie relatifs aux secteurs les plus n\u00e9vralgiques pour assurer l\u2019issue graduelle au risque z\u00e9ro, car on redouterait toujours une nouvelle vague encore plus virulente. Il s\u2019av\u00e8re \u00e9vident que le tourisme serait, sans doute, le domaine le plus affect\u00e9 et, de ce fait, n\u00e9cessite un soutien particulier.<\/p>\n<p>Dans la premi\u00e8re station baln\u00e9aire du pays, le tourisme est au creux de la vague, avec cette crise accablante dont les incidences ass\u00e8nent le coup de gr\u00e2ce. Les op\u00e9rateurs de la r\u00e9gion s\u2019affairent pour recouvrer les rep\u00e8res perdus, durant ces longs mois de suspension forc\u00e9e.<\/p>\n<p>Pour sa part, le Centre R\u00e9gional du Tourisme se d\u00e9m\u00e8ne comme un beau diable afin de r\u00e9parer les d\u00e9g\u00e2ts. Il semble bien que la saison estivale dont les premi\u00e8res chaleurs cl\u00e9mentes se profilent \u00e0 l\u2019horizon, serait, \u00e0 coup s\u00fbr, le salut d\u2019une campagne touristique en chute libre.<\/p>\n<p>Bien naturellement, le tourisme national serait, sans conteste, la bou\u00e9e de sauvetage pour att\u00e9nuer le coup essuy\u00e9. Il va sans dire que la conjoncture en cours de dissipation, se serait rendue plus agr\u00e9able aux environs de fin juin en vue de donner libre cours aux concitoyens de passer un court s\u00e9jour ensoleill\u00e9e sous le soleil limpide du Souss.<\/p>\n<p>Pour ce faire, il est judicieux de consommer marocain un produit en \u00e9tat d\u2019agonie, en r\u00e9visant en baisse les tarifications de s\u00e9jour \u00e0 200 dhs pour des h\u00f4tels quatre \u00e9toiles, tel que sugg\u00e9r\u00e9, en temps prosp\u00e8res, aux TO \u00e9trangers \u00e0 All Inclusive. Une opportunit\u00e9 \u00e0 tenir \u00e0 bras le corps!<\/p>\n<p>Cette reprise progressive qui s\u2019effectuera, en respect total des mesures pr\u00e9ventives, constituerait, en cons\u00e9quence, un d\u00e9part pour d\u2019autres conqu\u00eates, tout en gardant le tourisme local comme roue de secours, mais \u00e9galement comme option d\u00e9cisive \u00e0 la promotion du tourisme en diversit\u00e9. Cette approche p\u00e9trie de solidarit\u00e9 nationale, en cette crise virale soulagerait sans nul doute les professionnelles en \u00e9tat d\u2019oisivet\u00e9, mais aussi les estivants nationaux, en situation de recherche de ressourcement, apr\u00e8s des semaines d\u2019\u00abincarc\u00e9ration\u00bb impos\u00e9e.<\/p>\n<p>De m\u00eame l\u2019Etat, en tant que \u00abparrain\u00bb de la r\u00e9surrection nationale, devrait appuyer la reprise d\u2019un des secteurs vitaux de la nation, \u00e0 travers des motivations concr\u00e8tes des entreprises du tourisme, y compris des activit\u00e9s parall\u00e8les pour garantir une r\u00e9elle reprise. Une occasion de repenser tout le syst\u00e8me touristique dont les fondements s\u2019av\u00e8rent caducs et surann\u00e9s.<\/p>\n<p>Une occasion de remettre pour de bon, ce pi\u00e9destal de l\u2019\u00e9conomie nationale sur les rails du renouveau en mati\u00e8re de structuration, d\u2019investissement et de promotion, \u00e0 l\u2019instar de nombre de piliers \u00e9conomiques, tels l\u2019agriculture, la p\u00eache, le commerce\u2026<\/p>\n<p>Pour y parvenir, l\u2019intervention royale dans cette r\u00e9volution du tourisme de la nation, s\u2019av\u00e8re in\u00e9luctable, \u00e0 partir d\u2019Agadir, comme ce fut le cas du plan Halieutis, il y a presqu\u2019une d\u00e9cennie, en 2009, plus pr\u00e9cis\u00e9ment.<\/p>\n<p>Auteur: M&rsquo;hammed rahal<br \/>\n<a href=\"http:\/\/albayane.press.ma\/le-tourisme-sort-de-sa-coquille.html\">Cliquez ici pour lire l&rsquo;article depuis sa source.<\/a><\/p>\n","protected":false},"excerpt":{"rendered":"<p>Au moment o\u00f9 on se pr\u00e9pare r\u00e9solument \u00e0 se d\u00e9confiner, que fait la destination Agadir pour ce grand come-back ? La chefferie du Comit\u00e9 de Veille \u00c9conomique (CVE) vient de \u00ablib\u00e9rer\u00bb les entreprises du carcan du confinement, avec le maintien de certaines mesures de pr\u00e9vention. Tr\u00e8s probablement rassur\u00e9s par la situation pand\u00e9mique en nette progression, [&hellip;]<\/p>\n","protected":false},"author":1760,"featured_media":0,"comment_status":"closed","ping_status":"closed","sticky":false,"template":"","format":"standard","meta":{"fifu_image_url":"","fifu_image_alt":"","footnotes":""},"categories":[73,54],"tags":[],"class_list":["post-86693","post","type-post","status-publish","format-standard","hentry","category-actualite","category-maroc"],"_links":{"self":[{"href":"https:\/\/linitiative.ca\/International\/wp-json\/wp\/v2\/posts\/86693","targetHints":{"allow":["GET"]}}],"collection":[{"href":"https:\/\/linitiative.ca\/International\/wp-json\/wp\/v2\/posts"}],"about":[{"href":"https:\/\/linitiative.ca\/International\/wp-json\/wp\/v2\/types\/post"}],"author":[{"embeddable":true,"href":"https:\/\/linitiative.ca\/International\/wp-json\/wp\/v2\/users\/1760"}],"replies":[{"embeddable":true,"href":"https:\/\/linitiative.ca\/International\/wp-json\/wp\/v2\/comments?post=86693"}],"version-history":[{"count":0,"href":"https:\/\/linitiative.ca\/International\/wp-json\/wp\/v2\/posts\/86693\/revisions"}],"wp:attachment":[{"href":"https:\/\/linitiative.ca\/International\/wp-json\/wp\/v2\/media?parent=86693"}],"wp:term":[{"taxonomy":"category","embeddable":true,"href":"https:\/\/linitiative.ca\/International\/wp-json\/wp\/v2\/categories?post=86693"},{"taxonomy":"post_tag","embeddable":true,"href":"https:\/\/linitiative.ca\/International\/wp-json\/wp\/v2\/tags?post=86693"}],"curies":[{"name":"wp","href":"https:\/\/api.w.org\/{rel}","templated":true}]}}