{"id":86696,"date":"2020-05-26T13:03:21","date_gmt":"2020-05-26T17:03:21","guid":{"rendered":"https:\/\/linitiative.ca\/International\/lounis-ait-menguellet-celebre-la-journee-de-lafrique-avec-des-artistes-du-monde-entier\/"},"modified":"2020-05-26T13:03:21","modified_gmt":"2020-05-26T17:03:21","slug":"lounis-ait-menguellet-celebre-la-journee-de-lafrique-avec-des-artistes-du-monde-entier","status":"publish","type":"post","link":"https:\/\/linitiative.ca\/International\/lounis-ait-menguellet-celebre-la-journee-de-lafrique-avec-des-artistes-du-monde-entier\/","title":{"rendered":"Lounis Ait Menguellet c\u00e9l\u00e8bre la Journ\u00e9e de l&rsquo;Afrique avec des artistes du monde entier"},"content":{"rendered":"<div readability=\"41\">\n<p><strong>ALGER- Le po\u00e8te et chanteur alg\u00e9rien, Lounis Ait Menguellet et son compatriote Sadek Bouzinou ont pris part lundi soir, avec une pl\u00e9iade d&rsquo;artistes africains et du monde, au concert organis\u00e9 sur la toile, pand\u00e9mie du coronavirus oblige, \u00e0 l\u2019occasion de la Journ\u00e9e mondiale de l\u2019Afrique, c\u00e9l\u00e9br\u00e9e le 25 mai de chaque ann\u00e9e.<\/strong><\/p>\n<\/div>\n<div readability=\"98.610069444444\">\n<p>Avec une centaine d\u2019artistes, le chantre de la chanson alg\u00e9rienne d\u2019expression kabyle, Lounis Ait Menguellet et Sadek Bouzinou, fondateur du groupe \u00ab\u00a0D\u00e9mocratoz\u00a0\u00bb se sont joints au mouvement \u00ab\u00a0WAN\u00a0\u00bb (Worldwide Afro Network), organisateur de ce m\u00e9ga show virtuel, diffus\u00e9 en prime time sur plusieurs chaines africaines de t\u00e9l\u00e9vision.<\/p>\n<p>Ouvrant le spectacle en ch\u0153urs, la troupe f\u00e9minine \u00ab\u00a0Pepit\u2019Art\u00a0\u00bb du B\u00e9nin, a \u00e9t\u00e9 relay\u00e9e par la soprano centrafricaine Lydie Pace et le t\u00e9nor camerounais Christian Akoa qui ont interpr\u00e9t\u00e9 en duo l\u2019hymne africain, \u00ab\u00a0Unissons-nous\u00a0\u00bb, appelant \u00e0 une nouvelle Afrique \u00ab\u00a0forte et innovante\u00a0\u00bb.<\/p>\n<blockquote readability=\"12\">\n<p><em><strong>Du haut d\u2019un demi-si\u00e8cle d\u2019une brillante carri\u00e8re artistique, Lounis Ait Menguellet est apparu \u00e0 la fin de la premi\u00e8re heure de diffusion avec \u00ab\u00a0Telt Yyam\u00a0\u00bb, un de ses succ\u00e8s au verbe cisel\u00e9 et \u00e0 la m\u00e9lodie entrainante, port\u00e9e par une voix pure au \u00ab\u00a0fusain\u00a0\u00bb qui rend les traits de l&rsquo;artiste, modeste et au charisme imposant.<\/strong><\/em><\/p>\n<\/blockquote>\n<p>Le leader du groupe oranais, \u00ab\u00a0D\u00e9mocratoz\u00a0\u00bb -fond\u00e9 il y a huit ans- a, pour sa part, choisi d\u2019interpr\u00e9ter en solo, \u00ab\u00a0Ya lemima ma teb\u2019kich\u00a0\u00bb, une douceur \u00e9tal\u00e9e avec une voix \u00e9toff\u00e9e sur un soutien harmonique \u00e0 l\u2019arrangement recherch\u00e9, rendu en arp\u00e8ges de guitare, plus de deux heures apr\u00e8s le d\u00e9but du show.<\/p>\n<p>La chanteuse alg\u00e9rienne Amel Zen, premi\u00e8re artiste alg\u00e9rienne a annoncer sa participation avait d\u00e9cid\u00e9 de se retirer du programme.<\/p>\n<hr\/>\n<hr\/>\n<p>Entre autres artistes participants \u00e0 partir de leurs domiciles, de studios d&rsquo;enregistrement ou d&rsquo;un parc, l\u2019humoriste tunisienne Samia Orosemane et ses compatriotes musiciens, Achraf Chergui et Hamza Matchima, le showman marocain Mehdi Nessouli, reprenant \u00ab\u00a0La\u00e2fou\u00a0\u00bb de l\u2019Alg\u00e9rien Djamel Laroussi, ainsi que le chanteur \u00e9gyptien \u00e0 l&rsquo;esprit festif, Hakim.<\/p>\n<blockquote readability=\"10\">\n<p><em><strong>Cet \u00e9v\u00e9nement continental a \u00e9galement \u00e9t\u00e9 c\u00e9l\u00e8br\u00e9 par des l\u00e9gendes de la musique du continent comme les maliens Oumou Sangar\u00e9, Salif Keita et Cheick Tidiane Seck, Tiken Jah Fakoly (C\u00f4te d\u2019Ivoire) et le S\u00e9n\u00e9galais Youssou N\u2019Dour, parrain de l\u2019\u00e9v\u00e9nement.<\/strong><\/em><\/p>\n<\/blockquote>\n<p>Le projet \u00ab\u00a0WAN\u00a0\u00bb a \u00e9galement \u00e9t\u00e9 ouvert \u00e0 de grands noms de l&rsquo;Oc\u00e9an indien, des Cara\u00efbes et des Am\u00e9riques, \u00e0 l\u2019instar de Baco (Iles Comores), Jimmy Cliff (Jama\u00efque), du groupe Kassav (Guadeloupe) et Sista Jahan (Martinique).<\/p>\n<blockquote readability=\"12\">\n<p><em><strong>Plac\u00e9e sous le th\u00e8me, \u00ab\u00a0Together as One, Together is Wan\u00a0\u00bb, ce m\u00e9ga show en ligne qui a dur\u00e9 plus de quatre heures de temps, a \u00e9t\u00e9 d\u00e9di\u00e9 \u00e0 la \u00ab\u00a0sensibilisation\u00a0\u00bb sur les risques de la pand\u00e9mie du Covid-19 et \u00e0 la pr\u00e9paration de \u00ab\u00a0l&rsquo;apr\u00e8s-virus\u00a0\u00bb, selon les organisateurs.<\/strong><\/em><\/p>\n<\/blockquote>\n<p>Organis\u00e9 par WAN en partenariat avec l\u2019Unesco et \u00ab\u00a0African Union Broadcasting\u00a0\u00bb, le concert virtuel c\u00e9l\u00e9brant la Journ\u00e9e de l\u2019Afrique s\u2019est d\u00e9roul\u00e9 toute la journ\u00e9e sur les r\u00e9seaux sociaux.<\/p>\n<\/div>\n<p>Auteur:<br \/>\n<a href=\"http:\/\/www.aps.dz\/culture\/105423-lounis-ait-menguellet-celebre-la-journee-de-l-afrique-avec-des-artistes-du-monde-entier\">Cliquez ici pour lire l&rsquo;article depuis sa source.<\/a><\/p>\n","protected":false},"excerpt":{"rendered":"<p>ALGER- Le po\u00e8te et chanteur alg\u00e9rien, Lounis Ait Menguellet et son compatriote Sadek Bouzinou ont pris part lundi soir, avec une pl\u00e9iade d&rsquo;artistes africains et du monde, au concert organis\u00e9 sur la toile, pand\u00e9mie du coronavirus oblige, \u00e0 l\u2019occasion de la Journ\u00e9e mondiale de l\u2019Afrique, c\u00e9l\u00e9br\u00e9e le 25 mai de chaque ann\u00e9e. Avec une centaine [&hellip;]<\/p>\n","protected":false},"author":1790,"featured_media":0,"comment_status":"closed","ping_status":"closed","sticky":false,"template":"","format":"standard","meta":{"fifu_image_url":"","fifu_image_alt":"","footnotes":""},"categories":[53,79],"tags":[],"class_list":["post-86696","post","type-post","status-publish","format-standard","hentry","category-algerie","category-culture"],"_links":{"self":[{"href":"https:\/\/linitiative.ca\/International\/wp-json\/wp\/v2\/posts\/86696","targetHints":{"allow":["GET"]}}],"collection":[{"href":"https:\/\/linitiative.ca\/International\/wp-json\/wp\/v2\/posts"}],"about":[{"href":"https:\/\/linitiative.ca\/International\/wp-json\/wp\/v2\/types\/post"}],"author":[{"embeddable":true,"href":"https:\/\/linitiative.ca\/International\/wp-json\/wp\/v2\/users\/1790"}],"replies":[{"embeddable":true,"href":"https:\/\/linitiative.ca\/International\/wp-json\/wp\/v2\/comments?post=86696"}],"version-history":[{"count":0,"href":"https:\/\/linitiative.ca\/International\/wp-json\/wp\/v2\/posts\/86696\/revisions"}],"wp:attachment":[{"href":"https:\/\/linitiative.ca\/International\/wp-json\/wp\/v2\/media?parent=86696"}],"wp:term":[{"taxonomy":"category","embeddable":true,"href":"https:\/\/linitiative.ca\/International\/wp-json\/wp\/v2\/categories?post=86696"},{"taxonomy":"post_tag","embeddable":true,"href":"https:\/\/linitiative.ca\/International\/wp-json\/wp\/v2\/tags?post=86696"}],"curies":[{"name":"wp","href":"https:\/\/api.w.org\/{rel}","templated":true}]}}