{"id":86700,"date":"2020-05-26T08:16:56","date_gmt":"2020-05-26T12:16:56","guid":{"rendered":"https:\/\/linitiative.ca\/International\/covid-19-24-nouveaux-cas-confirmes-au-maroc-7-556-au-total\/"},"modified":"2020-05-26T08:16:56","modified_gmt":"2020-05-26T12:16:56","slug":"covid-19-24-nouveaux-cas-confirmes-au-maroc-7-556-au-total","status":"publish","type":"post","link":"https:\/\/linitiative.ca\/International\/covid-19-24-nouveaux-cas-confirmes-au-maroc-7-556-au-total\/","title":{"rendered":"Covid-19: 24 nouveaux cas confirm\u00e9s au Maroc, 7.556 au total"},"content":{"rendered":"<div class=\"single-featured\"><img alt=\"\" data-src=\"http:\/\/www.mapmarrakech.ma\/map\/uploads\/2020\/05\/bilan-fr-27.jpeg\"\/><\/div>\n<div class=\"single-post-excerpt post-excerpt-bc\" readability=\"36\">\n<p>Vingt-quatre nouveaux cas d\u2019infection au nouveau coronavirus (Covid-19) ont \u00e9t\u00e9 confirm\u00e9s au Maroc jusqu\u2019\u00e0 mardi \u00e0 10h00, portant \u00e0 7.556 le nombre total des cas de contamination, annonce le minist\u00e8re de la Sant\u00e9.<\/p>\n<\/div>\n<div class=\"entry-content clearfix single-post-content\" readability=\"45\">\n<p class=\"c5\">Le nombre de cas gu\u00e9ris s\u2019\u00e9l\u00e8ve \u00e0 4.841 avec 67 nouvelles r\u00e9missions, alors que le nombre de d\u00e9c\u00e8s s\u2019\u00e9tablit \u00e0 202 cas, pr\u00e9cise le minist\u00e8re sur le portail \u00ab\u00a0www.covidmaroc.ma\u00a0\u00bb.<\/p>\n<p class=\"c5\">Par ailleurs, le nombre des cas exclus apr\u00e8s des r\u00e9sultats n\u00e9gatifs d\u2019analyses effectu\u00e9es au laboratoire s\u2019\u00e9l\u00e8ve \u00e0 148.023, selon la m\u00eame source.<\/p>\n<p class=\"c5\">Le minist\u00e8re invite les citoyens \u00e0 respecter les r\u00e8gles d\u2019hygi\u00e8ne et de s\u00e9curit\u00e9 sanitaire, ainsi que les mesures pr\u00e9ventives prises par les autorit\u00e9s marocaines en faisant preuve de responsabilit\u00e9 et de patriotisme.<\/p>\n<\/div>\n<p>Auteur: Meriem IGASS<br \/>\n<a href=\"http:\/\/www.mapmarrakech.ma\/fr\/covid-19-24-nouveaux-cas-confirmes-au-maroc-7-556-au-total\/\">Cliquez ici pour lire l&rsquo;article depuis sa source.<\/a><\/p>\n","protected":false},"excerpt":{"rendered":"<p>Vingt-quatre nouveaux cas d\u2019infection au nouveau coronavirus (Covid-19) ont \u00e9t\u00e9 confirm\u00e9s au Maroc jusqu\u2019\u00e0 mardi \u00e0 10h00, portant \u00e0 7.556 le nombre total des cas de contamination, annonce le minist\u00e8re de la Sant\u00e9. Le nombre de cas gu\u00e9ris s\u2019\u00e9l\u00e8ve \u00e0 4.841 avec 67 nouvelles r\u00e9missions, alors que le nombre de d\u00e9c\u00e8s s\u2019\u00e9tablit \u00e0 202 cas, [&hellip;]<\/p>\n","protected":false},"author":1788,"featured_media":86701,"comment_status":"closed","ping_status":"closed","sticky":false,"template":"","format":"standard","meta":{"fifu_image_url":"","fifu_image_alt":"","footnotes":""},"categories":[54,76],"tags":[],"class_list":["post-86700","post","type-post","status-publish","format-standard","has-post-thumbnail","hentry","category-maroc","category-regions"],"_links":{"self":[{"href":"https:\/\/linitiative.ca\/International\/wp-json\/wp\/v2\/posts\/86700","targetHints":{"allow":["GET"]}}],"collection":[{"href":"https:\/\/linitiative.ca\/International\/wp-json\/wp\/v2\/posts"}],"about":[{"href":"https:\/\/linitiative.ca\/International\/wp-json\/wp\/v2\/types\/post"}],"author":[{"embeddable":true,"href":"https:\/\/linitiative.ca\/International\/wp-json\/wp\/v2\/users\/1788"}],"replies":[{"embeddable":true,"href":"https:\/\/linitiative.ca\/International\/wp-json\/wp\/v2\/comments?post=86700"}],"version-history":[{"count":0,"href":"https:\/\/linitiative.ca\/International\/wp-json\/wp\/v2\/posts\/86700\/revisions"}],"wp:featuredmedia":[{"embeddable":true,"href":"https:\/\/linitiative.ca\/International\/wp-json\/"}],"wp:attachment":[{"href":"https:\/\/linitiative.ca\/International\/wp-json\/wp\/v2\/media?parent=86700"}],"wp:term":[{"taxonomy":"category","embeddable":true,"href":"https:\/\/linitiative.ca\/International\/wp-json\/wp\/v2\/categories?post=86700"},{"taxonomy":"post_tag","embeddable":true,"href":"https:\/\/linitiative.ca\/International\/wp-json\/wp\/v2\/tags?post=86700"}],"curies":[{"name":"wp","href":"https:\/\/api.w.org\/{rel}","templated":true}]}}