{"id":86702,"date":"2020-05-26T08:33:58","date_gmt":"2020-05-26T12:33:58","guid":{"rendered":"https:\/\/linitiative.ca\/International\/20-nouvelles-remissions-5-nouveaux-cas-confirmes-drs\/"},"modified":"2020-05-26T08:33:58","modified_gmt":"2020-05-26T12:33:58","slug":"20-nouvelles-remissions-5-nouveaux-cas-confirmes-drs","status":"publish","type":"post","link":"https:\/\/linitiative.ca\/International\/20-nouvelles-remissions-5-nouveaux-cas-confirmes-drs\/","title":{"rendered":"20 nouvelles r\u00e9missions, 5 nouveaux cas confirm\u00e9s (DRS)"},"content":{"rendered":"<div readability=\"35\">\n<p>Marrakech \u2013 Vingt (20) nouvelles r\u00e9missions ont \u00e9t\u00e9 signal\u00e9es au niveau de la r\u00e9gion Marrakech-Safi, portant \u00e0 1.143 le nombre total des personnes d\u00e9clar\u00e9es d\u00e9finitivement r\u00e9tablies dans la r\u00e9gion jusqu\u2019\u00e0 mardi \u00e0 10H00.<\/p>\n<\/div>\n<div readability=\"74\">\n<p>Un nouveau bilan de la Direction R\u00e9gionale de la Sant\u00e9 (DRS) fait ressortir que 18 nouveaux cas de gu\u00e9rison ont \u00e9t\u00e9 enregistr\u00e9s dans la pr\u00e9fecture de Marrakech et 2 dans la province d\u2019Al Haouz.<\/p>\n<p>Pour ce qui est du total des cas gu\u00e9ris, ils sont ventil\u00e9s entre la pr\u00e9fecture de Marrakech (830) et les provinces de Rehamna (231), d\u2019Al Haouz (49), de Chichaoua (23), d\u2019El Kel\u00e2a des Sraghna (04), d\u2019Essaouira (04) et de Safi (02), pr\u00e9cise la m\u00eame source, relevant que le taux de gu\u00e9rison s\u2019\u00e9l\u00e8ve \u00e0 86,2%.<\/p>\n<p>La m\u00eame source fait \u00e9tat \u00e9galement de 5 nouveaux cas d\u2019infection au Covid-19, portant \u00e0 1.327 le nombre total des contaminations confirm\u00e9es dans la r\u00e9gion depuis le d\u00e9clenchement de la pand\u00e9mie.<\/p>\n<p>Et la DRS de pr\u00e9ciser que 136 patients sont actuellement sous traitement, r\u00e9partis entre la pr\u00e9fecture de Marrakech (131) et les provinces de Safi (3 d\u00e9tect\u00e9s au niveau de la r\u00e9gion de Casablanca-Settat), d\u2019Al Haouz (01) et de Chichaoua (1).<\/p>\n<p>Le nombre des cas exclus apr\u00e8s des r\u00e9sultats n\u00e9gatifs d\u2019analyses effectu\u00e9es au laboratoire a atteint 14.190, alors que celui des d\u00e9c\u00e8s s\u2019\u00e9tablit \u00e0 51, fait savoir la Direction r\u00e9gionale de la Sant\u00e9.<\/p>\n<p>Au niveau national, 24 nouveaux cas d\u2019infection au Covid-19 ont \u00e9t\u00e9 confirm\u00e9s, portant \u00e0 7.556 le nombre total des cas de contamination jusqu\u2019\u00e0 mardi \u00e0 10H00.<\/p>\n<p>Le nombre de cas gu\u00e9ris s\u2019\u00e9l\u00e8ve \u00e0 4.841 avec 67 nouvelles r\u00e9missions, alors que le nombre de d\u00e9c\u00e8s s\u2019\u00e9tablit \u00e0 202 cas, selon le minist\u00e8re de la Sant\u00e9.<\/p>\n<\/div>\n<p>Auteur: Meriem IGASS<br \/>\n<a href=\"http:\/\/www.mapmarrakech.ma\/fr\/20-nouvelles-remissions-5-nouveaux-cas-confirmes-du-covid-19-drs\/\">Cliquez ici pour lire l&rsquo;article depuis sa source.<\/a><\/p>\n","protected":false},"excerpt":{"rendered":"<p>Marrakech \u2013 Vingt (20) nouvelles r\u00e9missions ont \u00e9t\u00e9 signal\u00e9es au niveau de la r\u00e9gion Marrakech-Safi, portant \u00e0 1.143 le nombre total des personnes d\u00e9clar\u00e9es d\u00e9finitivement r\u00e9tablies dans la r\u00e9gion jusqu\u2019\u00e0 mardi \u00e0 10H00. Un nouveau bilan de la Direction R\u00e9gionale de la Sant\u00e9 (DRS) fait ressortir que 18 nouveaux cas de gu\u00e9rison ont \u00e9t\u00e9 enregistr\u00e9s [&hellip;]<\/p>\n","protected":false},"author":1788,"featured_media":0,"comment_status":"closed","ping_status":"closed","sticky":false,"template":"","format":"standard","meta":{"fifu_image_url":"","fifu_image_alt":"","footnotes":""},"categories":[54,76],"tags":[],"class_list":["post-86702","post","type-post","status-publish","format-standard","hentry","category-maroc","category-regions"],"_links":{"self":[{"href":"https:\/\/linitiative.ca\/International\/wp-json\/wp\/v2\/posts\/86702","targetHints":{"allow":["GET"]}}],"collection":[{"href":"https:\/\/linitiative.ca\/International\/wp-json\/wp\/v2\/posts"}],"about":[{"href":"https:\/\/linitiative.ca\/International\/wp-json\/wp\/v2\/types\/post"}],"author":[{"embeddable":true,"href":"https:\/\/linitiative.ca\/International\/wp-json\/wp\/v2\/users\/1788"}],"replies":[{"embeddable":true,"href":"https:\/\/linitiative.ca\/International\/wp-json\/wp\/v2\/comments?post=86702"}],"version-history":[{"count":0,"href":"https:\/\/linitiative.ca\/International\/wp-json\/wp\/v2\/posts\/86702\/revisions"}],"wp:attachment":[{"href":"https:\/\/linitiative.ca\/International\/wp-json\/wp\/v2\/media?parent=86702"}],"wp:term":[{"taxonomy":"category","embeddable":true,"href":"https:\/\/linitiative.ca\/International\/wp-json\/wp\/v2\/categories?post=86702"},{"taxonomy":"post_tag","embeddable":true,"href":"https:\/\/linitiative.ca\/International\/wp-json\/wp\/v2\/tags?post=86702"}],"curies":[{"name":"wp","href":"https:\/\/api.w.org\/{rel}","templated":true}]}}