{"id":86703,"date":"2020-05-26T09:44:08","date_gmt":"2020-05-26T13:44:08","guid":{"rendered":"https:\/\/linitiative.ca\/International\/02-nouvelles-remissions-a-lhopital-mohammed-vi-a-tahanaout\/"},"modified":"2020-05-26T09:44:08","modified_gmt":"2020-05-26T13:44:08","slug":"02-nouvelles-remissions-a-lhopital-mohammed-vi-a-tahanaout","status":"publish","type":"post","link":"https:\/\/linitiative.ca\/International\/02-nouvelles-remissions-a-lhopital-mohammed-vi-a-tahanaout\/","title":{"rendered":"02 nouvelles r\u00e9missions \u00e0 l\u2019h\u00f4pital Mohammed VI \u00e0 Tahanaout"},"content":{"rendered":"<div class=\"single-featured\"><img alt=\"\" data-src=\"http:\/\/www.mapmarrakech.ma\/map\/uploads\/2020\/05\/r&#xE9;missions-copier-1-2.jpg\"\/><\/div>\n<div class=\"single-post-excerpt post-excerpt-bc\" readability=\"36\">\n<p>Tahanaout (province d\u2019Al Haouz) \u2013 L\u2019h\u00f4pital provincial Mohammed VI \u00e0 Tahanaout relevant de la province d\u2019Al Haouz a enregistr\u00e9, mardi matin, la r\u00e9mission compl\u00e8te de 02 patients atteints du nouveau coronavirus (Covid-19).<\/p>\n<\/div>\n<div class=\"entry-content clearfix single-post-content\" readability=\"55\">\n<p>Il s\u2019agit de deux hommes \u00e2g\u00e9s entre 34 et 35 ans, d\u00e9finitivement gu\u00e9ris apr\u00e8s que les tests m\u00e9dicaux et cliniques effectu\u00e9s se sont r\u00e9v\u00e9l\u00e9s n\u00e9gatifs.<\/p>\n<p>Ces deux nouvelles r\u00e9missions portent \u00e0 27, le nombre total des patients totalement r\u00e9tablis apr\u00e8s avoir b\u00e9n\u00e9fici\u00e9 d\u2019une prise en charge m\u00e9dicale au sein de cet \u00e9tablissement hospitalier.<\/p>\n<p>Selon le directeur de l\u2019h\u00f4pital provincial Mohammed VI \u00e0 Tahanaout, Dr. Abdellatif Zrhadi, les deux patients dont la dur\u00e9e moyenne d\u2019hospitalisation a \u00e9t\u00e9 de 10 jours, ne souffraient d\u2019aucune complication ou maladie chronique et leur \u00e9tat de sant\u00e9 a \u00e9t\u00e9 stable.<\/p>\n<p>Ces deux patients seront confin\u00e9s \u00e0 leurs domiciles selon le nouveau protocole du Minist\u00e8re de la sant\u00e9, a-t-il ajout\u00e9.<\/p>\n<p>Il a en outre, rappel\u00e9 qu\u2019un seul cas atteint du coronavirus (Covid-19) est encore sous traitement et pris en charge au sein de l\u2019h\u00f4pital Mohammed VI de Tahanaout, notant que son \u00e9tat de sant\u00e9 est stable et ne souffre d\u2019aucune complication ou maladie chronique.<\/p>\n<\/div>\n<p>Auteur: Meriem IGASS<br \/>\n<a href=\"http:\/\/www.mapmarrakech.ma\/fr\/02-nouvelles-remissions-a-lhopital-mohammed-vi-a-tahanaout-2\/\">Cliquez ici pour lire l&rsquo;article depuis sa source.<\/a><\/p>\n","protected":false},"excerpt":{"rendered":"<p>Tahanaout (province d\u2019Al Haouz) \u2013 L\u2019h\u00f4pital provincial Mohammed VI \u00e0 Tahanaout relevant de la province d\u2019Al Haouz a enregistr\u00e9, mardi matin, la r\u00e9mission compl\u00e8te de 02 patients atteints du nouveau coronavirus (Covid-19). Il s\u2019agit de deux hommes \u00e2g\u00e9s entre 34 et 35 ans, d\u00e9finitivement gu\u00e9ris apr\u00e8s que les tests m\u00e9dicaux et cliniques effectu\u00e9s se sont [&hellip;]<\/p>\n","protected":false},"author":1788,"featured_media":86704,"comment_status":"closed","ping_status":"closed","sticky":false,"template":"","format":"standard","meta":{"fifu_image_url":"","fifu_image_alt":"","footnotes":""},"categories":[54,76],"tags":[],"class_list":["post-86703","post","type-post","status-publish","format-standard","has-post-thumbnail","hentry","category-maroc","category-regions"],"_links":{"self":[{"href":"https:\/\/linitiative.ca\/International\/wp-json\/wp\/v2\/posts\/86703","targetHints":{"allow":["GET"]}}],"collection":[{"href":"https:\/\/linitiative.ca\/International\/wp-json\/wp\/v2\/posts"}],"about":[{"href":"https:\/\/linitiative.ca\/International\/wp-json\/wp\/v2\/types\/post"}],"author":[{"embeddable":true,"href":"https:\/\/linitiative.ca\/International\/wp-json\/wp\/v2\/users\/1788"}],"replies":[{"embeddable":true,"href":"https:\/\/linitiative.ca\/International\/wp-json\/wp\/v2\/comments?post=86703"}],"version-history":[{"count":0,"href":"https:\/\/linitiative.ca\/International\/wp-json\/wp\/v2\/posts\/86703\/revisions"}],"wp:featuredmedia":[{"embeddable":true,"href":"https:\/\/linitiative.ca\/International\/wp-json\/"}],"wp:attachment":[{"href":"https:\/\/linitiative.ca\/International\/wp-json\/wp\/v2\/media?parent=86703"}],"wp:term":[{"taxonomy":"category","embeddable":true,"href":"https:\/\/linitiative.ca\/International\/wp-json\/wp\/v2\/categories?post=86703"},{"taxonomy":"post_tag","embeddable":true,"href":"https:\/\/linitiative.ca\/International\/wp-json\/wp\/v2\/tags?post=86703"}],"curies":[{"name":"wp","href":"https:\/\/api.w.org\/{rel}","templated":true}]}}