{"id":86705,"date":"2020-05-26T13:57:02","date_gmt":"2020-05-26T17:57:02","guid":{"rendered":"https:\/\/linitiative.ca\/International\/violence-contre-les-femmes-30-appels-telephoniques-en-2-semaines\/"},"modified":"2020-05-26T13:57:02","modified_gmt":"2020-05-26T17:57:02","slug":"violence-contre-les-femmes-30-appels-telephoniques-en-2-semaines","status":"publish","type":"post","link":"https:\/\/linitiative.ca\/International\/violence-contre-les-femmes-30-appels-telephoniques-en-2-semaines\/","title":{"rendered":"Violence contre les femmes: 30 appels t\u00e9l\u00e9phoniques en 2 semaines"},"content":{"rendered":"<div readability=\"38\">\n<p>Marrakech \u2013 Le Parquet pr\u00e8s le tribunal de premi\u00e8re instance de Marrakech a annonc\u00e9 avoir re\u00e7u, par le biais des num\u00e9ros de t\u00e9l\u00e9phone mis \u00e0 la disposition des citoyens, un total de 30 appels t\u00e9l\u00e9phoniques, en deux semaines, portant sur des affaires de violence \u00e0 l\u2019\u00e9gard des femmes.<\/p>\n<\/div>\n<div readability=\"84\">\n<p>Cette annonce a \u00e9t\u00e9 faite lors de la premi\u00e8re r\u00e9union p\u00e9riodique 2020 de la commission locale pour la prise en charge des femmes et des enfants victimes de violence, tenue par visioconf\u00e9rence, sous la pr\u00e9sidence du procureur du Roi pr\u00e8s cette juridiction, Khalid Rguig.<\/p>\n<p>A cette occasion, M. Rguig a indiqu\u00e9 qu\u2019une trentaine d\u2019appels relatifs \u00e0 des affaires de violence contre les femmes ont \u00e9t\u00e9 re\u00e7us en deux semaines via les num\u00e9ros de t\u00e9l\u00e9phone mis \u00e0 la disposition des citoyens pour le d\u00e9p\u00f4t des plaintes de femmes et d\u2019enfants victimes de violence.<\/p>\n<p>Il s\u2019agit de deux num\u00e9ros de t\u00e9l\u00e9phone mobile de femmes substituts du procureur du Roi, relevant de la cellule de lutte contre la violence faite aux femmes et aux enfants (0652987176\/0660872712) ainsi que du num\u00e9ro de fax (0524387106), a-t-il not\u00e9.<\/p>\n<p>Rappelant la cr\u00e9ation d\u2019une plateforme num\u00e9rique pour interagir positivement avec les plaintes des femmes et des enfants victimes de violence, via le lien \u00e9lectronique (www.tpimarrakech.ma\/cpcfev.huml), M. Rguig a salu\u00e9 le travail quotidien et inlassable des substituts du procureur lors des permanences pour le traitement de l\u2019ensemble des affaires des justiciables, des usagers et la r\u00e9ception de dizaines de plaintes soit par fax ou par e-mail.<\/p>\n<p>Il a \u00e9galement rendu hommage \u00e0 tous les juges et cadres du secr\u00e9tariat de greffe du Royaume en poste dans tous les tribunaux au service de la Patrie et pour la r\u00e9alisation de la justice et de la s\u00e9curit\u00e9 judiciaire, ainsi qu\u2019\u00e0 tous ceux et celles qui veillent \u00e0 la r\u00e9ussite de la mise en \u0153uvre des mesures du confinement sanitaire.<\/p>\n<p>M. Rguig a, en outre, affirm\u00e9 que la Pr\u00e9sidence du Minist\u00e8re Public compte sur le degr\u00e9 de prise de conscience des citoyens, tout en appelant au respect des mesures d\u00e9cr\u00e9t\u00e9es par les pouvoirs publics, afin que le Royaume puisse surmonter cette \u00e9preuve et pr\u00e9server la s\u00e9curit\u00e9 sanitaire des personnes.<\/p>\n<p>La commission locale pour la prise en charge des femmes et enfants victimes de violence a tenu sa 1\u00e8re r\u00e9union p\u00e9riodique \u00e0 distance avec la participation des d\u00e9partements gouvernementaux et des associations de la soci\u00e9t\u00e9 civile actives au niveau du territoire relevant du ressort dudit tribunal, sous le th\u00e8me \u00ab\u00a0Quel r\u00f4le pour la cellule de lutte contre la violence \u00e0 l\u2019\u00e9gard de la femme et de l\u2019enfant durant la p\u00e9riode du confinement ?\u00a0\u00bb.<\/p>\n<p>Cette r\u00e9union a \u00e9t\u00e9 l\u2019occasion d\u2019aborder le ph\u00e9nom\u00e8ne de la violence pendant la p\u00e9riode du confinement, le r\u00f4le de la plateforme num\u00e9rique dans la garantie d\u2019une efficacit\u00e9 judiciaire pour le traitement des affaires de violence contre les femmes et les enfants, ainsi que d\u2019examiner les diff\u00e9rentes probl\u00e9matiques li\u00e9es \u00e0 la violence faite \u00e0 la femme durant la p\u00e9riode du confinement sanitaire.<\/p>\n<\/div>\n<p>Auteur: Meriem IGASS<br \/>\n<a href=\"http:\/\/www.mapmarrakech.ma\/fr\/violence-contre-les-femmes-30-appels-telephoniques-en-2-semaines\/\">Cliquez ici pour lire l&rsquo;article depuis sa source.<\/a><\/p>\n","protected":false},"excerpt":{"rendered":"<p>Marrakech \u2013 Le Parquet pr\u00e8s le tribunal de premi\u00e8re instance de Marrakech a annonc\u00e9 avoir re\u00e7u, par le biais des num\u00e9ros de t\u00e9l\u00e9phone mis \u00e0 la disposition des citoyens, un total de 30 appels t\u00e9l\u00e9phoniques, en deux semaines, portant sur des affaires de violence \u00e0 l\u2019\u00e9gard des femmes. Cette annonce a \u00e9t\u00e9 faite lors de [&hellip;]<\/p>\n","protected":false},"author":1788,"featured_media":0,"comment_status":"closed","ping_status":"closed","sticky":false,"template":"","format":"standard","meta":{"fifu_image_url":"","fifu_image_alt":"","footnotes":""},"categories":[54,76],"tags":[],"class_list":["post-86705","post","type-post","status-publish","format-standard","hentry","category-maroc","category-regions"],"_links":{"self":[{"href":"https:\/\/linitiative.ca\/International\/wp-json\/wp\/v2\/posts\/86705","targetHints":{"allow":["GET"]}}],"collection":[{"href":"https:\/\/linitiative.ca\/International\/wp-json\/wp\/v2\/posts"}],"about":[{"href":"https:\/\/linitiative.ca\/International\/wp-json\/wp\/v2\/types\/post"}],"author":[{"embeddable":true,"href":"https:\/\/linitiative.ca\/International\/wp-json\/wp\/v2\/users\/1788"}],"replies":[{"embeddable":true,"href":"https:\/\/linitiative.ca\/International\/wp-json\/wp\/v2\/comments?post=86705"}],"version-history":[{"count":0,"href":"https:\/\/linitiative.ca\/International\/wp-json\/wp\/v2\/posts\/86705\/revisions"}],"wp:attachment":[{"href":"https:\/\/linitiative.ca\/International\/wp-json\/wp\/v2\/media?parent=86705"}],"wp:term":[{"taxonomy":"category","embeddable":true,"href":"https:\/\/linitiative.ca\/International\/wp-json\/wp\/v2\/categories?post=86705"},{"taxonomy":"post_tag","embeddable":true,"href":"https:\/\/linitiative.ca\/International\/wp-json\/wp\/v2\/tags?post=86705"}],"curies":[{"name":"wp","href":"https:\/\/api.w.org\/{rel}","templated":true}]}}