{"id":86706,"date":"2020-05-26T14:06:53","date_gmt":"2020-05-26T18:06:53","guid":{"rendered":"https:\/\/linitiative.ca\/International\/publication-dun-nouvel-ouvrage-traitant-de-la-pandemie-du-covid-19\/"},"modified":"2020-05-26T14:06:53","modified_gmt":"2020-05-26T18:06:53","slug":"publication-dun-nouvel-ouvrage-traitant-de-la-pandemie-du-covid-19","status":"publish","type":"post","link":"https:\/\/linitiative.ca\/International\/publication-dun-nouvel-ouvrage-traitant-de-la-pandemie-du-covid-19\/","title":{"rendered":"Publication d\u2019un nouvel ouvrage traitant de la pand\u00e9mie du Covid-19"},"content":{"rendered":"<div readability=\"37\">\n<p>Marrakech -\u00ab\u00a0Le discours de la pand\u00e9mie, visions et approches\u00a0\u00bb est l\u2019intitul\u00e9 d\u2019un ouvrage collectif, qui sera publi\u00e9 tr\u00e8s prochainement aux \u00e9ditions \u00ab\u00a0Afak\u00a0\u00bb \u00e0 Marrakech, a annonc\u00e9 le Centre \u00ab\u00a0Atae\u00a0\u00bb pour la recherche linguistique et les modes de connaissance.<\/p>\n<\/div>\n<div readability=\"92\">\n<p>L\u2019ouvrage renferme des recherches r\u00e9alis\u00e9es par une pl\u00e9iade de chercheurs marocains, qui ont trait\u00e9 de la crise \u00e9pid\u00e9miologique actuelle induite par le nouveau coronavirus, \u00e0 travers diff\u00e9rentes approches (philosophique, politique, psychologique, sociologique, religieuse, linguistique, rh\u00e9torique et p\u00e9dagogique), dans l\u2019objectif de mettre en place une plateforme solide pour encadrer le d\u00e9bat qui sera engag\u00e9 apr\u00e8s la fin de cette pand\u00e9mie.<\/p>\n<p>\u00ab\u00a0L\u2019\u00e8re des \u00e9pid\u00e9mies et des crises bouscule souvent les constantes et les situations existantes et constitue une occasion de s\u2019interroger sur de nouvelles perspectives et relations \u00e0 m\u00eame de revoir le concept de l\u2019Homme et de l\u2019existence\u00a0\u00bb, pr\u00e9cise-t-on dans le pr\u00e9ambule de ce livre.<\/p>\n<p>\u00ab\u00a0G\u00e9n\u00e9ralement, ces crises sont porteuses de nombreux changements qui influent sur l\u2019\u00eatre humain en termes de pens\u00e9es, de sentiments, de valeurs, de coutumes, de relations sociales et de vie quotidienne, voire au niveau de l\u2019expression, du langage et des canaux de communication\u2026\u00a0\u00bb, ajoute le pr\u00e9ambule.<\/p>\n<p>A cette occasion, Hicham Fath, coordinateur du livre et professeur \u00e0 la Facult\u00e9 de Langue arabe relevant de l\u2019Universit\u00e9 Cadi Ayyad, a estim\u00e9 que les r\u00e9sultats et signes \u00e9manant de cette crise, m\u00eame si elle est encore \u00e0 ses d\u00e9buts, sont \u00ab\u00a0suffisants\u00a0\u00bb pour pousser la recherche acad\u00e9mique \u00e0 intervenir pour d\u00e9cortiquer ses r\u00e9f\u00e9rences symboliques pleines de significations silencieuses.<\/p>\n<p>Dans une d\u00e9claration \u00e0 la MAP, M. Fath a expliqu\u00e9 que cette publication s\u2019\u00e9carte de l\u2019approche m\u00e9dicale focalis\u00e9e sur les questions des sympt\u00f4mes physiques, des indicateurs de contamination et de la course des laboratoires pour la d\u00e9couverte du vaccin en vue de permettre \u00e0 l\u2019Humanit\u00e9 de sortir de l\u2019\u00e9tat de panique et d\u2019expectative en contrepartie d\u2019argent.<\/p>\n<p>Cet ouvrage s\u2019\u00e9loigne \u00e9galement de l\u2019interpr\u00e9tation politique qui tend \u00e0 exacerber la crise, \u00e0 travers la propagande de la th\u00e8se du complot de la part des grandes puissances mondiales, a-t-il ajout\u00e9.<\/p>\n<p>\u00ab\u00a0C\u2019est cette situation actuelle qui nous a incit\u00e9s \u00e0 entreprendre l\u2019initiative de publier cet ouvrage collectif avec la contribution d\u2019un parterre de chercheurs s\u00e9rieux, afin de constituer un capital de connaissances et d\u2019orienter le d\u00e9bat post-pand\u00e9mie\u00a0\u00bb, a-t-il conclu.<\/p>\n<\/div>\n<p>Auteur: Meriem IGASS<br \/>\n<a href=\"http:\/\/www.mapmarrakech.ma\/fr\/publication-dun-nouvel-ouvrage-traitant-de-la-pandemie-du-covid-19\/\">Cliquez ici pour lire l&rsquo;article depuis sa source.<\/a><\/p>\n","protected":false},"excerpt":{"rendered":"<p>Marrakech -\u00ab\u00a0Le discours de la pand\u00e9mie, visions et approches\u00a0\u00bb est l\u2019intitul\u00e9 d\u2019un ouvrage collectif, qui sera publi\u00e9 tr\u00e8s prochainement aux \u00e9ditions \u00ab\u00a0Afak\u00a0\u00bb \u00e0 Marrakech, a annonc\u00e9 le Centre \u00ab\u00a0Atae\u00a0\u00bb pour la recherche linguistique et les modes de connaissance. L\u2019ouvrage renferme des recherches r\u00e9alis\u00e9es par une pl\u00e9iade de chercheurs marocains, qui ont trait\u00e9 de la crise [&hellip;]<\/p>\n","protected":false},"author":1788,"featured_media":0,"comment_status":"closed","ping_status":"closed","sticky":false,"template":"","format":"standard","meta":{"fifu_image_url":"","fifu_image_alt":"","footnotes":""},"categories":[54,76],"tags":[],"class_list":["post-86706","post","type-post","status-publish","format-standard","hentry","category-maroc","category-regions"],"_links":{"self":[{"href":"https:\/\/linitiative.ca\/International\/wp-json\/wp\/v2\/posts\/86706","targetHints":{"allow":["GET"]}}],"collection":[{"href":"https:\/\/linitiative.ca\/International\/wp-json\/wp\/v2\/posts"}],"about":[{"href":"https:\/\/linitiative.ca\/International\/wp-json\/wp\/v2\/types\/post"}],"author":[{"embeddable":true,"href":"https:\/\/linitiative.ca\/International\/wp-json\/wp\/v2\/users\/1788"}],"replies":[{"embeddable":true,"href":"https:\/\/linitiative.ca\/International\/wp-json\/wp\/v2\/comments?post=86706"}],"version-history":[{"count":0,"href":"https:\/\/linitiative.ca\/International\/wp-json\/wp\/v2\/posts\/86706\/revisions"}],"wp:attachment":[{"href":"https:\/\/linitiative.ca\/International\/wp-json\/wp\/v2\/media?parent=86706"}],"wp:term":[{"taxonomy":"category","embeddable":true,"href":"https:\/\/linitiative.ca\/International\/wp-json\/wp\/v2\/categories?post=86706"},{"taxonomy":"post_tag","embeddable":true,"href":"https:\/\/linitiative.ca\/International\/wp-json\/wp\/v2\/tags?post=86706"}],"curies":[{"name":"wp","href":"https:\/\/api.w.org\/{rel}","templated":true}]}}