{"id":86707,"date":"2020-05-26T14:23:12","date_gmt":"2020-05-26T18:23:12","guid":{"rendered":"https:\/\/linitiative.ca\/International\/laid-el-fitr-a-tipasa-a-lere-du-covid19-une-fete-sous-le-signe-de-la-coexistence-tranquille\/"},"modified":"2020-05-26T14:23:12","modified_gmt":"2020-05-26T18:23:12","slug":"laid-el-fitr-a-tipasa-a-lere-du-covid19-une-fete-sous-le-signe-de-la-coexistence-tranquille","status":"publish","type":"post","link":"https:\/\/linitiative.ca\/International\/laid-el-fitr-a-tipasa-a-lere-du-covid19-une-fete-sous-le-signe-de-la-coexistence-tranquille\/","title":{"rendered":"L\u2019Aid El Fitr \u00e0 Tipasa \u00e0 l\u2019\u00e8re du Covid19: une f\u00eate sous le signe de la coexistence tranquille"},"content":{"rendered":"<div readability=\"37\">\n<p><strong>TIPASA &#8211; Au 2\u00e8me jour de la f\u00eate de l\u2019Aid El Fitr, le calme plat a r\u00e9gn\u00e9 en ma\u00eetre mot dans diff\u00e9rentes r\u00e9gions de la wilaya de Tipasa, dont les habitants semblent avoir trouv\u00e9 une formule de coexistence tranquille avec la pand\u00e9mie du nouveau coronavirus (Covid-19) \u00e0 l\u2019image des groupes d\u2019enfants s\u2019adonnant \u00e7a et l\u00e0 \u00e0 leurs jeux insouciants dans nombre de quartiers.<\/strong><\/p>\n<\/div>\n<div readability=\"127\">\n<p>Ainsi en est-il dans la ville de Cherchell, et d\u2019autres r\u00e9gions de la wilaya, o\u00f9 une forte animation constat\u00e9e le 1er jour de l\u2019Aid El Fitr durant lequel des familles ont tenu \u00e0 marquer l\u2019occasion en investissant les rues tout en respectant les mesures barri\u00e8res contre le virus, notamment le port de bavettes de diff\u00e9rentes couleurs et formes, a c\u00e9d\u00e9 la place, au deuxi\u00e8me jour de cette f\u00eate religieuse, \u00e0 un \u00a0\u00bb calme quasi olympien\u00a0\u00bb perturb\u00e9, par moments, par des jeux et cris joyeux d\u2019enfants.<\/p>\n<p>Toutes les rues \u00e9taient d\u00e9sertes, selon le constat fait par l\u2019APS, \u00a0au niveau de nombreux quartiers de la vieille ville de Cherchell, en partant de la cit\u00e9 \u00ab\u00a0El Maham\u00a0\u00bb \u00e0 l\u2019ouest, jusqu\u2019\u00e0 Guaid Youcef et Tirizine, exception faite de la pr\u00e9sence de groupes d\u2019enfants et de patrouilles de la police, passant de temps \u00e0 autre.<\/p>\n<p>Le m\u00eame calme plat \u00e9tait \u00e9galement palpable \u00e0 la place publique du centre ville, class\u00e9e monument national prot\u00e9g\u00e9. Une place avec vue sur le port de p\u00eache habituellement grouillant de monde, durant les p\u00e9riodes de f\u00eates, mais quasi d\u00e9serte en cette journ\u00e9e.<\/p>\n<p>N\u00e9anmoins, dans cet espace d\u00e9sertique, l&rsquo;on rel\u00e8ve la pr\u00e9sence d\u2019un habitu\u00e9 des lieux, \u00ab\u00a0Ami Mouh\u00a0\u00bb, un sexag\u00e9naire retrait\u00e9 assis sur un banc qui, comme \u00e0 son habitude, est entrain de nourrir les pigeons.<\/p>\n<blockquote readability=\"9\">\n<p><em><strong>\u00ab\u00a0C\u2019est ma fa\u00e7on \u00e0 moi de c\u00e9l\u00e9brer l\u2019A\u00efd. Je profite de la tranquillit\u00e9 et je refuse que ce virus m\u2019impose sa loi\u00a0\u00bb, a indiqu\u00e9 Ami Mouh \u00e0 l\u2019APS, estimant que \u00ab\u00a0c\u2019est plut\u00f4t au monde d\u2019imposer sa loi \u00e0 ce virus\u00a0\u00bb.<\/strong><\/em><\/p>\n<\/blockquote>\n<p>Le sexag\u00e9naire, qui a affirm\u00e9 respecter les mesures barri\u00e8res pr\u00e9conis\u00e9es par les autorit\u00e9s sanitaires, car il \u00ab\u00a0tient \u00e0 la vie\u00a0\u00bb, a soulign\u00e9 l\u2019importance de ces \u00ab\u00a0moments de paix et de tranquillit\u00e9 avec les pigeons. Je n\u2019abandonnerai cette habitude pour rien au monde\u00a0\u00bb, a-t-il assur\u00e9.<\/p>\n<p>Dans le quartier populaire El Maham (sortie -ouest de la ville), des groupes de p\u00e8res de familles accompagnent des enfants exhibant leurs belles tenues de l\u2019Aid. \u00ab\u00a0En d\u00e9pit de la pand\u00e9mie, nous tenons \u00e0 c\u00e9l\u00e9brer l\u2019Aid. Cohabiter avec le virus est d\u00e9sormais une n\u00e9cessit\u00e9\u00a0\u00bb, a soutenu Mouloud.Gh, comme pour expliquer sa pr\u00e9sence, sur place.<\/p>\n<p>Ajoutant qu\u2019apr\u00e8s deux mois de confinement, \u00ab\u00a0l\u2019Aid el Fitr est une occasion pour les familles pour les familles de d\u00e9stresser et surtout \u00e9gayer les enfants, tout en respectant les r\u00e8gles de pr\u00e9vention et de distanciation sociale, notamment\u00a0\u00bb, a-t-il soulign\u00e9.<\/p>\n<p>Sur un \u00ab\u00a0\u00e9ventuel rel\u00e2chement de vigilance apr\u00e8s ce temps de confinement\u00a0\u00bb, un citoyen,\u00a0 M. Mouloud, a assur\u00e9 \u00e0 l&rsquo;APS que \u00ab\u00a0c\u2019est plut\u00f4t le contraire. Nous nous sommes adapt\u00e9s \u00e0 la situation, car la vie ne peut pas s\u2019arr\u00eater\u00a0\u00bb, estimant que les instructions du corps m\u00e9dical et des experts pour \u00e9viter ce virus \u00ab\u00a0sont tr\u00e8s claires. Il suffit juste de se conformer au port de la bavette et \u00e0 la distanciation sociale, ce n\u2019est pas si difficile que \u00e7a\u00a0\u00bb, a-t-il soutenu.<\/p>\n<p>Mouloud a affirm\u00e9 s\u2019\u00eatre pr\u00e9par\u00e9, \u00e0 l\u2019avance, pour l\u2019Aid El Fitr, en faisant \u00ab\u00a0notamment l\u2019acquisition de bavettes et en sensibilisant mes enfants sur l\u2019importance de leur port\u00a0\u00bb.<\/p>\n<p>Assurant, en outre, que son sens de responsabilit\u00e9 lui a dict\u00e9 d\u2019aller voir sa m\u00e8re tout seul le jour de l\u2019Aid, \u00ab\u00a0tout en se tenant \u00e0 distance d\u2019elle, ce qui \u00e9tait vraiment triste\u00a0\u00bb, a-t-il d\u00e9plor\u00e9.<\/p>\n<\/div>\n<p>Auteur:<br \/>\n<a href=\"http:\/\/www.aps.dz\/regions\/105418-l-aid-el-fitr-a-tipasa-a-l-ere-du-covid19-une-fete-sous-le-signe-de-la-coexistence-tranquille\">Cliquez ici pour lire l&rsquo;article depuis sa source.<\/a><\/p>\n","protected":false},"excerpt":{"rendered":"<p>TIPASA &#8211; Au 2\u00e8me jour de la f\u00eate de l\u2019Aid El Fitr, le calme plat a r\u00e9gn\u00e9 en ma\u00eetre mot dans diff\u00e9rentes r\u00e9gions de la wilaya de Tipasa, dont les habitants semblent avoir trouv\u00e9 une formule de coexistence tranquille avec la pand\u00e9mie du nouveau coronavirus (Covid-19) \u00e0 l\u2019image des groupes d\u2019enfants s\u2019adonnant \u00e7a et l\u00e0 [&hellip;]<\/p>\n","protected":false},"author":1790,"featured_media":0,"comment_status":"closed","ping_status":"closed","sticky":false,"template":"","format":"standard","meta":{"fifu_image_url":"","fifu_image_alt":"","footnotes":""},"categories":[53,76],"tags":[],"class_list":["post-86707","post","type-post","status-publish","format-standard","hentry","category-algerie","category-regions"],"_links":{"self":[{"href":"https:\/\/linitiative.ca\/International\/wp-json\/wp\/v2\/posts\/86707","targetHints":{"allow":["GET"]}}],"collection":[{"href":"https:\/\/linitiative.ca\/International\/wp-json\/wp\/v2\/posts"}],"about":[{"href":"https:\/\/linitiative.ca\/International\/wp-json\/wp\/v2\/types\/post"}],"author":[{"embeddable":true,"href":"https:\/\/linitiative.ca\/International\/wp-json\/wp\/v2\/users\/1790"}],"replies":[{"embeddable":true,"href":"https:\/\/linitiative.ca\/International\/wp-json\/wp\/v2\/comments?post=86707"}],"version-history":[{"count":0,"href":"https:\/\/linitiative.ca\/International\/wp-json\/wp\/v2\/posts\/86707\/revisions"}],"wp:attachment":[{"href":"https:\/\/linitiative.ca\/International\/wp-json\/wp\/v2\/media?parent=86707"}],"wp:term":[{"taxonomy":"category","embeddable":true,"href":"https:\/\/linitiative.ca\/International\/wp-json\/wp\/v2\/categories?post=86707"},{"taxonomy":"post_tag","embeddable":true,"href":"https:\/\/linitiative.ca\/International\/wp-json\/wp\/v2\/tags?post=86707"}],"curies":[{"name":"wp","href":"https:\/\/api.w.org\/{rel}","templated":true}]}}