{"id":86708,"date":"2020-05-26T08:14:11","date_gmt":"2020-05-26T12:14:11","guid":{"rendered":"https:\/\/linitiative.ca\/International\/relizane-le-camp-de-ammi-moussa-haut-lieu-de-torture-de-larmee-francaise\/"},"modified":"2020-05-26T08:14:11","modified_gmt":"2020-05-26T12:14:11","slug":"relizane-le-camp-de-ammi-moussa-haut-lieu-de-torture-de-larmee-francaise","status":"publish","type":"post","link":"https:\/\/linitiative.ca\/International\/relizane-le-camp-de-ammi-moussa-haut-lieu-de-torture-de-larmee-francaise\/","title":{"rendered":"Relizane : le camp de Ammi Moussa&#8230;haut lieu de torture de l&rsquo;arm\u00e9e fran\u00e7aise"},"content":{"rendered":"<div readability=\"34\">\n<p><strong>RELIZANE &#8211; Le centre de torture \u00e9tabli au sein de la caserne militaire \u00e0 \u00ab\u00a0Ammi Moussa\u00a0\u00bb (80 kms au sud de Relizane) t\u00e9moigne de la barbarie et de la sauvagerie des crimes perp\u00e9tr\u00e9s par la soldatesque fran\u00e7aise depuis le d\u00e9but de la colonisation du pays.<\/strong><\/p>\n<\/div>\n<div readability=\"83.5\">\n<p>Le sinistre centre, situ\u00e9 \u00e0 l&rsquo;entr\u00e9e sud de la ville, a \u00e9t\u00e9 \u00e9rig\u00e9 en 1843 sur ordre du gouverneur g\u00e9n\u00e9ral colonial en Alg\u00e9rie Bugeaud, dans le but d&rsquo;imposer la pr\u00e9sence fran\u00e7aise dans cette r\u00e9gion montagneuse de l&rsquo;Ouarsenis, gagn\u00e9e par la r\u00e9sistance de l&rsquo;Emir Abdelkader, a indiqu\u00e9 le chercheur et sp\u00e9cialiste de l&rsquo;histoire de la r\u00e9gion, Mohamed Lahc\u00e8ne dans un entretien \u00e0 l&rsquo;APS.<\/p>\n<blockquote readability=\"6\">\n<p><em><strong>Ce haut-lieu de pratiques inhumaines et d&rsquo;ex\u00e9cution sommaire d&rsquo;Alg\u00e9riens est consid\u00e9r\u00e9 comme l&rsquo;un des plus importants centres de torture implant\u00e9s en Alg\u00e9rie par les forces coloniales.<\/strong><\/em><\/p>\n<\/blockquote>\n<p>Durant presqu&rsquo;un si\u00e8cle, les interrogations muscl\u00e9es, les m\u00e9thodes de torture et les pratiques barbares n&rsquo;ont pas cess\u00e9 d&rsquo;\u00eatre exerc\u00e9es d&rsquo;une mani\u00e8re syst\u00e9matique. Ces crimes s&rsquo;ajoutent aux spoliations des biens, \u00e0 la politique de la terre br\u00fbl\u00e9e, aux assassinats collectifs, destructions totales des villages et hameaux, \u00e9rig\u00e9s en syst\u00e8mes immuables.<\/p>\n<p>Le centre est constitu\u00e9 de 13 cellules individuelles et collectives en plus de salles destin\u00e9es aux interrogatoires et aux s\u00e9ances de torture dans lesquelles les bourreaux fran\u00e7ais redoublaient d&rsquo;efforts pour \u00ab\u00a0innover\u00a0\u00bb dans les formes les plus horribles pour arracher les aveux de leurs victimes. Ces pratiques d\u00e9passaient de loin des crimes collectives perp\u00e9tr\u00e9s contre les peuples que retient l&rsquo;histoire de l&rsquo;humanit\u00e9.<\/p>\n<blockquote readability=\"12\">\n<p><em><strong>La r\u00e9gion montagneuse de l&rsquo;Ouarsenis occidental a abrit\u00e9 les commandements de la zone 4 de la wilaya V historique. Elle a connu l&rsquo;horreur des pires pratiques inhumaines ayant cibl\u00e9 hommes, femmes, enfants et m\u00eame b\u00e9b\u00e9s, notamment ceux des agglom\u00e9rations de Ammi Moussa (Remka et Oued Rhiou), a pr\u00e9cis\u00e9 le chercheur.<\/strong><\/em><\/p>\n<\/blockquote>\n<p>Apr\u00e8s le d\u00e9clenchement de la lutte arm\u00e9e, les militaires et tortionnaires fran\u00e7ais ont utilis\u00e9 toutes les formes de torture contre les moudjahidine et la population civile, comme la g\u00e9g\u00e8ne, la pendaison, la noyade, l&rsquo;usage des tessons de bouteilles, les morsures de chiens dress\u00e9s et autres \u00ab\u00a0techniques\u00a0\u00bb qui laissent \u00e0 jamais des s\u00e9quelles physiques et psychologiques ind\u00e9l\u00e9biles contraires \u00e0 toutes les valeurs et principes de droit de l&rsquo;Homme.<\/p>\n<blockquote readability=\"10\">\n<p><em><strong>Des rescap\u00e9s de ce sinistre centre ont fait \u00e9galement \u00e9tat de cas de liquidations sommaires par des pelotons d&rsquo;ex\u00e9cution ou par pendaison sous les yeux des personnes emprisonn\u00e9es, ce qui cr\u00e9e dans ce milieu carc\u00e9ral une atmosph\u00e8re de terreur et de psychose, a poursuivi le chercheur en histoire.<\/strong><\/em><\/p>\n<\/blockquote>\n<p>Il a exhort\u00e9 \u00e0 la n\u00e9cessit\u00e9 d&rsquo;intensifier les travaux de recherches sur la m\u00e9moire des sacrifices des Alg\u00e9riens face \u00e0 la sauvagerie du colonialisme fran\u00e7ais, dont les traces restent comme stigmate sur le front de l&rsquo;auteur de l&rsquo;une des plus grande barbarie que retient l&rsquo;histoire de l&rsquo;humanit\u00e9.<\/p>\n<\/div>\n<p>Auteur:<br \/>\n<a href=\"http:\/\/www.aps.dz\/regions\/105425-relizane-le-camp-de-ammi-moussa-haut-lieu-de-torture-de-l-armee-francaise\">Cliquez ici pour lire l&rsquo;article depuis sa source.<\/a><\/p>\n","protected":false},"excerpt":{"rendered":"<p>RELIZANE &#8211; Le centre de torture \u00e9tabli au sein de la caserne militaire \u00e0 \u00ab\u00a0Ammi Moussa\u00a0\u00bb (80 kms au sud de Relizane) t\u00e9moigne de la barbarie et de la sauvagerie des crimes perp\u00e9tr\u00e9s par la soldatesque fran\u00e7aise depuis le d\u00e9but de la colonisation du pays. Le sinistre centre, situ\u00e9 \u00e0 l&rsquo;entr\u00e9e sud de la ville, [&hellip;]<\/p>\n","protected":false},"author":1790,"featured_media":0,"comment_status":"closed","ping_status":"closed","sticky":false,"template":"","format":"standard","meta":{"fifu_image_url":"","fifu_image_alt":"","footnotes":""},"categories":[53,76],"tags":[],"class_list":["post-86708","post","type-post","status-publish","format-standard","hentry","category-algerie","category-regions"],"_links":{"self":[{"href":"https:\/\/linitiative.ca\/International\/wp-json\/wp\/v2\/posts\/86708","targetHints":{"allow":["GET"]}}],"collection":[{"href":"https:\/\/linitiative.ca\/International\/wp-json\/wp\/v2\/posts"}],"about":[{"href":"https:\/\/linitiative.ca\/International\/wp-json\/wp\/v2\/types\/post"}],"author":[{"embeddable":true,"href":"https:\/\/linitiative.ca\/International\/wp-json\/wp\/v2\/users\/1790"}],"replies":[{"embeddable":true,"href":"https:\/\/linitiative.ca\/International\/wp-json\/wp\/v2\/comments?post=86708"}],"version-history":[{"count":0,"href":"https:\/\/linitiative.ca\/International\/wp-json\/wp\/v2\/posts\/86708\/revisions"}],"wp:attachment":[{"href":"https:\/\/linitiative.ca\/International\/wp-json\/wp\/v2\/media?parent=86708"}],"wp:term":[{"taxonomy":"category","embeddable":true,"href":"https:\/\/linitiative.ca\/International\/wp-json\/wp\/v2\/categories?post=86708"},{"taxonomy":"post_tag","embeddable":true,"href":"https:\/\/linitiative.ca\/International\/wp-json\/wp\/v2\/tags?post=86708"}],"curies":[{"name":"wp","href":"https:\/\/api.w.org\/{rel}","templated":true}]}}