{"id":86710,"date":"2020-05-26T08:40:48","date_gmt":"2020-05-26T12:40:48","guid":{"rendered":"https:\/\/linitiative.ca\/International\/les-76-centres-de-torture-de-mascara-temoins-de-la-politique-inhumaine-du-colonialisme-francais\/"},"modified":"2020-05-26T08:40:48","modified_gmt":"2020-05-26T12:40:48","slug":"les-76-centres-de-torture-de-mascara-temoins-de-la-politique-inhumaine-du-colonialisme-francais","status":"publish","type":"post","link":"https:\/\/linitiative.ca\/International\/les-76-centres-de-torture-de-mascara-temoins-de-la-politique-inhumaine-du-colonialisme-francais\/","title":{"rendered":"Les 76 centres de torture de Mascara: t\u00e9moins de la politique inhumaine du colonialisme fran\u00e7ais"},"content":{"rendered":"<div readability=\"34\">\n<p><strong>MASCARA &#8211; Les 76 centres de torture ouverts par l&rsquo;arm\u00e9e fran\u00e7aise dans la wilaya de Mascara apr\u00e8s le d\u00e9clenchement de la R\u00e9volution du 1er novembre t\u00e9moignent \u00e0 ce jour de la politique barbare et inhumaine du colonialisme \u00e0 l&rsquo;encontre de la population alg\u00e9rienne.<\/strong><\/p>\n<\/div>\n<div readability=\"114.15047145102\">\n<p>Les m\u00e9thodes monstrueuses utilis\u00e9es par les tortionnaires fran\u00e7ais contre les Alg\u00e9riens dans ces centres constituaient une violation des droits humains et des conventions internationales.<\/p>\n<p>La torture a \u00e9t\u00e9 pratiqu\u00e9e \u00e0 grande \u00e9chelle par l&rsquo;arm\u00e9e d&rsquo;occupation. Elle visait \u00e0 instaurer un climat de terreur et \u00e0 briser l&rsquo;adh\u00e9sion et l&rsquo;implication de la population dans la lutte contre un syst\u00e8me colonial inhumain et oppressif.<\/p>\n<p>Les t\u00e9moignages des moudjahidine, qui ont v\u00e9cu dans leur chair cette terreur, d\u00e9montrent \u00e0 plus d&rsquo;un titre la barbarie dont a fait l&rsquo;objet la population alg\u00e9rienne.<\/p>\n<p>Le centre de torture de la ville de Mascara, connu sous l&rsquo;appellation de \u00ab\u00a0Dar El Hamra\u00a0\u00bb, est l&rsquo;un des pires de la wilaya, rappellent les responsables du Mus\u00e9e local du Moudjahid, indiquant qu&rsquo;il s&rsquo;agissait d&rsquo;une ancienne ferme exploit\u00e9e par un colon, transform\u00e9e en centre de torture en 1959. Le centre pouvait abriter jusqu&rsquo;\u00e0 40 cellules.<\/p>\n<blockquote readability=\"12\">\n<p><em><strong>\u00ab\u00a0Ce sinistre centre \u00e9tait r\u00e9put\u00e9 pour l&rsquo;usage de la g\u00e9g\u00e8ne, du supplice de l&rsquo;eau m\u00e9lang\u00e9e au savon, les br\u00fblures au chalumeau et autres violences commises avant que le d\u00e9tenu ne succombe \u00e0 ces pratiques ou soit froidement ex\u00e9cut\u00e9\u00a0\u00bb, a-t-on expliqu\u00e9, pr\u00e9cisant que les d\u00e9pouilles \u00e9taient ensuite jet\u00e9es dans des puits.<\/strong><\/em><\/p>\n<\/blockquote>\n<p>Au centre de torture \u00ab\u00a0Nigo\u00a0\u00bb, \u00e9tabli en 1956 entre les communes de Matmor et Sidi Boussa\u00efd, les m\u00eames atrocit\u00e9s \u00e9taient pratiqu\u00e9es. \u00ab\u00a0Dans ce centre, con\u00e7u pour accueillir 300 d\u00e9tenus, les forces coloniales recouraient pour faire parler leurs victimes \u00e0 la g\u00e9g\u00e8ne, aux supplices de la roue et autres atrocit\u00e9s, qui se terminaient en g\u00e9n\u00e9ral par des assassinats\u00a0\u00bb.<\/p>\n<hr\/>\n<h3>Lire aussi:\u00a0<a href=\"http:\/\/www.aps.dz\/algerie\/105424-tortures-pratiques-barbares-et-inhumaines-de-l-armee-coloniale-francaise\" target=\"_blank\" rel=\"noopener noreferrer\">Tortures: pratiques barbares et inhumaines de l\u2019arm\u00e9e coloniale fran\u00e7aise<\/a><\/h3>\n<hr\/>\n<p>Le centre de torture \u00ab\u00a0Colin Paul\u00a0\u00bb, implant\u00e9 dans la ville de Sig (Nord de la wilaya de Mascara), \u00e9tait aussi connu comme l&rsquo;un des lieux les plus sinistres de la colonisation fran\u00e7aise.<\/p>\n<p>Outre les s\u00e9ances interminables de torture, le centre, cr\u00e9\u00e9 en 1957 pour accueillir une moyenne de 100 d\u00e9tenus, est \u00e9galement r\u00e9put\u00e9 pour \u00eatre un haut lieu de s\u00e9vices barbares. Des d\u00e9tenus \u00e9taient enterr\u00e9s dans des fosses et abandonn\u00e9s sans eau ni nourriture durant plusieurs jours et parfois jusqu&rsquo;\u00e0 ce que mort s&rsquo;en suive.<\/p>\n<p>Le t\u00e9moignage du d\u00e9funt moudjahid, Adda Berkane Mokhtar, disparu il y a quatre ans, a \u00e9t\u00e9 recueilli par le responsable du Mus\u00e9e du Moudjahid de Mascara. Il retrace toutes les tortures subies par ce natif de la commune de Maoussa.<\/p>\n<blockquote readability=\"11\">\n<p><em><strong>Le moudjahid avait rejoint les rangs de l&rsquo;ALN dans la zone 6 de la wilaya V historique en 1956. Bless\u00e9 au cours d&rsquo;une bataille, il a \u00e9t\u00e9 d\u00e9tenu dans un centre militaire de Sa\u00efda o\u00f9 il a connu les pires tortures, dont la g\u00e9g\u00e8ne. Transf\u00e9r\u00e9 \u00e0 la prison d&rsquo;Oran, il a une nouvelle fois fait l&rsquo;objet de traitements inhumains et barbares avant sa condamnation \u00e0 mort. Cette sentence n&rsquo;a pas \u00e9t\u00e9 ex\u00e9cut\u00e9e.<\/strong><\/em><\/p>\n<\/blockquote>\n<p>Le moudjahid Touiza Mohamed, d\u00e9c\u00e9d\u00e9 en 2019, avait subi le m\u00eame sort. Le moudjahid, n\u00e9 en 1937 \u00e0 Sig, avait rejoint les rangs de la R\u00e9volution en 1956 en qualit\u00e9 de Fida\u00ef dans la ville d&rsquo;Oran. Arr\u00eat\u00e9 en 1960, il subit au \u00ab\u00a02\u00e8me bureau\u00a0\u00bb de la ville de Mohamadia, les pires torture et s\u00e9vices. Il a \u00e9galement \u00e9t\u00e9 condamn\u00e9 \u00e0 mort en 1961.<\/p>\n<p>Aujourd&rsquo;hui, les centres de torture de Mascara t\u00e9moignent d&rsquo;un pass\u00e9 douloureux de la pr\u00e9sence coloniale fran\u00e7aise en Alg\u00e9rie, dans lesquels les Alg\u00e9riens, qui se sont soulev\u00e9s pour r\u00e9clamer leur droit l\u00e9gitime \u00e0 la libert\u00e9, ont v\u00e9cu les pires atrocit\u00e9s.<\/p>\n<p>Pour perp\u00e9tuer la m\u00e9moire de ceux qui se sont sacrifi\u00e9s pour l&rsquo;Ind\u00e9pendance de l&rsquo;Alg\u00e9rie, des visites sont organis\u00e9es p\u00e9riodiquement lors des f\u00eates nationales et autres occasions comm\u00e9moratives, au profit des jeunes et \u00e9l\u00e8ves de diff\u00e9rents cycles scolaires.<\/p>\n<\/div>\n<p>Auteur:<br \/>\n<a href=\"http:\/\/www.aps.dz\/regions\/105428-les-76-centres-de-torture-de-mascara-temoins-de-la-politique-inhumaine-du-colonialisme-francais\">Cliquez ici pour lire l&rsquo;article depuis sa source.<\/a><\/p>\n","protected":false},"excerpt":{"rendered":"<p>MASCARA &#8211; Les 76 centres de torture ouverts par l&rsquo;arm\u00e9e fran\u00e7aise dans la wilaya de Mascara apr\u00e8s le d\u00e9clenchement de la R\u00e9volution du 1er novembre t\u00e9moignent \u00e0 ce jour de la politique barbare et inhumaine du colonialisme \u00e0 l&rsquo;encontre de la population alg\u00e9rienne. Les m\u00e9thodes monstrueuses utilis\u00e9es par les tortionnaires fran\u00e7ais contre les Alg\u00e9riens dans [&hellip;]<\/p>\n","protected":false},"author":1790,"featured_media":0,"comment_status":"closed","ping_status":"closed","sticky":false,"template":"","format":"standard","meta":{"fifu_image_url":"","fifu_image_alt":"","footnotes":""},"categories":[53,76],"tags":[],"class_list":["post-86710","post","type-post","status-publish","format-standard","hentry","category-algerie","category-regions"],"_links":{"self":[{"href":"https:\/\/linitiative.ca\/International\/wp-json\/wp\/v2\/posts\/86710","targetHints":{"allow":["GET"]}}],"collection":[{"href":"https:\/\/linitiative.ca\/International\/wp-json\/wp\/v2\/posts"}],"about":[{"href":"https:\/\/linitiative.ca\/International\/wp-json\/wp\/v2\/types\/post"}],"author":[{"embeddable":true,"href":"https:\/\/linitiative.ca\/International\/wp-json\/wp\/v2\/users\/1790"}],"replies":[{"embeddable":true,"href":"https:\/\/linitiative.ca\/International\/wp-json\/wp\/v2\/comments?post=86710"}],"version-history":[{"count":0,"href":"https:\/\/linitiative.ca\/International\/wp-json\/wp\/v2\/posts\/86710\/revisions"}],"wp:attachment":[{"href":"https:\/\/linitiative.ca\/International\/wp-json\/wp\/v2\/media?parent=86710"}],"wp:term":[{"taxonomy":"category","embeddable":true,"href":"https:\/\/linitiative.ca\/International\/wp-json\/wp\/v2\/categories?post=86710"},{"taxonomy":"post_tag","embeddable":true,"href":"https:\/\/linitiative.ca\/International\/wp-json\/wp\/v2\/tags?post=86710"}],"curies":[{"name":"wp","href":"https:\/\/api.w.org\/{rel}","templated":true}]}}