{"id":86713,"date":"2020-05-26T12:02:43","date_gmt":"2020-05-26T16:02:43","guid":{"rendered":"https:\/\/linitiative.ca\/International\/un-webinaire-international-le-28-mai-sur-le-systeme-du-bachelor\/"},"modified":"2020-05-26T12:02:43","modified_gmt":"2020-05-26T16:02:43","slug":"un-webinaire-international-le-28-mai-sur-le-systeme-du-bachelor","status":"publish","type":"post","link":"https:\/\/linitiative.ca\/International\/un-webinaire-international-le-28-mai-sur-le-systeme-du-bachelor\/","title":{"rendered":"Un webinaire international le 28 mai sur le syst\u00e8me du Bachelor"},"content":{"rendered":"<p class=\"c4\">L\u2019Universit\u00e9 Mohammed Premier (UMP) d\u2019Oujda organise, le 28 mai courant, un webinaire international et interactif sur le th\u00e8me \u00abLe syst\u00e8me du Bachelor apr\u00e8s la pand\u00e9mie : n\u00e9cessit\u00e9s universitaires et soci\u00e9tales\u00bb.<\/p>\n<p class=\"c4\">Cette rencontre scientifique s\u2019inscrit dans le cadre de la mise en place du nouveau syst\u00e8me universitaire du Bachelor au Maroc, en ouvrant la r\u00e9flexion sur les deux aspects du projet : universitaire (p\u00e9dagogie, recherche, gestion\u2026) et soci\u00e9tal, ce dernier \u00e9tant un \u00e9l\u00e9ment essentiel \u00e0 prendre en consid\u00e9ration par les acteurs universitaires et institutionnels, indique un communiqu\u00e9 de l\u2019UMP.<\/p>\n<p class=\"c4\">Ce webinaire, auquel participent des professeurs et responsables universitaires et \u00e9ducatifs du Maroc, du Sultanat d\u2019Oman et de Jordanie, est une occasion pour \u00e9changer et d\u00e9battre des pr\u00e9requis \u00e0 mettre en place pour assurer le succ\u00e8s de ce chantier et r\u00e9aliser ses objectifs.<\/p>\n<p class=\"c4\">La rencontre, qui se tiendra \u00e0 13h00, abordera le syst\u00e8me du Bachelor, qui entrera en vigueur au Maroc \u00e0 partir de la prochaine ann\u00e9e universitaire, du point de vue de l\u2019efficacit\u00e9 de gestion, qui n\u00e9cessite une mobilisation soci\u00e9tale. Le but \u00e9tant de permettre \u00e0 l\u2019ensemble des acteurs de contribuer \u00e0 l\u2019am\u00e9lioration des m\u00e9canismes de mise en \u0153uvre, sur la base d\u2019une adh\u00e9sion collective renfor\u00e7ant le sentiment d\u2019engagement et de responsabilit\u00e9 vis-\u00e0-vis de ce projet aupr\u00e8s de tous les intervenants.<\/p>\n<p class=\"c4\">Le communiqu\u00e9 rappelle que le syst\u00e8me du Bachelor entend int\u00e9grer de nouvelles capacit\u00e9s et comp\u00e9tences dans l\u2019offre de formation, les modules de formation actuels n\u2019\u00e9tant pas suffisants pour construire le capital de comp\u00e9tences dans les laur\u00e9ats ont besoin pour acc\u00e9der au march\u00e9 de l\u2019emploi, ce qui constitue une nouvelle approche p\u00e9dagogique \u00e0 m\u00eame d\u2019impulser une nouvelle dynamique au cursus universitaire.<\/p>\n<p>Auteur: Soufiane ELAHMAR<br \/>\n<a href=\"http:\/\/www.mapoujda.ma\/fr\/un-webinaire-international-le-28-mai-sur-le-systeme-du-bachelor\/\">Cliquez ici pour lire l&rsquo;article depuis sa source.<\/a><\/p>\n","protected":false},"excerpt":{"rendered":"<p>L\u2019Universit\u00e9 Mohammed Premier (UMP) d\u2019Oujda organise, le 28 mai courant, un webinaire international et interactif sur le th\u00e8me \u00abLe syst\u00e8me du Bachelor apr\u00e8s la pand\u00e9mie : n\u00e9cessit\u00e9s universitaires et soci\u00e9tales\u00bb. Cette rencontre scientifique s\u2019inscrit dans le cadre de la mise en place du nouveau syst\u00e8me universitaire du Bachelor au Maroc, en ouvrant la r\u00e9flexion sur [&hellip;]<\/p>\n","protected":false},"author":1788,"featured_media":0,"comment_status":"closed","ping_status":"closed","sticky":false,"template":"","format":"standard","meta":{"fifu_image_url":"","fifu_image_alt":"","footnotes":""},"categories":[54,76],"tags":[],"class_list":["post-86713","post","type-post","status-publish","format-standard","hentry","category-maroc","category-regions"],"_links":{"self":[{"href":"https:\/\/linitiative.ca\/International\/wp-json\/wp\/v2\/posts\/86713","targetHints":{"allow":["GET"]}}],"collection":[{"href":"https:\/\/linitiative.ca\/International\/wp-json\/wp\/v2\/posts"}],"about":[{"href":"https:\/\/linitiative.ca\/International\/wp-json\/wp\/v2\/types\/post"}],"author":[{"embeddable":true,"href":"https:\/\/linitiative.ca\/International\/wp-json\/wp\/v2\/users\/1788"}],"replies":[{"embeddable":true,"href":"https:\/\/linitiative.ca\/International\/wp-json\/wp\/v2\/comments?post=86713"}],"version-history":[{"count":0,"href":"https:\/\/linitiative.ca\/International\/wp-json\/wp\/v2\/posts\/86713\/revisions"}],"wp:attachment":[{"href":"https:\/\/linitiative.ca\/International\/wp-json\/wp\/v2\/media?parent=86713"}],"wp:term":[{"taxonomy":"category","embeddable":true,"href":"https:\/\/linitiative.ca\/International\/wp-json\/wp\/v2\/categories?post=86713"},{"taxonomy":"post_tag","embeddable":true,"href":"https:\/\/linitiative.ca\/International\/wp-json\/wp\/v2\/tags?post=86713"}],"curies":[{"name":"wp","href":"https:\/\/api.w.org\/{rel}","templated":true}]}}