{"id":86714,"date":"2020-05-26T15:13:38","date_gmt":"2020-05-26T19:13:38","guid":{"rendered":"https:\/\/linitiative.ca\/International\/pros-bonne-nouvelle-pour-bounedjah\/"},"modified":"2020-05-26T15:13:38","modified_gmt":"2020-05-26T19:13:38","slug":"pros-bonne-nouvelle-pour-bounedjah","status":"publish","type":"post","link":"https:\/\/linitiative.ca\/International\/pros-bonne-nouvelle-pour-bounedjah\/","title":{"rendered":"Pros : Bonne nouvelle pour Bounedjah"},"content":{"rendered":"<div readability=\"32\">\n<p>Auteur : <span>Riad O.<\/span> <span class=\"time\">mardi 26 mai 2020 17:19<\/span><\/p>\n<\/div>\n<div id=\"post_core\" readability=\"37\">\n<p>La direction d\u2019Al Sadd a indiqu\u00e9 aujourd\u2019hui que son attaquant Alg\u00e9rien, Baghdad Bounedjah a entam\u00e9 sa r\u00e9\u00e9ducation. Le club Qatari a ajout\u00e9 que son buteur Alg\u00e9rien sera soumis \u00e0 un travail sp\u00e9cifique \u00e0 Aspetar. La p\u00e9riode de r\u00e9\u00e9ducation de Bounedjah durera environ un mois et demi.\u00a0 Ainsi, le retour de l\u2019attaquant Alg\u00e9rien \u00e0 la comp\u00e9tition devrait se faire en d\u00e9but du prochain exercice sportif 2020-2021. Rappelons que Bounedjah a \u00e9t\u00e9 r\u00e9cemment op\u00e9r\u00e9 au niveau de l\u2019adducteur.<\/p>\n<p><strong>Publi\u00e9 dans :<\/strong> <span>Bounedjah<\/span><\/p>\n<\/div>\n<p>Auteur:<br \/>\n<a href=\"http:\/\/www.lebuteur.com\/article\/detail?titre=bonne-nouvelle-pour-bounedjah&#038;id=96061&#038;utm_source=feedburner&#038;utm_medium=feed&#038;utm_campaign=Feed%3A+GalerieFArtciles+%28Les+derniers+articles++-+lebuteur.com%29\">Cliquez ici pour lire l&rsquo;article depuis sa source.<\/a><\/p>\n","protected":false},"excerpt":{"rendered":"<p>Auteur : Riad O. mardi 26 mai 2020 17:19 La direction d\u2019Al Sadd a indiqu\u00e9 aujourd\u2019hui que son attaquant Alg\u00e9rien, Baghdad Bounedjah a entam\u00e9 sa r\u00e9\u00e9ducation. Le club Qatari a ajout\u00e9 que son buteur Alg\u00e9rien sera soumis \u00e0 un travail sp\u00e9cifique \u00e0 Aspetar. La p\u00e9riode de r\u00e9\u00e9ducation de Bounedjah durera environ un mois et demi.\u00a0 [&hellip;]<\/p>\n","protected":false},"author":1738,"featured_media":86715,"comment_status":"closed","ping_status":"closed","sticky":false,"template":"","format":"standard","meta":{"fifu_image_url":"","fifu_image_alt":"","footnotes":""},"categories":[53,75],"tags":[],"class_list":["post-86714","post","type-post","status-publish","format-standard","has-post-thumbnail","hentry","category-algerie","category-sport"],"_links":{"self":[{"href":"https:\/\/linitiative.ca\/International\/wp-json\/wp\/v2\/posts\/86714","targetHints":{"allow":["GET"]}}],"collection":[{"href":"https:\/\/linitiative.ca\/International\/wp-json\/wp\/v2\/posts"}],"about":[{"href":"https:\/\/linitiative.ca\/International\/wp-json\/wp\/v2\/types\/post"}],"author":[{"embeddable":true,"href":"https:\/\/linitiative.ca\/International\/wp-json\/wp\/v2\/users\/1738"}],"replies":[{"embeddable":true,"href":"https:\/\/linitiative.ca\/International\/wp-json\/wp\/v2\/comments?post=86714"}],"version-history":[{"count":0,"href":"https:\/\/linitiative.ca\/International\/wp-json\/wp\/v2\/posts\/86714\/revisions"}],"wp:featuredmedia":[{"embeddable":true,"href":"https:\/\/linitiative.ca\/International\/wp-json\/"}],"wp:attachment":[{"href":"https:\/\/linitiative.ca\/International\/wp-json\/wp\/v2\/media?parent=86714"}],"wp:term":[{"taxonomy":"category","embeddable":true,"href":"https:\/\/linitiative.ca\/International\/wp-json\/wp\/v2\/categories?post=86714"},{"taxonomy":"post_tag","embeddable":true,"href":"https:\/\/linitiative.ca\/International\/wp-json\/wp\/v2\/tags?post=86714"}],"curies":[{"name":"wp","href":"https:\/\/api.w.org\/{rel}","templated":true}]}}