{"id":86718,"date":"2020-05-26T15:13:42","date_gmt":"2020-05-26T19:13:42","guid":{"rendered":"https:\/\/linitiative.ca\/International\/equipe-dalgerie-dussuyer-chapeau-a-belmadi-pour-le-travail-quil-a-fait-en-un-laps-de-temps\/"},"modified":"2020-05-26T15:13:42","modified_gmt":"2020-05-26T19:13:42","slug":"equipe-dalgerie-dussuyer-chapeau-a-belmadi-pour-le-travail-quil-a-fait-en-un-laps-de-temps","status":"publish","type":"post","link":"https:\/\/linitiative.ca\/International\/equipe-dalgerie-dussuyer-chapeau-a-belmadi-pour-le-travail-quil-a-fait-en-un-laps-de-temps\/","title":{"rendered":"Equipe d&rsquo;Alg\u00e9rie : Dussuyer \u00abChapeau \u00e0 Belmadi pour le travail qu\u2019il a fait en un laps de temps \u00bb"},"content":{"rendered":"<div readability=\"32\">\n<p>Auteur : <span class=\"time\">mardi 26 mai 2020 17:41<\/span><\/p>\n<\/div>\n<div id=\"post_core\" readability=\"40\">\n<p>Le s\u00e9lectionneur du B\u00e9nin, \u00a0Michel Dussuyer, a salu\u00e9 le r\u00f4le important de son coll\u00e8gue\u00a0\u00a0 Djamel Belmadi \u00e0 la t\u00eate de la barre technique\u00a0 de la s\u00e9lection nationale alg\u00e9rienne \u00a0 \u00ab\u00a0Chapeau \u00e0 Djamel (Belmadi) pour le travail qu\u2019il a fait dans un laps de temps. Djamel (Belmadi) a su apporter une dynamique \u00e0 cette \u00e9quipe-l\u00e0 et \u00eatre derri\u00e8re ses joueurs pour qu\u2019ils aient beaucoup plus d\u2019engagement et de rigueur dans leur expression\u00a0\u00bb A d\u00e9clar\u00e9 le s\u00e9lectionneur fran\u00e7ais invit\u00e9 de la plateforme AFM (Afrique Football M\u00e9dia) \u00a0\u00a0Whatsapp, ce lundi.\u00a0\u00a0 \u00a0\u00a0<\/p>\n<p><strong>Moumen A.<\/strong><\/p>\n<p><strong>Publi\u00e9 dans :<\/strong> <span>djamel belmadi<\/span><\/p>\n<\/div>\n<p>Auteur:<br \/>\n<a href=\"http:\/\/www.lebuteur.com\/article\/detail?titre=dussuyer-chapeau-a-belmadi-pour-le-travail-quil-a-fait-en-un-laps-de-temps&#038;id=96064&#038;utm_source=feedburner&#038;utm_medium=feed&#038;utm_campaign=Feed%3A+GalerieFArtciles+%28Les+derniers+articles++-+lebuteur.com%29\">Cliquez ici pour lire l&rsquo;article depuis sa source.<\/a><\/p>\n","protected":false},"excerpt":{"rendered":"<p>Auteur : mardi 26 mai 2020 17:41 Le s\u00e9lectionneur du B\u00e9nin, \u00a0Michel Dussuyer, a salu\u00e9 le r\u00f4le important de son coll\u00e8gue\u00a0\u00a0 Djamel Belmadi \u00e0 la t\u00eate de la barre technique\u00a0 de la s\u00e9lection nationale alg\u00e9rienne \u00a0 \u00ab\u00a0Chapeau \u00e0 Djamel (Belmadi) pour le travail qu\u2019il a fait dans un laps de temps. Djamel (Belmadi) a su [&hellip;]<\/p>\n","protected":false},"author":1738,"featured_media":86719,"comment_status":"closed","ping_status":"closed","sticky":false,"template":"","format":"standard","meta":{"fifu_image_url":"","fifu_image_alt":"","footnotes":""},"categories":[53,75],"tags":[],"class_list":["post-86718","post","type-post","status-publish","format-standard","has-post-thumbnail","hentry","category-algerie","category-sport"],"_links":{"self":[{"href":"https:\/\/linitiative.ca\/International\/wp-json\/wp\/v2\/posts\/86718","targetHints":{"allow":["GET"]}}],"collection":[{"href":"https:\/\/linitiative.ca\/International\/wp-json\/wp\/v2\/posts"}],"about":[{"href":"https:\/\/linitiative.ca\/International\/wp-json\/wp\/v2\/types\/post"}],"author":[{"embeddable":true,"href":"https:\/\/linitiative.ca\/International\/wp-json\/wp\/v2\/users\/1738"}],"replies":[{"embeddable":true,"href":"https:\/\/linitiative.ca\/International\/wp-json\/wp\/v2\/comments?post=86718"}],"version-history":[{"count":0,"href":"https:\/\/linitiative.ca\/International\/wp-json\/wp\/v2\/posts\/86718\/revisions"}],"wp:featuredmedia":[{"embeddable":true,"href":"https:\/\/linitiative.ca\/International\/wp-json\/"}],"wp:attachment":[{"href":"https:\/\/linitiative.ca\/International\/wp-json\/wp\/v2\/media?parent=86718"}],"wp:term":[{"taxonomy":"category","embeddable":true,"href":"https:\/\/linitiative.ca\/International\/wp-json\/wp\/v2\/categories?post=86718"},{"taxonomy":"post_tag","embeddable":true,"href":"https:\/\/linitiative.ca\/International\/wp-json\/wp\/v2\/tags?post=86718"}],"curies":[{"name":"wp","href":"https:\/\/api.w.org\/{rel}","templated":true}]}}