{"id":86730,"date":"2020-05-26T11:18:57","date_gmt":"2020-05-26T15:18:57","guid":{"rendered":"https:\/\/linitiative.ca\/International\/105432-foot-revision-des-statuts-et-reglements-les-travaux-des-sous-commissions-avancent-bien\/"},"modified":"2020-05-26T11:18:57","modified_gmt":"2020-05-26T15:18:57","slug":"105432-foot-revision-des-statuts-et-reglements-les-travaux-des-sous-commissions-avancent-bien","status":"publish","type":"post","link":"https:\/\/linitiative.ca\/International\/105432-foot-revision-des-statuts-et-reglements-les-travaux-des-sous-commissions-avancent-bien\/","title":{"rendered":"Foot\/R\u00e9vision des statuts et r\u00e8glements: les travaux des sous-commissions \u00ab\u00a0avancent bien\u00a0\u00bb"},"content":{"rendered":"<div readability=\"30.058823529412\">\n<p><strong>ALGER &#8211; Les sous-commissions relevant de la commission ad-hoc pour la r\u00e9vision de statuts et r\u00e8glements de la <em><a href=\"http:\/\/www.faf.dz\/commission-ad-hoc-faf-les-travaux-des-sous-commissions-avancent-bien\/#prettyPhoto\" target=\"_blank\" rel=\"noopener noreferrer\">F\u00e9d\u00e9ration alg\u00e9rienne de football<\/a><\/em> (FAF) ont \u00ab\u00a0bien avanc\u00e9\u00a0\u00bb dans leurs travaux, a indiqu\u00e9 mardi l&rsquo;instance f\u00e9d\u00e9rale sur son site officiel.<\/strong><\/p>\n<\/div>\n<div readability=\"78.076515880654\">\n<p>\u00ab\u00a0Par visioconf\u00e9rence ou en r\u00e9unions tenues en observant les gestes barri\u00e8res et r\u00e8gles de distanciation, les diff\u00e9rentes sous-commissions n\u2019ont pas l\u00e9sin\u00e9 sur les efforts pour accomplir leurs missions en r\u00e9ponse aux exigences de l\u2019heure et futures du football national, \u00e0 l\u2019image des statuts et du Code de discipline\u00a0\u00bb, pr\u00e9cise la FAF dans un communiqu\u00e9.<\/p>\n<blockquote readability=\"9\">\n<p><em><strong>Ce projet d&rsquo;amendement des statuts avait \u00e9t\u00e9 initi\u00e9 au lendemain de la visite des repr\u00e9sentants de la F\u00e9d\u00e9ration internationale (Fifa) en d\u00e9cembre 2019. Il fera l&rsquo;objet d\u2019une promotion aupr\u00e8s des membres de l\u2019assembl\u00e9e g\u00e9n\u00e9rale, lors de regroupements r\u00e9gionaux qui seront organis\u00e9s apr\u00e8s la crise sanitaire du Covid-19.<\/strong><\/em><\/p>\n<\/blockquote>\n<hr\/>\n<h3>Lire aussi:\u00a0<a href=\"http:\/\/www.aps.dz\/sport\/105345-foot-covid-19-reprise-de-la-competition-2019-2020-la-faf-invitee-a-une-reunion-de-travail-de-cinq-federations-africaines\" target=\"_blank\" rel=\"noopener noreferrer\">Foot-Reprise de la comp\u00e9tition: la FAF invit\u00e9e \u00e0 une r\u00e9union de travail<\/a><\/h3>\n<hr\/>\n<p>Rappelons que la FAF avait annonc\u00e9 la tenue de son assembl\u00e9e g\u00e9n\u00e9rale pour l\u2019adoption des statuts\/code \u00e9lectoral, ratification des organes juridictionnels existants et \u00e9lection des commissions \u00e9lectorales, au d\u00e9but de juin prochain. Cette date risque cependant de changer en raison de la crise sanitaire actuelle.<\/p>\n<p>Les sous-commissions chapeaut\u00e9es par le secr\u00e9taire g\u00e9n\u00e9ral adjoint de la FAF, R\u00e9da Ghezzal, sont compos\u00e9es des membres suivants:<\/p>\n<p><strong>&#8211; Sous-commission charg\u00e9e de la r\u00e9vision des statuts :<\/strong> pr\u00e9sid\u00e9e par Me Youcef Hamouda et renfermant Me Abderrahmane Zouaoui, Me Abdou Belkherroubi, Amar Bahloul, Larbi Oummamar, Abdelkrim Medouar, Ali Malek et Youcef Benmedjber.<\/p>\n<p><strong>&#8211; Sous-commission charg\u00e9e des amendements du code de discipline :<\/strong> pr\u00e9sid\u00e9e par Me Kamel Mesbah, et comprenant Mohamed Ghouti, Rachid Oukali et Khaled Goussanem.<\/p>\n<p><strong>&#8211; Sous-commission charg\u00e9e du r\u00e8glement des championnats des jeunes :<\/strong> pr\u00e9sid\u00e9e par Me Walid Laouer, et comprenant Abdallah Gueddah, Mohamed Hachemi, Chafik Ameur et Djamel Bourouba.<\/p>\n<p><strong>&#8211; Sous-commission charg\u00e9e du r\u00e8glement des footballs professionnel et amateur :<\/strong> pr\u00e9sid\u00e9e par Mourad Boussafeur, et comprenant Ahc\u00e8ne Arzour, R\u00e9da Abdouch, Noureddine Boulefat, Nacereddine Soulimane et le Dr Djamel-Eddine Damerdji.<\/p>\n<\/div>\n<p>Auteur:<br \/>\n<a href=\"http:\/\/www.aps.dz\/sport\/105432-foot-revision-des-statuts-et-reglements-les-travaux-des-sous-commissions-avancent-bien?utm_source=feedburner&#038;utm_medium=feed&#038;utm_campaign=Feed%3A+aps-sport+%28APS+-+SPORT%29\">Cliquez ici pour lire l&rsquo;article depuis sa source.<\/a><\/p>\n","protected":false},"excerpt":{"rendered":"<p>ALGER &#8211; Les sous-commissions relevant de la commission ad-hoc pour la r\u00e9vision de statuts et r\u00e8glements de la F\u00e9d\u00e9ration alg\u00e9rienne de football (FAF) ont \u00ab\u00a0bien avanc\u00e9\u00a0\u00bb dans leurs travaux, a indiqu\u00e9 mardi l&rsquo;instance f\u00e9d\u00e9rale sur son site officiel. \u00ab\u00a0Par visioconf\u00e9rence ou en r\u00e9unions tenues en observant les gestes barri\u00e8res et r\u00e8gles de distanciation, les diff\u00e9rentes [&hellip;]<\/p>\n","protected":false},"author":1790,"featured_media":0,"comment_status":"closed","ping_status":"closed","sticky":false,"template":"","format":"standard","meta":{"fifu_image_url":"","fifu_image_alt":"","footnotes":""},"categories":[53,75],"tags":[],"class_list":["post-86730","post","type-post","status-publish","format-standard","hentry","category-algerie","category-sport"],"_links":{"self":[{"href":"https:\/\/linitiative.ca\/International\/wp-json\/wp\/v2\/posts\/86730","targetHints":{"allow":["GET"]}}],"collection":[{"href":"https:\/\/linitiative.ca\/International\/wp-json\/wp\/v2\/posts"}],"about":[{"href":"https:\/\/linitiative.ca\/International\/wp-json\/wp\/v2\/types\/post"}],"author":[{"embeddable":true,"href":"https:\/\/linitiative.ca\/International\/wp-json\/wp\/v2\/users\/1790"}],"replies":[{"embeddable":true,"href":"https:\/\/linitiative.ca\/International\/wp-json\/wp\/v2\/comments?post=86730"}],"version-history":[{"count":0,"href":"https:\/\/linitiative.ca\/International\/wp-json\/wp\/v2\/posts\/86730\/revisions"}],"wp:attachment":[{"href":"https:\/\/linitiative.ca\/International\/wp-json\/wp\/v2\/media?parent=86730"}],"wp:term":[{"taxonomy":"category","embeddable":true,"href":"https:\/\/linitiative.ca\/International\/wp-json\/wp\/v2\/categories?post=86730"},{"taxonomy":"post_tag","embeddable":true,"href":"https:\/\/linitiative.ca\/International\/wp-json\/wp\/v2\/tags?post=86730"}],"curies":[{"name":"wp","href":"https:\/\/api.w.org\/{rel}","templated":true}]}}